{"id":332761,"date":"2024-07-17T12:12:57","date_gmt":"2024-07-17T15:12:57","guid":{"rendered":"https:\/\/www.notibras.com\/site\/?p=332761"},"modified":"2024-07-18T00:17:59","modified_gmt":"2024-07-18T03:17:59","slug":"profissionais-terao-acesso-a-prontuario-unificado-de-pacientes","status":"publish","type":"post","link":"https:\/\/www.notibras.com\/site\/profissionais-terao-acesso-a-prontuario-unificado-de-pacientes\/","title":{"rendered":"Profissionais ter\u00e3o acesso a prontu\u00e1rio unificado de pacientes"},"content":{"rendered":"<p>O aplicativo Meu SUS Digital, do Minist\u00e9rio da Sa\u00fade, vai permitir que profissionais da sa\u00fade possam ter acesso ao prontu\u00e1rio eletr\u00f4nico unificado, com o hist\u00f3rico de sa\u00fade dos pacientes. Os dados poder\u00e3o ser acessados durante a consulta, em qualquer ponto da rede de servi\u00e7os em todo o pa\u00eds.<\/p>\n<p>\u201cAt\u00e9 ent\u00e3o, o prontu\u00e1rio estava na unidade em que o usu\u00e1rio fazia o seu atendimento. Agora, esse prontu\u00e1rio passa a estar dispon\u00edvel em qualquer ponto da rede em todo o Brasil no contexto de atendimento. Ent\u00e3o, no momento em que esse paciente vai ser atendido, o profissional vai conseguir abrir o prontu\u00e1rio dele e ter as informa\u00e7\u00f5es. Isso garante qualidade e continuidade do cuidado\u201d, explicou a secret\u00e1ria de Informa\u00e7\u00e3o e Sa\u00fade Digital, Ana Estela Haddad.<\/p>\n<p>Tamb\u00e9m foi anunciado\u00a0 o Sum\u00e1rio Internacional do Paciente, que vai possibilitar que, em viagens internacionais, se a pessoa precisar de um atendimento de sa\u00fade, ela ter\u00e1 dispon\u00edvel no Meu SUS Digital dados b\u00e1sicos como medicamentos dos quais faz uso, alergias, entre outros, para consulta durante o atendimento.<\/p>\n<p>O compartilhamento de dados \u00e9 poss\u00edvel por meio da Rede Nacional de Dados em Sa\u00fade, que j\u00e1 conta com mais de 1,8 bilh\u00e3o de registros dispon\u00edveis. O aplicativo Meu SUS Digital \u00e9 o mais baixado na categoria sa\u00fade entre aplicativos gratuitos, com mais de 50 milh\u00f5es de download e 4,5 milh\u00f5es de usu\u00e1rios ativos.<\/p>\n<p><strong>Telessa\u00fade<\/strong><br \/>\nO Minist\u00e9rio da Sa\u00fade ainda anunciou hoje a implanta\u00e7\u00e3o do primeiro ponto de telessa\u00fade em um territ\u00f3rio quilombola, no Par\u00e1, que vai beneficiar a comunidade do Quilombo Boa Vista.<\/p>\n<p>Um ponto de telessa\u00fade tamb\u00e9m foi instalado no Complexo da Mar\u00e9, no Rio de Janeiro, com qualifica\u00e7\u00e3o de equipes e envio de equipamentos. A ideia \u00e9 que essa seja uma base para expandir a iniciativa em periferias urbanas e rurais de outras regi\u00f5es do pa\u00eds.<\/p>\n<p>A telessa\u00fade \u00e9 uma das a\u00e7\u00f5es estruturantes do SUS Digital que permite ampliar o acesso \u00e0 diagn\u00f3sticos e consultas especializadas. Nos \u00faltimos dois anos, foram realizadas 4,6 milh\u00f5es a\u00e7\u00f5es de telessa\u00fade (teleatendimento e telediagn\u00f3stico).<\/p>\n<p>Segundo o Minist\u00e9rio da Sa\u00fade, o governo federal vai oferecer incentivo de R$ 464 milh\u00f5es para realizar a\u00e7\u00f5es de transforma\u00e7\u00e3o digital em todas as regi\u00f5es do Brasil.<\/p>\n","protected":false},"excerpt":{"rendered":"<p>O aplicativo Meu SUS Digital, do Minist\u00e9rio da Sa\u00fade, vai permitir que profissionais da sa\u00fade possam ter acesso ao prontu\u00e1rio eletr\u00f4nico unificado, com o hist\u00f3rico de sa\u00fade dos pacientes. Os dados poder\u00e3o ser acessados durante a consulta, em qualquer ponto da rede de servi\u00e7os em todo o pa\u00eds. \u201cAt\u00e9 ent\u00e3o, o prontu\u00e1rio estava na unidade [&hellip;]<\/p>\n","protected":false},"author":2,"featured_media":332762,"comment_status":"closed","ping_status":"closed","sticky":false,"template":"","format":"standard","meta":{"_acf_changed":false,"footnotes":""},"categories":[161],"tags":[],"class_list":["post-332761","post","type-post","status-publish","format-standard","has-post-thumbnail","hentry","category-quadradinho-em-foco"],"acf":[],"_links":{"self":[{"href":"https:\/\/www.notibras.com\/site\/wp-json\/wp\/v2\/posts\/332761","targetHints":{"allow":["GET"]}}],"collection":[{"href":"https:\/\/www.notibras.com\/site\/wp-json\/wp\/v2\/posts"}],"about":[{"href":"https:\/\/www.notibras.com\/site\/wp-json\/wp\/v2\/types\/post"}],"author":[{"embeddable":true,"href":"https:\/\/www.notibras.com\/site\/wp-json\/wp\/v2\/users\/2"}],"replies":[{"embeddable":true,"href":"https:\/\/www.notibras.com\/site\/wp-json\/wp\/v2\/comments?post=332761"}],"version-history":[{"count":1,"href":"https:\/\/www.notibras.com\/site\/wp-json\/wp\/v2\/posts\/332761\/revisions"}],"predecessor-version":[{"id":332763,"href":"https:\/\/www.notibras.com\/site\/wp-json\/wp\/v2\/posts\/332761\/revisions\/332763"}],"wp:featuredmedia":[{"embeddable":true,"href":"https:\/\/www.notibras.com\/site\/wp-json\/wp\/v2\/media\/332762"}],"wp:attachment":[{"href":"https:\/\/www.notibras.com\/site\/wp-json\/wp\/v2\/media?parent=332761"}],"wp:term":[{"taxonomy":"category","embeddable":true,"href":"https:\/\/www.notibras.com\/site\/wp-json\/wp\/v2\/categories?post=332761"},{"taxonomy":"post_tag","embeddable":true,"href":"https:\/\/www.notibras.com\/site\/wp-json\/wp\/v2\/tags?post=332761"}],"curies":[{"name":"wp","href":"https:\/\/api.w.org\/{rel}","templated":true}]}}