{"id":332764,"date":"2024-07-17T15:22:24","date_gmt":"2024-07-17T18:22:24","guid":{"rendered":"https:\/\/www.notibras.com\/site\/?p=332764"},"modified":"2024-07-18T00:27:35","modified_gmt":"2024-07-18T03:27:35","slug":"zoo-recebe-novos-animais-e-faz-sucesso-com-a-zebra-ailin","status":"publish","type":"post","link":"https:\/\/www.notibras.com\/site\/zoo-recebe-novos-animais-e-faz-sucesso-com-a-zebra-ailin\/","title":{"rendered":"Zoo recebe novos animais e faz sucesso com a zebra Ailin"},"content":{"rendered":"<p>Bras\u00edlia tem uma nova zebrinha para embelezar a cidade. E n\u00e3o \u00e9 o \u00f4nibus vermelho com branco que os brasilienses est\u00e3o acostumados, mas sim uma zebra de verdade, branca com listras pretas (ou preta com listras brancas?). A zebra Ailin chegou ao Zool\u00f3gico na \u00faltima sexta-feira (12) e j\u00e1 pode ser visitada pela popula\u00e7\u00e3o, curiosa para conhecer o novo animal.<\/p>\n<p>Pertinho da grade, Ailin observa os visitantes curiosos. Ap\u00f3s dois anos sem um representante da esp\u00e9cie, o Zool\u00f3gico do DF voltou a abrigar um exemplar, que ganhar\u00e1 uma companheira no pr\u00f3ximo ano. Nascido em 2021, Ailin \u00e9 o macho de zebra-das-plan\u00edcies, uma esp\u00e9cie em extin\u00e7\u00e3o na natureza \u2013 o que torna a presen\u00e7a do animal ainda mais significativa para os esfor\u00e7os de conserva\u00e7\u00e3o do Zoo.<\/p>\n<p>A chegada da nova zebra \u00e9 comemorada por fam\u00edlias como a da pedagoga Rosiane de Oliveira Nolasco, 40, que trouxe o filho Renan Oliveira, de 6 anos, ao Zool\u00f3gico. \u201cPoder trazer meu filho pra ver a zebra \u00e9 um momento \u00fanico para mim. Estou muito feliz pela felicidade dele de estar vendo ela pessoalmente\u201d, comentou. Respondendo \u00e0 d\u00favida de todos que passam pelo novo animalzinho, o pequeno diz: \u201c\u00c9 bonita, parece um cavalo. Mas acho que ela \u00e9 branca com listras pretas\u201d.<\/p>\n<p>Para a irm\u00e3 de Renan, Esther Nolasco Rodrigues, 9, a sensa\u00e7\u00e3o de ver um animal de fora da fauna brasileira \u00e9 enriquecedora. \u201cEla \u00e9 linda. S\u00f3 tinha visto pelo celular, ao vivo \u00e9 muito diferente. A natureza \u00e9 muito contagiante pra mim, os animais entregam muita energia boa\u201d, refor\u00e7ou.<\/p>\n<p>O personal trainer Bruno Brito Espada, de 25 anos, tamb\u00e9m levou a fam\u00edlia para conhecer a zebra, que os dois filhos s\u00f3 haviam visto em filmes de anima\u00e7\u00e3o. \u201cOs meninos ficaram bem felizes, tanto o maiorzinho quanto o pequeno. Uma novidade assim convida as pessoas a virem mais para o zool\u00f3gico, \u00e9 uma atividade diferente, para tirar eles um pouquinho das telas e vir para esse ambiente, que \u00e9 bem familiar e interessante\u201d, destacou.<\/p>\n<p><strong>Casal de suricatos<\/strong><br \/>\nAl\u00e9m da jovem zebra, o Zool\u00f3gico de Bras\u00edlia recebeu um casal de suricatos. Os tr\u00eas novos moradores vieram diretamente do Anim\u00e1lia Park, em S\u00e3o Paulo, para encantar os visitantes e fortalecer os projetos de conserva\u00e7\u00e3o e educa\u00e7\u00e3o ambiental da institui\u00e7\u00e3o.<\/p>\n<p>\u00c9 a primeira vez que o Zoo do DF recebe um casal de suricatos. Esses animais, al\u00e9m de encantarem os visitantes com seu comportamento peculiar e social, v\u00e3o desempenhar um papel crucial na conserva\u00e7\u00e3o da esp\u00e9cie. O casal ainda est\u00e1 em fase de adapta\u00e7\u00e3o ao novo ambiente, por isso seu recinto permanecer\u00e1 fechado para visita\u00e7\u00e3o por enquanto.<\/p>\n<p>\u201cA chegada de Ailin e do casal de suricatos \u00e9 um marco para nosso zool\u00f3gico. Al\u00e9m de enriquecer a experi\u00eancia dos visitantes, esses animais s\u00e3o fundamentais para os nossos projetos de educa\u00e7\u00e3o ambiental, ajudando a conscientizar o p\u00fablico sobre a import\u00e2ncia da conserva\u00e7\u00e3o das esp\u00e9cies\u201d, declarou o diretor-presidente da Funda\u00e7\u00e3o Jardim Zool\u00f3gico de Bras\u00edlia, Wallison Couto.<\/p>\n<p>A biom\u00e9dica Caroline Silveira, 26, levou a filha de colo e o marido para que a pequena pudesse ter contato desde de cedo com os animais e entender a import\u00e2ncia do trabalho feito na unidade. \u201cEu gosto muito de animais e minha filha tem a oportunidade de conhecer, ter contato e entender o quanto eles s\u00e3o importantes para natureza e o quanto a natureza \u00e9 importante pra gente\u201d, ressaltou.<\/p>\n<p>&nbsp;<\/p>\n","protected":false},"excerpt":{"rendered":"<p>Bras\u00edlia tem uma nova zebrinha para embelezar a cidade. E n\u00e3o \u00e9 o \u00f4nibus vermelho com branco que os brasilienses est\u00e3o acostumados, mas sim uma zebra de verdade, branca com listras pretas (ou preta com listras brancas?). A zebra Ailin chegou ao Zool\u00f3gico na \u00faltima sexta-feira (12) e j\u00e1 pode ser visitada pela popula\u00e7\u00e3o, curiosa [&hellip;]<\/p>\n","protected":false},"author":2,"featured_media":332765,"comment_status":"closed","ping_status":"closed","sticky":false,"template":"","format":"standard","meta":{"_acf_changed":false,"footnotes":""},"categories":[161],"tags":[],"class_list":["post-332764","post","type-post","status-publish","format-standard","has-post-thumbnail","hentry","category-quadradinho-em-foco"],"acf":[],"_links":{"self":[{"href":"https:\/\/www.notibras.com\/site\/wp-json\/wp\/v2\/posts\/332764","targetHints":{"allow":["GET"]}}],"collection":[{"href":"https:\/\/www.notibras.com\/site\/wp-json\/wp\/v2\/posts"}],"about":[{"href":"https:\/\/www.notibras.com\/site\/wp-json\/wp\/v2\/types\/post"}],"author":[{"embeddable":true,"href":"https:\/\/www.notibras.com\/site\/wp-json\/wp\/v2\/users\/2"}],"replies":[{"embeddable":true,"href":"https:\/\/www.notibras.com\/site\/wp-json\/wp\/v2\/comments?post=332764"}],"version-history":[{"count":1,"href":"https:\/\/www.notibras.com\/site\/wp-json\/wp\/v2\/posts\/332764\/revisions"}],"predecessor-version":[{"id":332766,"href":"https:\/\/www.notibras.com\/site\/wp-json\/wp\/v2\/posts\/332764\/revisions\/332766"}],"wp:featuredmedia":[{"embeddable":true,"href":"https:\/\/www.notibras.com\/site\/wp-json\/wp\/v2\/media\/332765"}],"wp:attachment":[{"href":"https:\/\/www.notibras.com\/site\/wp-json\/wp\/v2\/media?parent=332764"}],"wp:term":[{"taxonomy":"category","embeddable":true,"href":"https:\/\/www.notibras.com\/site\/wp-json\/wp\/v2\/categories?post=332764"},{"taxonomy":"post_tag","embeddable":true,"href":"https:\/\/www.notibras.com\/site\/wp-json\/wp\/v2\/tags?post=332764"}],"curies":[{"name":"wp","href":"https:\/\/api.w.org\/{rel}","templated":true}]}}