{"id":332796,"date":"2024-07-18T14:29:02","date_gmt":"2024-07-18T17:29:02","guid":{"rendered":"https:\/\/www.notibras.com\/site\/?p=332796"},"modified":"2024-07-18T14:29:02","modified_gmt":"2024-07-18T17:29:02","slug":"samuel-reeleito-para-dirigir-comissao-de-direito-administrativo","status":"publish","type":"post","link":"https:\/\/www.notibras.com\/site\/samuel-reeleito-para-dirigir-comissao-de-direito-administrativo\/","title":{"rendered":"Samuel reeleito para dirigir Comiss\u00e3o de Direito Administrativo"},"content":{"rendered":"<p>Uma cerim\u00f4nia restrita na Casa da Advocacia do Distrito Federal marcou a recondu\u00e7\u00e3o do advogado Samuel Souza \u00e0 presid\u00eancia da Comiss\u00e3o de Direito Administrativo da OAB na capital da Rep\u00fablica. O m\u00e9rito para um segundo mandato se justifica. Afinal, Samuel Souza se destaca por uma not\u00e1vel trajet\u00f3ria e experi\u00eancia no campo jur\u00eddico.<\/p>\n<p>Com um relevante hist\u00f3rico profissional, Samuel Souza atuou como Gerente de Atendimento do Procon-DF durante quatro anos, onde desempenhou um papel crucial na prote\u00e7\u00e3o dos direitos dos consumidores. Em seguida, serviu como Assessor Parlamentar no Senado Federal por tr\u00eas anos, contribuindo significativamente para a formula\u00e7\u00e3o de pol\u00edticas p\u00fablicas.<\/p>\n<p>Sua experi\u00eancia se expandiu ainda mais com a atua\u00e7\u00e3o como Assessor no Superior Tribunal de Justi\u00e7a (STJ) durante dois anos, onde teve uma participa\u00e7\u00e3o ativa em relevantes decis\u00f5es judiciais.<\/p>\n<p>Al\u00e9m disso, Samuel Souza foi membro do Conselho de Pol\u00edtica de Assentamento Rural do Governo do Distrito Federal por dois anos, demonstrando sua versatilidade e compromisso com a justi\u00e7a social. Especialista em Direito Constitucional e Direito Administrativo, ele tamb\u00e9m est\u00e1 cursando mestrado em Direito, fortalecendo ainda mais seu conhecimento e compet\u00eancia na \u00e1rea.<\/p>\n<p>Ao ser reconduzido \u00e0 presid\u00eancia da Comiss\u00e3o de Direito Administrativo. Samuel Souza assume a responsabilidade de liderar a Ordem dos Advogados na condu\u00e7\u00e3o da CPI da Sa\u00fade do Distrito Federal, em um momento de crise pol\u00edtica e sanit\u00e1ria sem precedentes na hist\u00f3ria da regi\u00e3o.<\/p>\n<p>Em seu discurso de posse, ele reafirmou seu compromisso com a honestidade, a execu\u00e7\u00e3o da justi\u00e7a e a defesa incans\u00e1vel das causas sociais. &#8220;Vamos juntos enfrentar os desafios e trabalhar por uma sociedade mais justa e transparente&#8221;, declarou.<\/p>\n<p>Segundo advogados atuantes em Bras\u00edlia, a recondu\u00e7\u00e3o do colega Samuel Souza \u00e9 um reconhecimento de sua dedica\u00e7\u00e3o e compet\u00eancia, e uma promessa de continuidade na luta por uma administra\u00e7\u00e3o p\u00fablica mais eficiente e justa.<\/p>\n","protected":false},"excerpt":{"rendered":"<p>Uma cerim\u00f4nia restrita na Casa da Advocacia do Distrito Federal marcou a recondu\u00e7\u00e3o do advogado Samuel Souza \u00e0 presid\u00eancia da Comiss\u00e3o de Direito Administrativo da OAB na capital da Rep\u00fablica. O m\u00e9rito para um segundo mandato se justifica. Afinal, Samuel Souza se destaca por uma not\u00e1vel trajet\u00f3ria e experi\u00eancia no campo jur\u00eddico. Com um relevante [&hellip;]<\/p>\n","protected":false},"author":2,"featured_media":332797,"comment_status":"closed","ping_status":"closed","sticky":false,"template":"","format":"standard","meta":{"_acf_changed":false,"footnotes":""},"categories":[161],"tags":[],"class_list":["post-332796","post","type-post","status-publish","format-standard","has-post-thumbnail","hentry","category-quadradinho-em-foco"],"acf":[],"_links":{"self":[{"href":"https:\/\/www.notibras.com\/site\/wp-json\/wp\/v2\/posts\/332796","targetHints":{"allow":["GET"]}}],"collection":[{"href":"https:\/\/www.notibras.com\/site\/wp-json\/wp\/v2\/posts"}],"about":[{"href":"https:\/\/www.notibras.com\/site\/wp-json\/wp\/v2\/types\/post"}],"author":[{"embeddable":true,"href":"https:\/\/www.notibras.com\/site\/wp-json\/wp\/v2\/users\/2"}],"replies":[{"embeddable":true,"href":"https:\/\/www.notibras.com\/site\/wp-json\/wp\/v2\/comments?post=332796"}],"version-history":[{"count":1,"href":"https:\/\/www.notibras.com\/site\/wp-json\/wp\/v2\/posts\/332796\/revisions"}],"predecessor-version":[{"id":332798,"href":"https:\/\/www.notibras.com\/site\/wp-json\/wp\/v2\/posts\/332796\/revisions\/332798"}],"wp:featuredmedia":[{"embeddable":true,"href":"https:\/\/www.notibras.com\/site\/wp-json\/wp\/v2\/media\/332797"}],"wp:attachment":[{"href":"https:\/\/www.notibras.com\/site\/wp-json\/wp\/v2\/media?parent=332796"}],"wp:term":[{"taxonomy":"category","embeddable":true,"href":"https:\/\/www.notibras.com\/site\/wp-json\/wp\/v2\/categories?post=332796"},{"taxonomy":"post_tag","embeddable":true,"href":"https:\/\/www.notibras.com\/site\/wp-json\/wp\/v2\/tags?post=332796"}],"curies":[{"name":"wp","href":"https:\/\/api.w.org\/{rel}","templated":true}]}}