{"id":332807,"date":"2024-07-19T11:03:58","date_gmt":"2024-07-19T14:03:58","guid":{"rendered":"https:\/\/www.notibras.com\/site\/?p=332807"},"modified":"2024-07-19T11:05:36","modified_gmt":"2024-07-19T14:05:36","slug":"do-alto-de-baixo-vendo-o-mundo-no-fundo-do-prato","status":"publish","type":"post","link":"https:\/\/www.notibras.com\/site\/do-alto-de-baixo-vendo-o-mundo-no-fundo-do-prato\/","title":{"rendered":"Do alto, de baixo, vendo o mundo no fundo do prato"},"content":{"rendered":"<p>Quando menino, pensava em virar caminhoneiro que nem o Costa, amigo da fam\u00edlia. Ele costumava contar as coisas que havia vivido na estrada, da calmaria das noites escuras e dos primeiros raios de luz nas frias manh\u00e3s. Sentado no ch\u00e3o da varanda, meus olhos se fixavam naquele homem de voz rouca e barriga maior do que a do papai.<\/p>\n<p>No dia seguinte, enquanto mam\u00e3e preparava o caf\u00e9 da manh\u00e3, eu lhe contava meus planos de seguir os passos do Costa. Ela me olhava de lado, cuspia um palavr\u00e3o e procurava me desencorajar.<\/p>\n<p>\u2014 Deixa de bobice, Alfredo! E l\u00e1 criei filho pra cair no mundo? Pois voc\u00ea vai tratar de estudar e trabalhar num emprego normal que nem seu pai.<\/p>\n<p>\u00c9 verdade que estudei, mas n\u00e3o me tornei escritur\u00e1rio como meu pai, que praticamente s\u00f3 teve um emprego em toda a vida, num cart\u00f3rio perto de casa. De tanto carimbo que bateu, acabou desenvolvendo uma tendinite que o acompanhou at\u00e9 o \u00faltimo suspiro. Ironia ou n\u00e3o, mam\u00e3e ainda hoje utiliza um dos carimbos do papai como peso de papel na estante da sala.<\/p>\n<p>Engenheiro que me tornei, viajo por toda a regi\u00e3o. Quando posso, prefiro ir de carro. Creio que, de certo modo, consegui realizar meu sonho de inf\u00e2ncia. A estrada me fascina e me permite ter conversas com o meu eu interior. Al\u00e9m do mais, consigo ver lugares imposs\u00edveis de serem vistos l\u00e1 de cima, quando vou de avi\u00e3o.<\/p>\n<p>De vez em quando, coloco uma m\u00fasica, mas o sil\u00eancio me permite apreciar melhor a paisagem. Gosto de ver os cavalos soltos no pasto. Vejo mais vacas e bois. Ser\u00e1 que eles sabem que, mais cedo ou mais tarde, acabar\u00e3o num prato?<\/p>\n<p><strong>*Eduardo Mart\u00ednez \u00e9 autor do livro \u201c57 Contos e Cr\u00f4nicas por um Autor muito Velho\u201d.<\/strong><\/p>\n<p>Compre aqui\u00a0<span class=\"x19la9d6 x1fc57z9 x6ikm8r x10wlt62 x19co3pv x1g5zs5t xfibh0p xiy17q3 x1xsqp64 x1lkfr7t xexx8yu x4uap5 x18d9i69 xkhd6sd\"><span class=\"xrtxmta x1bhl96m\"><img decoding=\"async\" class=\"emoji\" role=\"img\" draggable=\"false\" src=\"https:\/\/s.w.org\/images\/core\/emoji\/14.0.0\/svg\/1f447-1f3ff.svg\" alt=\"&#x1f447;&#x1f3ff;\" \/><\/span><\/span><span class=\"x19la9d6 x1fc57z9 x6ikm8r x10wlt62 x19co3pv x1g5zs5t xfibh0p xiy17q3 x1xsqp64 x1lkfr7t xexx8yu x4uap5 x18d9i69 xkhd6sd\"><span class=\"xrtxmta x1bhl96m\"><img decoding=\"async\" class=\"emoji\" role=\"img\" draggable=\"false\" src=\"https:\/\/s.w.org\/images\/core\/emoji\/14.0.0\/svg\/1f447-1f3ff.svg\" alt=\"&#x1f447;&#x1f3ff;\" \/><\/span><\/span><span class=\"x19la9d6 x1fc57z9 x6ikm8r x10wlt62 x19co3pv x1g5zs5t xfibh0p xiy17q3 x1xsqp64 x1lkfr7t xexx8yu x4uap5 x18d9i69 xkhd6sd\"><span class=\"xrtxmta x1bhl96m\"><img decoding=\"async\" class=\"emoji\" role=\"img\" draggable=\"false\" src=\"https:\/\/s.w.org\/images\/core\/emoji\/14.0.0\/svg\/1f447-1f3ff.svg\" alt=\"&#x1f447;&#x1f3ff;\" \/><\/span><\/span><\/p>\n<p><a href=\"http:\/\/www.joanineditora.com.br\/57-contos-e-cronicas-por-um-autor-muito-velho\">http:\/\/www.joanineditora.com.br\/57-contos-e-cronicas-por-um-autor-muito-velho<\/a><\/p>\n","protected":false},"excerpt":{"rendered":"<p>Quando menino, pensava em virar caminhoneiro que nem o Costa, amigo da fam\u00edlia. Ele costumava contar as coisas que havia vivido na estrada, da calmaria das noites escuras e dos primeiros raios de luz nas frias manh\u00e3s. Sentado no ch\u00e3o da varanda, meus olhos se fixavam naquele homem de voz rouca e barriga maior do [&hellip;]<\/p>\n","protected":false},"author":2,"featured_media":332808,"comment_status":"closed","ping_status":"closed","sticky":false,"template":"","format":"standard","meta":{"_acf_changed":false,"footnotes":""},"categories":[161],"tags":[],"class_list":["post-332807","post","type-post","status-publish","format-standard","has-post-thumbnail","hentry","category-quadradinho-em-foco"],"acf":[],"_links":{"self":[{"href":"https:\/\/www.notibras.com\/site\/wp-json\/wp\/v2\/posts\/332807","targetHints":{"allow":["GET"]}}],"collection":[{"href":"https:\/\/www.notibras.com\/site\/wp-json\/wp\/v2\/posts"}],"about":[{"href":"https:\/\/www.notibras.com\/site\/wp-json\/wp\/v2\/types\/post"}],"author":[{"embeddable":true,"href":"https:\/\/www.notibras.com\/site\/wp-json\/wp\/v2\/users\/2"}],"replies":[{"embeddable":true,"href":"https:\/\/www.notibras.com\/site\/wp-json\/wp\/v2\/comments?post=332807"}],"version-history":[{"count":3,"href":"https:\/\/www.notibras.com\/site\/wp-json\/wp\/v2\/posts\/332807\/revisions"}],"predecessor-version":[{"id":332811,"href":"https:\/\/www.notibras.com\/site\/wp-json\/wp\/v2\/posts\/332807\/revisions\/332811"}],"wp:featuredmedia":[{"embeddable":true,"href":"https:\/\/www.notibras.com\/site\/wp-json\/wp\/v2\/media\/332808"}],"wp:attachment":[{"href":"https:\/\/www.notibras.com\/site\/wp-json\/wp\/v2\/media?parent=332807"}],"wp:term":[{"taxonomy":"category","embeddable":true,"href":"https:\/\/www.notibras.com\/site\/wp-json\/wp\/v2\/categories?post=332807"},{"taxonomy":"post_tag","embeddable":true,"href":"https:\/\/www.notibras.com\/site\/wp-json\/wp\/v2\/tags?post=332807"}],"curies":[{"name":"wp","href":"https:\/\/api.w.org\/{rel}","templated":true}]}}