{"id":332856,"date":"2024-07-20T08:34:16","date_gmt":"2024-07-20T11:34:16","guid":{"rendered":"https:\/\/www.notibras.com\/site\/?p=332856"},"modified":"2024-07-20T08:34:16","modified_gmt":"2024-07-20T11:34:16","slug":"prouni-tera-mais-de-240-mil-bolsas-no-segundo-semestre","status":"publish","type":"post","link":"https:\/\/www.notibras.com\/site\/prouni-tera-mais-de-240-mil-bolsas-no-segundo-semestre\/","title":{"rendered":"Prouni ter\u00e1 mais de 240 mil bolsas no segundo semestre"},"content":{"rendered":"<p>O Minist\u00e9rio da Educa\u00e7\u00e3o (MEC) ofertar\u00e1 243.850 bolsas no processo seletivo do Programa Universidade para Todos (Prouni). As inscri\u00e7\u00f5es para o segundo semestre deste ano come\u00e7am ter\u00e7a-feira (23) e v\u00e3o at\u00e9 sexta-feira (26). Desse total, 170.319 bolsas s\u00e3o integrais (100%)\u202fe 73.531, parciais (50%), e v\u00e3o ser distribu\u00eddas em distribu\u00eddas em\u202f367\u202fcursos de 901\u202finstitui\u00e7\u00f5es participantes do programa.<\/p>\n<p>Os cinco estados com o maior n\u00famero de bolsas s\u00e3o\u202fS\u00e3o Paulo, Minas Gerais,\u202fBahia, Paran\u00e1 e Amazonas. O Distrito Federal ter\u00e1 6 mil 511. Os interessados em participar do processo seletivo do Prouni j\u00e1 podem consultar\u202fos detalhes das bolsas: curso, turno, institui\u00e7\u00e3o e local de oferta. As informa\u00e7\u00f5es foram disponibilizadas pelo MEC no\u202fPortal \u00danico de Acesso ao Ensino Superior.<\/p>\n<p>O curso de administra\u00e7\u00e3o \u00e9 o que oferece o \u202fmaior n\u00famero de\u202fbolsas:\u202f9.782 integrais\u202fe 5.333\u202fparciais.\u202fNa sequ\u00eancia, v\u00eam direito, com 14.231 bolsas\u202f(6.320 integrais e 7.911 parciais);\u202fpedagogia, com 13.890\u202f(10.298 integrais e 3.592 parciais) e\u202fci\u00eancias cont\u00e1beis, com 9.599\u202f(5.643 integrais e 3.956 parciais).<\/p>\n<p>Na quarta-feira (17), foi divulgado\u202fo edital do Prouni. A divulga\u00e7\u00e3o do resultado ocorrer\u00e1 em duas chamadas: 31 de julho e 20 de agosto.<\/p>\n<p>As bolsas integrais s\u00e3o destinadas aos candidatos com renda familiar bruta mensal per capita abaixo do valor de um\u202fsal\u00e1rio m\u00ednimo e meio e as parciais, \u00e0queles com renda familiar bruta mensal per capita at\u00e9 tr\u00eas\u202fsal\u00e1rios m\u00ednimos.<\/p>\n","protected":false},"excerpt":{"rendered":"<p>O Minist\u00e9rio da Educa\u00e7\u00e3o (MEC) ofertar\u00e1 243.850 bolsas no processo seletivo do Programa Universidade para Todos (Prouni). As inscri\u00e7\u00f5es para o segundo semestre deste ano come\u00e7am ter\u00e7a-feira (23) e v\u00e3o at\u00e9 sexta-feira (26). Desse total, 170.319 bolsas s\u00e3o integrais (100%)\u202fe 73.531, parciais (50%), e v\u00e3o ser distribu\u00eddas em distribu\u00eddas em\u202f367\u202fcursos de 901\u202finstitui\u00e7\u00f5es participantes do programa. [&hellip;]<\/p>\n","protected":false},"author":2,"featured_media":332857,"comment_status":"closed","ping_status":"closed","sticky":false,"template":"","format":"standard","meta":{"_acf_changed":false,"footnotes":""},"categories":[161],"tags":[],"class_list":["post-332856","post","type-post","status-publish","format-standard","has-post-thumbnail","hentry","category-quadradinho-em-foco"],"acf":[],"_links":{"self":[{"href":"https:\/\/www.notibras.com\/site\/wp-json\/wp\/v2\/posts\/332856","targetHints":{"allow":["GET"]}}],"collection":[{"href":"https:\/\/www.notibras.com\/site\/wp-json\/wp\/v2\/posts"}],"about":[{"href":"https:\/\/www.notibras.com\/site\/wp-json\/wp\/v2\/types\/post"}],"author":[{"embeddable":true,"href":"https:\/\/www.notibras.com\/site\/wp-json\/wp\/v2\/users\/2"}],"replies":[{"embeddable":true,"href":"https:\/\/www.notibras.com\/site\/wp-json\/wp\/v2\/comments?post=332856"}],"version-history":[{"count":1,"href":"https:\/\/www.notibras.com\/site\/wp-json\/wp\/v2\/posts\/332856\/revisions"}],"predecessor-version":[{"id":332858,"href":"https:\/\/www.notibras.com\/site\/wp-json\/wp\/v2\/posts\/332856\/revisions\/332858"}],"wp:featuredmedia":[{"embeddable":true,"href":"https:\/\/www.notibras.com\/site\/wp-json\/wp\/v2\/media\/332857"}],"wp:attachment":[{"href":"https:\/\/www.notibras.com\/site\/wp-json\/wp\/v2\/media?parent=332856"}],"wp:term":[{"taxonomy":"category","embeddable":true,"href":"https:\/\/www.notibras.com\/site\/wp-json\/wp\/v2\/categories?post=332856"},{"taxonomy":"post_tag","embeddable":true,"href":"https:\/\/www.notibras.com\/site\/wp-json\/wp\/v2\/tags?post=332856"}],"curies":[{"name":"wp","href":"https:\/\/api.w.org\/{rel}","templated":true}]}}