{"id":332864,"date":"2024-07-20T00:00:09","date_gmt":"2024-07-20T03:00:09","guid":{"rendered":"https:\/\/www.notibras.com\/site\/?p=332864"},"modified":"2024-07-20T08:52:02","modified_gmt":"2024-07-20T11:52:02","slug":"comissao-especial-vai-definir-regras-para-transporte-de-pets","status":"publish","type":"post","link":"https:\/\/www.notibras.com\/site\/comissao-especial-vai-definir-regras-para-transporte-de-pets\/","title":{"rendered":"Comiss\u00e3o especial vai definir regras para transporte de pets"},"content":{"rendered":"<p>O Minist\u00e9rio de Portos e Aeroportos e a Ag\u00eancia Nacional de Avia\u00e7\u00e3o Civil (Anac) instalaram uma comiss\u00e3o sobre o transporte a\u00e9reo de pets. O colegiado deve consolidar regras mais espec\u00edficas para a presen\u00e7a de animais em voos dom\u00e9sticos e internacionais. A comiss\u00e3o tem 30 dias de prazo para apresentar a conclus\u00e3o dos trabalhos.<\/p>\n<p>A iniciativa \u00e9 um desdobramento decorrente do Caso Joca, amplamente divulgado no pa\u00eds. O c\u00e3o, da ra\u00e7a golden retriever faleceu em 22 de abril ap\u00f3s ser embarcado para um destino errado, no por\u00e3o do avi\u00e3o, onde permaneceu por v\u00e1rias horas al\u00e9m do previsto.<\/p>\n<p>Durante a cerim\u00f4nia, o ministro de Portos e Aeroportos, Silvio Costa Filho lembrou a morte do c\u00e3o e disse que ao final dos trabalhos o colegiado dever\u00e1 se debru\u00e7ar sobre um marco legal sobre o tema, que poder\u00e1 ser implementado por meio de resolu\u00e7\u00f5es, portarias e, tamb\u00e9m iniciativas de projetos de lei a serem apresentadas no Congresso Nacional.<\/p>\n<p>\u201cA gente verificou que as legisla\u00e7\u00f5es na Europa, Estados Unidos e em outros pa\u00edses t\u00eam um d\u00e9ficit real de normas que dialoguem com a agenda de prote\u00e7\u00e3o animal, de transporte a\u00e9reo, de seguran\u00e7a e o Brasil pode dar um exemplo para muitos pa\u00edses no mundo\u201d, disse o ministro, que destacou que a pasta deve trabalhar para tamb\u00e9m definir regras para o transporte mar\u00edtimo de pets.<\/p>\n<p>A comiss\u00e3o ser\u00e1 coordenada pela Anac e contar\u00e1 com a participa\u00e7\u00e3o de representantes de empresas a\u00e9reas, do Conselho Federal de Medicina Veterin\u00e1ria, da Ag\u00eancia Nacional de Vigil\u00e2ncia Sanit\u00e1ria (Anvisa), do Instituto Brasileiro do Meio Ambiente e Recursos Naturais Renov\u00e1veis (Ibama) dos minist\u00e9rios da Agricultura e Pecu\u00e1ria, da Sa\u00fade, de Direitos Humanos e da Cidadania e de Portos e Aeroportos.<\/p>\n<p>\u201cEssa legisla\u00e7\u00e3o tem que ser feita, at\u00e9 porque as companhias a\u00e9reas n\u00e3o podem agir da forma como elas agem, elas fazem o que querem com a gente\u201d, disse Jo\u00e3o Fantazzini, que era tutor de Joca e participou da cerim\u00f4nia de lan\u00e7amento da comiss\u00e3o. \u201cN\u00e3o d\u00e1 para aceitar mais isso. A forma como o Joca foi levado, foi fora da realidade, foi muito grave, foi uma crueldade muito grande e isso precisa ser mudado. Elas [as companhias a\u00e9reas] t\u00eam que seguir uma legisla\u00e7\u00e3o bem r\u00edgida de transporte de animais, at\u00e9 porque eles fazem parte da nossa fam\u00edlia\u201d, continuou.<\/p>\n<p>Uma das a\u00e7\u00f5es prevista pela comiss\u00e3o \u00e9 a an\u00e1lise das quase 3,4 mil contribui\u00e7\u00f5es encaminhadas pela sociedade durante consulta p\u00fablica instaurada pela ag\u00eancia reguladora ap\u00f3s o caso Joca. As colabora\u00e7\u00f5es, recebidas pela Anac, incluem sugest\u00f5es de m\u00e9dicos veterin\u00e1rios, entidades da sociedade civil, associa\u00e7\u00f5es, empresas a\u00e9reas e profissionais do setor de avia\u00e7\u00e3o.<\/p>\n<p>Entre as sugest\u00f5es apresentadas est\u00e3o desde o rastreamento dos animais, presen\u00e7a obrigat\u00f3ria de veterin\u00e1rios em aeroportos, transporte dos animais nas cabines das aeronaves, prioridade para os animais no embarque e desembarque, entre outras.<\/p>\n<p>O diretor-presidente da Anac, Tiago Pereira, afirmou que a constru\u00e7\u00e3o da pol\u00edtica regulat\u00f3ria vai contemplar o bem-estar dos animais. Segundo a Anac, mais de 80 mil pets s\u00e3o transportados em aeronaves no Brasil anualmente.<\/p>\n<p>\u201cA gente tem aproveitado o engajamento do Jo\u00e3o [Fantazzini] para tentar melhorar a nossa regula\u00e7\u00e3o, para tentar considerar todos os aspectos relativos ao transporte a\u00e9reo de animais, para garantir conforto, seguran\u00e7a, bem-estar para os animais e tamb\u00e9m garantir acessibilidade para quem pretende utilizar esse servi\u00e7o\u201d, frisou Pereira.<\/p>\n<p><strong>Caso Joca<\/strong><br \/>\nNo dia 22 de abril, Joca embarcou em S\u00e3o Paulo com destino a Sinop, em Mato Grosso, em uma viagem que duraria duas horas e meia. Mas, por um engano da companhia a\u00e9rea, o animal foi levado para Fortaleza. Quando o erro foi percebido, Joca foi enviado de volta a S\u00e3o Paulo. Nesse trajeto, que durou cerca de oito horas, ele n\u00e3o resistiu e morreu.<\/p>\n<p>A Pol\u00edcia Civil de Guarulhos concluiu que o cachorro Joca morreu dentro do avi\u00e3o da Gol que o transportava de Fortaleza para S\u00e3o Paulo. O caso ocorreu em abril. O animal, da ra\u00e7a golden retriever, foi v\u00edtima de um erro no transporte a\u00e9reo. O inqu\u00e9rito foi entregue \u00e0 justi\u00e7a.<\/p>\n<p>O laudo necrosc\u00f3pico constatou que as causas da morte do c\u00e3o foram estresse e desidrata\u00e7\u00e3o que provocaram problemas card\u00edacos.<\/p>\n<p>Al\u00e9m de processar a empresa a\u00e9rea Gol, respons\u00e1vel pelo transporte de Joca, pelo ocorrido, o tutor de Joca tem feito campanhas alertando as autoridades como a Anac e a Secretaria Nacional do Consumidor, para que regulamentem o transporte de animais pelas companhias a\u00e9reas.<\/p>\n<p>As contribui\u00e7\u00f5es ser\u00e3o consolidadas para constru\u00e7\u00e3o de uma politica regulat\u00f3ria para ter clareza daquilo que ser\u00e1 necess\u00e1rio para garantir seguran\u00e7a, bem-estar, mas tamb\u00e9m o acesso das pessoas ao servi\u00e7o de transporte a\u00e9reo de animais.<\/p>\n","protected":false},"excerpt":{"rendered":"<p>O Minist\u00e9rio de Portos e Aeroportos e a Ag\u00eancia Nacional de Avia\u00e7\u00e3o Civil (Anac) instalaram uma comiss\u00e3o sobre o transporte a\u00e9reo de pets. O colegiado deve consolidar regras mais espec\u00edficas para a presen\u00e7a de animais em voos dom\u00e9sticos e internacionais. A comiss\u00e3o tem 30 dias de prazo para apresentar a conclus\u00e3o dos trabalhos. A iniciativa [&hellip;]<\/p>\n","protected":false},"author":2,"featured_media":332865,"comment_status":"closed","ping_status":"closed","sticky":false,"template":"","format":"standard","meta":{"_acf_changed":false,"footnotes":""},"categories":[161],"tags":[],"class_list":["post-332864","post","type-post","status-publish","format-standard","has-post-thumbnail","hentry","category-quadradinho-em-foco"],"acf":[],"_links":{"self":[{"href":"https:\/\/www.notibras.com\/site\/wp-json\/wp\/v2\/posts\/332864","targetHints":{"allow":["GET"]}}],"collection":[{"href":"https:\/\/www.notibras.com\/site\/wp-json\/wp\/v2\/posts"}],"about":[{"href":"https:\/\/www.notibras.com\/site\/wp-json\/wp\/v2\/types\/post"}],"author":[{"embeddable":true,"href":"https:\/\/www.notibras.com\/site\/wp-json\/wp\/v2\/users\/2"}],"replies":[{"embeddable":true,"href":"https:\/\/www.notibras.com\/site\/wp-json\/wp\/v2\/comments?post=332864"}],"version-history":[{"count":1,"href":"https:\/\/www.notibras.com\/site\/wp-json\/wp\/v2\/posts\/332864\/revisions"}],"predecessor-version":[{"id":332866,"href":"https:\/\/www.notibras.com\/site\/wp-json\/wp\/v2\/posts\/332864\/revisions\/332866"}],"wp:featuredmedia":[{"embeddable":true,"href":"https:\/\/www.notibras.com\/site\/wp-json\/wp\/v2\/media\/332865"}],"wp:attachment":[{"href":"https:\/\/www.notibras.com\/site\/wp-json\/wp\/v2\/media?parent=332864"}],"wp:term":[{"taxonomy":"category","embeddable":true,"href":"https:\/\/www.notibras.com\/site\/wp-json\/wp\/v2\/categories?post=332864"},{"taxonomy":"post_tag","embeddable":true,"href":"https:\/\/www.notibras.com\/site\/wp-json\/wp\/v2\/tags?post=332864"}],"curies":[{"name":"wp","href":"https:\/\/api.w.org\/{rel}","templated":true}]}}