{"id":332934,"date":"2024-07-21T07:30:13","date_gmt":"2024-07-21T10:30:13","guid":{"rendered":"https:\/\/www.notibras.com\/site\/?p=332934"},"modified":"2024-07-21T07:30:13","modified_gmt":"2024-07-21T10:30:13","slug":"hernandez-o-flamenguista-sem-nenhuma-paciencia","status":"publish","type":"post","link":"https:\/\/www.notibras.com\/site\/hernandez-o-flamenguista-sem-nenhuma-paciencia\/","title":{"rendered":"Hern\u00e1ndez, o flamenguista sem nenhuma paci\u00eancia"},"content":{"rendered":"<p>Apesar do pouco contato que tive com o Hern\u00e1ndez, n\u00e3o mais do que alguns meses trabalhando na mesma se\u00e7\u00e3o em certa reparti\u00e7\u00e3o p\u00fablica, ainda hoje, passados quase 20 anos da minha aposentadoria, guardo na mem\u00f3ria certos momentos, quando ele nos divertia com sua completa falta de humor. Verdadeiro rabugento, mas que, no seu peculiar modo de enxergar o mundo, ainda assim, conseguia enternecer os que tiveram o privil\u00e9gio de conhec\u00ea-lo.<\/p>\n<p>Do alto daqueles quase dois metros, o meu colega n\u00e3o suportava coment\u00e1rios esdr\u00faxulos a respeito dos seus pensamentos, ainda mais se o incauto fosse torcedor de outro time que n\u00e3o o Flamengo. E nem adiantava question\u00e1-lo sobre os not\u00f3rios assaltos que alguns \u00e1rbitros promoviam a favor do seu time de cora\u00e7\u00e3o, pois ele sempre possu\u00eda uma frase de efeito: &#8220;Olha aqui, seu ser supostamente pensante, melhor um apito amigo do que um que seja inimigo!&#8221;<\/p>\n<p>Eu, que nunca fui torcedor de qualquer agremia\u00e7\u00e3o, me fiz flamenguista para agradar os impulsos futebol\u00edsticos do Hern\u00e1ndez. Por isso, tratei logo de aprender alguns fatos sobre a gloriosa&#8230; Quer dizer, j\u00e1 estava me confundindo com aquele outro time. Pois bem, estudei sobre passagens vitoriosas do Meng\u00e3o para conseguir convenc\u00ea-lo. N\u00e3o sei se consegui, mas arranquei muitas risadas do Gilmar e do Fl\u00e1vio, que completavam a equipe.<\/p>\n<p>Certa vez, durante aquelas tardes de ver\u00e3o que nem o ar condicionado consegue apaziguar a situa\u00e7\u00e3o, o Hern\u00e1ndez parecia ainda mais irritado. Qualquer coisa era motivo para resmungos, que eram jogados no ventilador e, por isso, n\u00e3o havia viva alma que conseguisse escapar dos respingos de rabugice do meu amigo. E foi o que aconteceu durante uma quarta-feira, quando iria acontecer mais um cl\u00e1ssico entre o time do Hern\u00e1ndez e o Atl\u00e9tico Mineiro.<\/p>\n<p>A Marina, mineira de Belo Horizonte e torcedora fan\u00e1tica do Galo, apareceu na nossa sala, onde o clima j\u00e1 n\u00e3o estava dos melhores. Ela at\u00e9 tentou se manter discreta, mas foi provocada pelo Gilmar, que sempre gostou de ver o circo pegar fogo.<\/p>\n<p>\u2014 E a\u00ed, Marina, parece que hoje vai ter sopa de galo no Maracan\u00e3.<\/p>\n<p>\u2014 Ih, Gilmar, isso n\u00e3o vai acontecer de novo, pois os flamenguistas n\u00e3o podem mais contar com o maior \u00eddolo da hist\u00f3ria deles.<\/p>\n<p>\u2014 O Zico?<\/p>\n<p>\u2014 N\u00e3o, o Jos\u00e9 Roberto Wright.<\/p>\n<p>Nisso, eis que eu, inocente, puro e besta, ainda fui perguntar quem era esse tal Jos\u00e9 Roberto, quando o Hern\u00e1ndez, do alto da sua not\u00f3ria falta de paci\u00eancia, balan\u00e7ou a cabe\u00e7a e mandou essa:<\/p>\n<p>\u2014 Sou uma ilha cercada de mentecaptos!<\/p>\n<p><strong>*Eduardo Mart\u00ednez \u00e9 autor do livro \u201c57 Contos e Cr\u00f4nicas por um Autor muito Velho\u201d.<\/strong><\/p>\n<p>Compre aqui\u00a0<span class=\"x19la9d6 x1fc57z9 x6ikm8r x10wlt62 x19co3pv x1g5zs5t xfibh0p xiy17q3 x1xsqp64 x1lkfr7t xexx8yu x4uap5 x18d9i69 xkhd6sd\"><span class=\"xrtxmta x1bhl96m\"><img decoding=\"async\" class=\"emoji\" role=\"img\" draggable=\"false\" src=\"https:\/\/s.w.org\/images\/core\/emoji\/14.0.0\/svg\/1f447-1f3ff.svg\" alt=\"&#x1f447;&#x1f3ff;\" \/><\/span><\/span><span class=\"x19la9d6 x1fc57z9 x6ikm8r x10wlt62 x19co3pv x1g5zs5t xfibh0p xiy17q3 x1xsqp64 x1lkfr7t xexx8yu x4uap5 x18d9i69 xkhd6sd\"><span class=\"xrtxmta x1bhl96m\"><img decoding=\"async\" class=\"emoji\" role=\"img\" draggable=\"false\" src=\"https:\/\/s.w.org\/images\/core\/emoji\/14.0.0\/svg\/1f447-1f3ff.svg\" alt=\"&#x1f447;&#x1f3ff;\" \/><\/span><\/span><span class=\"x19la9d6 x1fc57z9 x6ikm8r x10wlt62 x19co3pv x1g5zs5t xfibh0p xiy17q3 x1xsqp64 x1lkfr7t xexx8yu x4uap5 x18d9i69 xkhd6sd\"><span class=\"xrtxmta x1bhl96m\"><img decoding=\"async\" class=\"emoji\" role=\"img\" draggable=\"false\" src=\"https:\/\/s.w.org\/images\/core\/emoji\/14.0.0\/svg\/1f447-1f3ff.svg\" alt=\"&#x1f447;&#x1f3ff;\" \/><\/span><\/span><\/p>\n<p><a href=\"http:\/\/www.joanineditora.com.br\/57-contos-e-cronicas-por-um-autor-muito-velho\">http:\/\/www.joanineditora.com.br\/57-contos-e-cronicas-por-um-autor-muito-velho<\/a><\/p>\n","protected":false},"excerpt":{"rendered":"<p>Apesar do pouco contato que tive com o Hern\u00e1ndez, n\u00e3o mais do que alguns meses trabalhando na mesma se\u00e7\u00e3o em certa reparti\u00e7\u00e3o p\u00fablica, ainda hoje, passados quase 20 anos da minha aposentadoria, guardo na mem\u00f3ria certos momentos, quando ele nos divertia com sua completa falta de humor. Verdadeiro rabugento, mas que, no seu peculiar modo [&hellip;]<\/p>\n","protected":false},"author":2,"featured_media":332935,"comment_status":"closed","ping_status":"closed","sticky":false,"template":"","format":"standard","meta":{"_acf_changed":false,"footnotes":""},"categories":[161],"tags":[],"class_list":["post-332934","post","type-post","status-publish","format-standard","has-post-thumbnail","hentry","category-quadradinho-em-foco"],"acf":[],"_links":{"self":[{"href":"https:\/\/www.notibras.com\/site\/wp-json\/wp\/v2\/posts\/332934","targetHints":{"allow":["GET"]}}],"collection":[{"href":"https:\/\/www.notibras.com\/site\/wp-json\/wp\/v2\/posts"}],"about":[{"href":"https:\/\/www.notibras.com\/site\/wp-json\/wp\/v2\/types\/post"}],"author":[{"embeddable":true,"href":"https:\/\/www.notibras.com\/site\/wp-json\/wp\/v2\/users\/2"}],"replies":[{"embeddable":true,"href":"https:\/\/www.notibras.com\/site\/wp-json\/wp\/v2\/comments?post=332934"}],"version-history":[{"count":1,"href":"https:\/\/www.notibras.com\/site\/wp-json\/wp\/v2\/posts\/332934\/revisions"}],"predecessor-version":[{"id":332936,"href":"https:\/\/www.notibras.com\/site\/wp-json\/wp\/v2\/posts\/332934\/revisions\/332936"}],"wp:featuredmedia":[{"embeddable":true,"href":"https:\/\/www.notibras.com\/site\/wp-json\/wp\/v2\/media\/332935"}],"wp:attachment":[{"href":"https:\/\/www.notibras.com\/site\/wp-json\/wp\/v2\/media?parent=332934"}],"wp:term":[{"taxonomy":"category","embeddable":true,"href":"https:\/\/www.notibras.com\/site\/wp-json\/wp\/v2\/categories?post=332934"},{"taxonomy":"post_tag","embeddable":true,"href":"https:\/\/www.notibras.com\/site\/wp-json\/wp\/v2\/tags?post=332934"}],"curies":[{"name":"wp","href":"https:\/\/api.w.org\/{rel}","templated":true}]}}