{"id":332937,"date":"2024-07-21T06:39:04","date_gmt":"2024-07-21T09:39:04","guid":{"rendered":"https:\/\/www.notibras.com\/site\/?p=332937"},"modified":"2024-07-21T07:40:40","modified_gmt":"2024-07-21T10:40:40","slug":"ultima-parcela-do-ipva-comeca-a-vencer-esta-semana","status":"publish","type":"post","link":"https:\/\/www.notibras.com\/site\/ultima-parcela-do-ipva-comeca-a-vencer-esta-semana\/","title":{"rendered":"\u00daltima parcela do IPVA come\u00e7a a vencer esta semana"},"content":{"rendered":"<p>Aten\u00e7\u00e3o, motoristas. A sexta e \u00faltima parcela do Imposto sobre a Propriedade de Ve\u00edculos Automotores (IPVA) de 2024 est\u00e1 perto de vencer. Os contribuintes t\u00eam entre os dias 22 e 26 deste m\u00eas para estar em dia com a Receita do Distrito Federal. A data varia conforme o final da placa do ve\u00edculo. A emiss\u00e3o do boleto pode ser feita pelo site da Receita do DF ou por meio do aplicativo Economia DF.<\/p>\n<p>Para as placas com final 1 ou 2, o prazo \u00e9 a pr\u00f3xima segunda-feira (22). Para as de final 3 ou 4, o limite \u00e9 a ter\u00e7a-feira (23). No caso de 5 ou 6, o pagamento deve ser feito at\u00e9 quarta-feira (24), enquanto propriet\u00e1rios de carros com placas finalizadas em 7 ou 8 podem pagar at\u00e9 a quinta-feira (25). J\u00e1 sexta (26) \u00e9 dia de quem tem carro com placa finalizada em 9 ou 0. O calend\u00e1rio de pagamento foi publicado pela portaria n\u00ba 337, de 14 de novembro de 2023.<\/p>\n<p>\u201cAp\u00f3s o vencimento, a equipe da Receita do DF envia um e-mail para o contribuinte informando que o IPVA est\u00e1 vencido e solicita que ele efetue o pagamento no site da receita ou no aplicativo da Secretaria de Economia; l\u00e1, ele consegue imprimir o boleto atualizado\u201d, detalha o subsecret\u00e1rio da Receita, Anderson Borges Roepke.<\/p>\n<p><strong>Arrecada\u00e7\u00e3o<\/strong><br \/>\nO IPVA de 2024 come\u00e7ou a ser pago em fevereiro. At\u00e9 o dia 12 deste m\u00eas, foram pagos R$ 1.288.881.769,58, valor 6,02 % maior do que o cobrado no mesmo per\u00edodo do ano passado. A estimativa \u00e9 de arrecadar R$ 1,7 bilh\u00e3o ao fim da \u00faltima parcela do imposto. O dinheiro \u00e9 investido em \u00e1reas como educa\u00e7\u00e3o, sa\u00fade, seguran\u00e7a e infraestrutura.<\/p>\n<p>\u201cO motorista que estiver em dia com o IPVA e com o licenciamento garante o direito de rodar pelas vias do DF sem estar sujeito a apreens\u00e3o do ve\u00edculo por meio de blitzes e fiscaliza\u00e7\u00f5es\u201d, lembra o subsecret\u00e1rio.<\/p>\n<p>O imposto \u00e9 anual e obrigat\u00f3rio. Atrasos no pagamento tamb\u00e9m podem levar \u00e0 cobran\u00e7a de juros e multas, bem como \u00e0 inclus\u00e3o do nome do devedor na D\u00edvida Ativa do DF.<\/p>\n","protected":false},"excerpt":{"rendered":"<p>Aten\u00e7\u00e3o, motoristas. A sexta e \u00faltima parcela do Imposto sobre a Propriedade de Ve\u00edculos Automotores (IPVA) de 2024 est\u00e1 perto de vencer. Os contribuintes t\u00eam entre os dias 22 e 26 deste m\u00eas para estar em dia com a Receita do Distrito Federal. A data varia conforme o final da placa do ve\u00edculo. A emiss\u00e3o [&hellip;]<\/p>\n","protected":false},"author":2,"featured_media":332938,"comment_status":"closed","ping_status":"closed","sticky":false,"template":"","format":"standard","meta":{"_acf_changed":false,"footnotes":""},"categories":[161],"tags":[],"class_list":["post-332937","post","type-post","status-publish","format-standard","has-post-thumbnail","hentry","category-quadradinho-em-foco"],"acf":[],"_links":{"self":[{"href":"https:\/\/www.notibras.com\/site\/wp-json\/wp\/v2\/posts\/332937","targetHints":{"allow":["GET"]}}],"collection":[{"href":"https:\/\/www.notibras.com\/site\/wp-json\/wp\/v2\/posts"}],"about":[{"href":"https:\/\/www.notibras.com\/site\/wp-json\/wp\/v2\/types\/post"}],"author":[{"embeddable":true,"href":"https:\/\/www.notibras.com\/site\/wp-json\/wp\/v2\/users\/2"}],"replies":[{"embeddable":true,"href":"https:\/\/www.notibras.com\/site\/wp-json\/wp\/v2\/comments?post=332937"}],"version-history":[{"count":1,"href":"https:\/\/www.notibras.com\/site\/wp-json\/wp\/v2\/posts\/332937\/revisions"}],"predecessor-version":[{"id":332939,"href":"https:\/\/www.notibras.com\/site\/wp-json\/wp\/v2\/posts\/332937\/revisions\/332939"}],"wp:featuredmedia":[{"embeddable":true,"href":"https:\/\/www.notibras.com\/site\/wp-json\/wp\/v2\/media\/332938"}],"wp:attachment":[{"href":"https:\/\/www.notibras.com\/site\/wp-json\/wp\/v2\/media?parent=332937"}],"wp:term":[{"taxonomy":"category","embeddable":true,"href":"https:\/\/www.notibras.com\/site\/wp-json\/wp\/v2\/categories?post=332937"},{"taxonomy":"post_tag","embeddable":true,"href":"https:\/\/www.notibras.com\/site\/wp-json\/wp\/v2\/tags?post=332937"}],"curies":[{"name":"wp","href":"https:\/\/api.w.org\/{rel}","templated":true}]}}