{"id":332940,"date":"2024-07-21T00:45:52","date_gmt":"2024-07-21T03:45:52","guid":{"rendered":"https:\/\/www.notibras.com\/site\/?p=332940"},"modified":"2024-07-21T07:47:29","modified_gmt":"2024-07-21T10:47:29","slug":"temporada-de-floracao-dos-ipes-amarelos-muda-cenario-da-cidade","status":"publish","type":"post","link":"https:\/\/www.notibras.com\/site\/temporada-de-floracao-dos-ipes-amarelos-muda-cenario-da-cidade\/","title":{"rendered":"Temporada de flora\u00e7\u00e3o dos ip\u00eas-amarelos muda cen\u00e1rio da cidade"},"content":{"rendered":"<p>No Distrito Federal, quanto mais o tempo estiver seco, mais bonita fica a cidade. Pelo menos no quesito de uma esp\u00e9cie bem especial. \u00c9 que quanto mais durar a estiagem, maior o tempo de flora\u00e7\u00e3o dos ip\u00eas, \u00e1rvores s\u00edmbolo do Quadradinho. Agora, chegou a hora dos amarelos, que, junto aos roxos, conferem uma colora\u00e7\u00e3o de encher os olhos por toda parte.<\/p>\n<p>Por aqui, s\u00e3o tr\u00eas esp\u00e9cies de ip\u00eas-amarelos cultivadas pela Companhia Urbanizadora da Nova Capital (Novacap): o ip\u00ea-amarelo-felpudo, tamb\u00e9m conhecido como peludo, o ip\u00ea-cara\u00edba e o ip\u00ea-de-petr\u00f3polis.<\/p>\n<p>Os tr\u00eas possuem diferen\u00e7as nas folhas e no caule, al\u00e9m de alguma varia\u00e7\u00e3o nos tons no amarelo das flores. Somadas, as \u00e1rvores j\u00e1 floridas, at\u00e9 o final do ano, podemos esperar uma explos\u00e3o de cores. Isso porque, entre junho e agosto, desabrocham os ip\u00eas-roxos. De julho a setembro, \u00e9 a vez dos amarelos e, entre agosto e setembro, entram em cena o rosa e o branco. Seja qual for a cor, o brasiliense tem motivos de sobra para, entre esses meses, ir \u00e0s ruas apreciar os ip\u00eas e registr\u00e1-los em fotografias e na mem\u00f3ria.<\/p>\n<p>O chefe do Departamento de Parques e Jardins da Novacap, Raimundo Silva, observa que os amarelos est\u00e3o entre os ip\u00eas que se adaptam da melhor forma ao clima do Cerrado. \u201cEles se comportam bem, o que pode ser observado pelo crescimento e florescimento mais r\u00e1pidos. Alguns [exemplares] plantados h\u00e1 tr\u00eas anos j\u00e1 apresentam flores\u201d, destaca Silva.<\/p>\n<p>As \u00e1rvores que fazem parte do cart\u00e3o-postal do brasiliense s\u00e3o tombadas como Patrim\u00f4nio Ecol\u00f3gico do Distrito Federal, e o seu cultivo n\u00e3o para. Das 100 mil \u00e1rvores que ser\u00e3o plantadas pela Novacap at\u00e9 o final deste ano, 40 mil s\u00e3o ip\u00eas \u2013 desses, 20 mil amarelos e os demais. divididos entre outros tipos da esp\u00e9cie. A meta do Governo do Distrito Federal (GDF) \u00e9 chegar a 1 milh\u00e3o de \u00e1rvores em todo o Quadradinho. Atualmente, s\u00e3o cerca de 270 mil em todo o DF.<\/p>\n<p>Al\u00e9m dos ip\u00eas, ser\u00e3o plantadas outras 30 esp\u00e9cies, como imba\u00faba, barbatim\u00e3o, angico e aroeira, nativas do Cerrado, e outras oriundas de biomas diversos que se adaptam muito bem \u00e0s condi\u00e7\u00f5es do DF.<\/p>\n<p>Mais que deixar a cidade bonita, a Novacap trabalha para que a fauna tenha sempre alimentos dispon\u00edveis. Por isso, muitas esp\u00e9cies frut\u00edferas t\u00eam cultivo cont\u00ednuo, como amoreiras, abacateiros e goiabeiras. \u201cTemos o cuidado de fazer uma composi\u00e7\u00e3o mista para a nossa floresta urbana que tanto nos enche de orgulho\u201d, destaca Silva.<\/p>\n<p>Para garantir essa diversidade, a companhia adquire sementes e mudas em um raio de 400 quil\u00f4metros de dist\u00e2ncia do DF, em estados como Goi\u00e1s, Tocantins e Minas Gerais. \u201cS\u00e3o plantas que n\u00e3o apresentam nenhum tipo de praga ou pat\u00f3geno\u201d, explica o chefe do Departamento de Jardins da Novacap. Qualquer plantio em \u00e1rea p\u00fablica s\u00f3 pode ser feito pela Novacap. Em caso de d\u00favidas, basta entrar em contato pelo telefone 162.<\/p>\n","protected":false},"excerpt":{"rendered":"<p>No Distrito Federal, quanto mais o tempo estiver seco, mais bonita fica a cidade. Pelo menos no quesito de uma esp\u00e9cie bem especial. \u00c9 que quanto mais durar a estiagem, maior o tempo de flora\u00e7\u00e3o dos ip\u00eas, \u00e1rvores s\u00edmbolo do Quadradinho. Agora, chegou a hora dos amarelos, que, junto aos roxos, conferem uma colora\u00e7\u00e3o de [&hellip;]<\/p>\n","protected":false},"author":2,"featured_media":332941,"comment_status":"closed","ping_status":"closed","sticky":false,"template":"","format":"standard","meta":{"_acf_changed":false,"footnotes":""},"categories":[161],"tags":[],"class_list":["post-332940","post","type-post","status-publish","format-standard","has-post-thumbnail","hentry","category-quadradinho-em-foco"],"acf":[],"_links":{"self":[{"href":"https:\/\/www.notibras.com\/site\/wp-json\/wp\/v2\/posts\/332940","targetHints":{"allow":["GET"]}}],"collection":[{"href":"https:\/\/www.notibras.com\/site\/wp-json\/wp\/v2\/posts"}],"about":[{"href":"https:\/\/www.notibras.com\/site\/wp-json\/wp\/v2\/types\/post"}],"author":[{"embeddable":true,"href":"https:\/\/www.notibras.com\/site\/wp-json\/wp\/v2\/users\/2"}],"replies":[{"embeddable":true,"href":"https:\/\/www.notibras.com\/site\/wp-json\/wp\/v2\/comments?post=332940"}],"version-history":[{"count":1,"href":"https:\/\/www.notibras.com\/site\/wp-json\/wp\/v2\/posts\/332940\/revisions"}],"predecessor-version":[{"id":332942,"href":"https:\/\/www.notibras.com\/site\/wp-json\/wp\/v2\/posts\/332940\/revisions\/332942"}],"wp:featuredmedia":[{"embeddable":true,"href":"https:\/\/www.notibras.com\/site\/wp-json\/wp\/v2\/media\/332941"}],"wp:attachment":[{"href":"https:\/\/www.notibras.com\/site\/wp-json\/wp\/v2\/media?parent=332940"}],"wp:term":[{"taxonomy":"category","embeddable":true,"href":"https:\/\/www.notibras.com\/site\/wp-json\/wp\/v2\/categories?post=332940"},{"taxonomy":"post_tag","embeddable":true,"href":"https:\/\/www.notibras.com\/site\/wp-json\/wp\/v2\/tags?post=332940"}],"curies":[{"name":"wp","href":"https:\/\/api.w.org\/{rel}","templated":true}]}}