{"id":33295,"date":"2015-01-08T00:23:30","date_gmt":"2015-01-08T03:23:30","guid":{"rendered":"http:\/\/www.notibras.com\/site\/?p=33295"},"modified":"2015-01-08T09:12:59","modified_gmt":"2015-01-08T12:12:59","slug":"deficit-de-energia-liga-sinal-vermelho-e-racionamento-entra-em-pauta","status":"publish","type":"post","link":"https:\/\/www.notibras.com\/site\/deficit-de-energia-liga-sinal-vermelho-e-racionamento-entra-em-pauta\/","title":{"rendered":"D\u00e9ficit de energia aumenta o risco de racionamento"},"content":{"rendered":"<div class=\"content\">\n<p>O risco de haver d\u00e9ficit de energia este ano nas regi\u00f5es Sudeste e Centro-Oeste subiu dos 4,2% registrados em dezembro para 4,9% neste m\u00eas, informou nesta quinta (7) o Comit\u00ea de Monitoramento do Setor El\u00e9trico (CMSE). Na Regi\u00e3o Nordeste, o risco, que estava em 0,3%, passou para 1,2%. De acordo com o comit\u00ea, a carga prevista para 2015 \u00e9 de 67.260 megawatts (MW) m\u00e9dios de energia.<\/p>\n<p>Em dezembro, a chuva ficou acima do normal na Regi\u00e3o Sul, exceto no oeste e sul do Paran\u00e1. J\u00e1 na maior parte do pa\u00eds \u2013 em especial nas regi\u00f5es Sudeste, Centro-Oeste e Norte \u2013 as chuvas ficaram abaixo da m\u00e9dia hist\u00f3rica. No Nordeste, as precipita\u00e7\u00f5es tamb\u00e9m foram deficit\u00e1rias, mas em valores mais pr\u00f3ximos \u00e0 m\u00e9dia hist\u00f3rica.<\/p>\n<blockquote><p>Apesar da chuva abaixo da m\u00e9dia na maior parte do pa\u00eds, o comit\u00ea informou, por meio de nota, que o sistema el\u00e9trico encontra-se \u201cestruturalmente equilibrado&#8221;, devido \u00e0 capacidade de gera\u00e7\u00e3o e transmiss\u00e3o instalada no pa\u00eds, que continua sendo ampliada com a entrada em opera\u00e7\u00e3o de usinas, linhas e subesta\u00e7\u00f5es.<\/p><\/blockquote>\n<p>Apesar de, na avalia\u00e7\u00e3o do CMSE, o sistema apresentar \u201cequil\u00edbrio estrutural\u201d, \u00e9 considerada a possibilidade de \u201ca\u00e7\u00f5es conjunturais espec\u00edficas\u201d, caso necess\u00e1rias \u2013 medidas que, em tese, podem ser desde o acionamento de t\u00e9rmicas, at\u00e9 determina\u00e7\u00f5es para altera\u00e7\u00f5es no n\u00edvel dos reservat\u00f3rios, ou mesmo racionamento de energia.<\/p>\n<p>Ainda segundo a nota, o Sistema Interligado Nacional tem condi\u00e7\u00f5es para abastecer o pa\u00eds em 2015, embora as principais bacias hidrogr\u00e1ficas onde se situam os reservat\u00f3rios das regi\u00f5es Sudeste\/Centro-Oeste e Nordeste tenham enfrentado situa\u00e7\u00e3o clim\u00e1tica desfavor\u00e1vel no per\u00edodo \u00famido do ano anterior.<\/p>\n<header>\n<div class=\"node-info\"><strong>Pedro Peduzzi, ABr<\/strong><strong><br \/>\n<\/strong><\/div>\n<\/header>\n<\/div>\n","protected":false},"excerpt":{"rendered":"<p>O risco de haver d\u00e9ficit de energia este ano nas regi\u00f5es Sudeste e Centro-Oeste subiu dos 4,2% registrados em dezembro para 4,9% neste m\u00eas, informou nesta quinta (7) o Comit\u00ea de Monitoramento do Setor El\u00e9trico (CMSE). Na Regi\u00e3o Nordeste, o risco, que estava em 0,3%, passou para 1,2%. De acordo com o comit\u00ea, a carga [&hellip;]<\/p>\n","protected":false},"author":2,"featured_media":33324,"comment_status":"open","ping_status":"closed","sticky":false,"template":"","format":"standard","meta":{"_acf_changed":false,"footnotes":""},"categories":[16],"tags":[],"class_list":["post-33295","post","type-post","status-publish","format-standard","has-post-thumbnail","hentry","category-brasil"],"acf":[],"yoast_head":"<!-- This site is optimized with the Yoast SEO plugin v27.2 - https:\/\/yoast.com\/product\/yoast-seo-wordpress\/ -->\n<title>D\u00e9ficit de energia aumenta o risco de racionamento - Notibras<\/title>\n<meta name=\"robots\" content=\"index, follow, max-snippet:-1, max-image-preview:large, max-video-preview:-1\" \/>\n<link rel=\"canonical\" href=\"https:\/\/www.notibras.com\/site\/deficit-de-energia-liga-sinal-vermelho-e-racionamento-entra-em-pauta\/\" \/>\n<meta property=\"og:locale\" content=\"pt_BR\" \/>\n<meta property=\"og:type\" content=\"article\" \/>\n<meta property=\"og:title\" content=\"D\u00e9ficit de energia aumenta o risco de racionamento - Notibras\" \/>\n<meta property=\"og:description\" content=\"O risco de haver d\u00e9ficit de energia este ano nas regi\u00f5es Sudeste e Centro-Oeste subiu dos 4,2% registrados em dezembro para 4,9% neste m\u00eas, informou nesta quinta (7) o Comit\u00ea de Monitoramento do Setor El\u00e9trico (CMSE). Na Regi\u00e3o Nordeste, o risco, que estava em 0,3%, passou para 1,2%. De acordo com o comit\u00ea, a carga [&hellip;]\" \/>\n<meta property=\"og:url\" content=\"https:\/\/www.notibras.com\/site\/deficit-de-energia-liga-sinal-vermelho-e-racionamento-entra-em-pauta\/\" \/>\n<meta property=\"og:site_name\" content=\"Notibras\" \/>\n<meta property=\"article:publisher\" content=\"https:\/\/www.facebook.com\/notibras\/\" \/>\n<meta property=\"article:published_time\" content=\"2015-01-08T03:23:30+00:00\" \/>\n<meta property=\"article:modified_time\" content=\"2015-01-08T12:12:59+00:00\" \/>\n<meta property=\"og:image\" content=\"https:\/\/www.notibras.com\/site\/wp-content\/uploads\/2015\/01\/Sem-t\u00edtulo-126.jpg\" \/>\n\t<meta property=\"og:image:width\" content=\"350\" \/>\n\t<meta property=\"og:image:height\" content=\"221\" \/>\n\t<meta property=\"og:image:type\" content=\"image\/jpeg\" \/>\n<meta name=\"author\" content=\"Reda\u00e7\u00e3o\" \/>\n<meta name=\"twitter:card\" content=\"summary_large_image\" \/>\n<meta name=\"twitter:creator\" content=\"@Notibras\" \/>\n<meta name=\"twitter:site\" content=\"@Notibras\" \/>\n<meta name=\"twitter:label1\" content=\"Escrito por\" \/>\n\t<meta name=\"twitter:data1\" content=\"Reda\u00e7\u00e3o\" \/>\n\t<meta name=\"twitter:label2\" content=\"Est. tempo de leitura\" \/>\n\t<meta name=\"twitter:data2\" content=\"1 minuto\" \/>\n<script type=\"application\/ld+json\" class=\"yoast-schema-graph\">{\"@context\":\"https:\/\/schema.org\",\"@graph\":[{\"@type\":\"Article\",\"@id\":\"https:\/\/www.notibras.com\/site\/deficit-de-energia-liga-sinal-vermelho-e-racionamento-entra-em-pauta\/#article\",\"isPartOf\":{\"@id\":\"https:\/\/www.notibras.com\/site\/deficit-de-energia-liga-sinal-vermelho-e-racionamento-entra-em-pauta\/\"},\"author\":{\"name\":\"Reda\u00e7\u00e3o\",\"@id\":\"https:\/\/www.notibras.com\/site\/#\/schema\/person\/36ab0979449956132d3e5b517ea76ac8\"},\"headline\":\"D\u00e9ficit de energia aumenta o risco de racionamento\",\"datePublished\":\"2015-01-08T03:23:30+00:00\",\"dateModified\":\"2015-01-08T12:12:59+00:00\",\"mainEntityOfPage\":{\"@id\":\"https:\/\/www.notibras.com\/site\/deficit-de-energia-liga-sinal-vermelho-e-racionamento-entra-em-pauta\/\"},\"wordCount\":301,\"commentCount\":0,\"publisher\":{\"@id\":\"https:\/\/www.notibras.com\/site\/#organization\"},\"image\":{\"@id\":\"https:\/\/www.notibras.com\/site\/deficit-de-energia-liga-sinal-vermelho-e-racionamento-entra-em-pauta\/#primaryimage\"},\"thumbnailUrl\":\"https:\/\/www.notibras.com\/site\/wp-content\/uploads\/2015\/01\/Sem-t\u00edtulo-126.jpg\",\"articleSection\":[\"Brasil\"],\"inLanguage\":\"pt-BR\",\"potentialAction\":[{\"@type\":\"CommentAction\",\"name\":\"Comment\",\"target\":[\"https:\/\/www.notibras.com\/site\/deficit-de-energia-liga-sinal-vermelho-e-racionamento-entra-em-pauta\/#respond\"]}]},{\"@type\":\"WebPage\",\"@id\":\"https:\/\/www.notibras.com\/site\/deficit-de-energia-liga-sinal-vermelho-e-racionamento-entra-em-pauta\/\",\"url\":\"https:\/\/www.notibras.com\/site\/deficit-de-energia-liga-sinal-vermelho-e-racionamento-entra-em-pauta\/\",\"name\":\"D\u00e9ficit de energia aumenta o risco de racionamento - Notibras\",\"isPartOf\":{\"@id\":\"https:\/\/www.notibras.com\/site\/#website\"},\"primaryImageOfPage\":{\"@id\":\"https:\/\/www.notibras.com\/site\/deficit-de-energia-liga-sinal-vermelho-e-racionamento-entra-em-pauta\/#primaryimage\"},\"image\":{\"@id\":\"https:\/\/www.notibras.com\/site\/deficit-de-energia-liga-sinal-vermelho-e-racionamento-entra-em-pauta\/#primaryimage\"},\"thumbnailUrl\":\"https:\/\/www.notibras.com\/site\/wp-content\/uploads\/2015\/01\/Sem-t\u00edtulo-126.jpg\",\"datePublished\":\"2015-01-08T03:23:30+00:00\",\"dateModified\":\"2015-01-08T12:12:59+00:00\",\"breadcrumb\":{\"@id\":\"https:\/\/www.notibras.com\/site\/deficit-de-energia-liga-sinal-vermelho-e-racionamento-entra-em-pauta\/#breadcrumb\"},\"inLanguage\":\"pt-BR\",\"potentialAction\":[{\"@type\":\"ReadAction\",\"target\":[\"https:\/\/www.notibras.com\/site\/deficit-de-energia-liga-sinal-vermelho-e-racionamento-entra-em-pauta\/\"]}]},{\"@type\":\"ImageObject\",\"inLanguage\":\"pt-BR\",\"@id\":\"https:\/\/www.notibras.com\/site\/deficit-de-energia-liga-sinal-vermelho-e-racionamento-entra-em-pauta\/#primaryimage\",\"url\":\"https:\/\/www.notibras.com\/site\/wp-content\/uploads\/2015\/01\/Sem-t\u00edtulo-126.jpg\",\"contentUrl\":\"https:\/\/www.notibras.com\/site\/wp-content\/uploads\/2015\/01\/Sem-t\u00edtulo-126.jpg\",\"width\":350,\"height\":221},{\"@type\":\"BreadcrumbList\",\"@id\":\"https:\/\/www.notibras.com\/site\/deficit-de-energia-liga-sinal-vermelho-e-racionamento-entra-em-pauta\/#breadcrumb\",\"itemListElement\":[{\"@type\":\"ListItem\",\"position\":1,\"name\":\"In\u00edcio\",\"item\":\"https:\/\/www.notibras.com\/site\/\"},{\"@type\":\"ListItem\",\"position\":2,\"name\":\"D\u00e9ficit de energia aumenta o risco de racionamento\"}]},{\"@type\":\"WebSite\",\"@id\":\"https:\/\/www.notibras.com\/site\/#website\",\"url\":\"https:\/\/www.notibras.com\/site\/\",\"name\":\"Notibras\",\"description\":\"Not\u00edcias de Bras\u00edlia, do Brasil e do Mundo\",\"publisher\":{\"@id\":\"https:\/\/www.notibras.com\/site\/#organization\"},\"potentialAction\":[{\"@type\":\"SearchAction\",\"target\":{\"@type\":\"EntryPoint\",\"urlTemplate\":\"https:\/\/www.notibras.com\/site\/?s={search_term_string}\"},\"query-input\":{\"@type\":\"PropertyValueSpecification\",\"valueRequired\":true,\"valueName\":\"search_term_string\"}}],\"inLanguage\":\"pt-BR\"},{\"@type\":\"Organization\",\"@id\":\"https:\/\/www.notibras.com\/site\/#organization\",\"name\":\"Grupo Notibras de Comunica\u00e7\u00e3o\",\"url\":\"https:\/\/www.notibras.com\/site\/\",\"logo\":{\"@type\":\"ImageObject\",\"inLanguage\":\"pt-BR\",\"@id\":\"https:\/\/www.notibras.com\/site\/#\/schema\/logo\/image\/\",\"url\":\"https:\/\/www.notibras.com\/site\/wp-content\/uploads\/2023\/01\/notibras23.png\",\"contentUrl\":\"https:\/\/www.notibras.com\/site\/wp-content\/uploads\/2023\/01\/notibras23.png\",\"width\":350,\"height\":87,\"caption\":\"Grupo Notibras de Comunica\u00e7\u00e3o\"},\"image\":{\"@id\":\"https:\/\/www.notibras.com\/site\/#\/schema\/logo\/image\/\"},\"sameAs\":[\"https:\/\/www.facebook.com\/notibras\/\",\"https:\/\/x.com\/Notibras\",\"https:\/\/www.instagram.com\/notibras\/\"]},{\"@type\":\"Person\",\"@id\":\"https:\/\/www.notibras.com\/site\/#\/schema\/person\/36ab0979449956132d3e5b517ea76ac8\",\"name\":\"Reda\u00e7\u00e3o\",\"image\":{\"@type\":\"ImageObject\",\"inLanguage\":\"pt-BR\",\"@id\":\"https:\/\/secure.gravatar.com\/avatar\/e0a867bdedb85fd243eadf09663511f96fc81e0720a4a42581f334ad4303aa6b?s=96&d=mm&r=g\",\"url\":\"https:\/\/secure.gravatar.com\/avatar\/e0a867bdedb85fd243eadf09663511f96fc81e0720a4a42581f334ad4303aa6b?s=96&d=mm&r=g\",\"contentUrl\":\"https:\/\/secure.gravatar.com\/avatar\/e0a867bdedb85fd243eadf09663511f96fc81e0720a4a42581f334ad4303aa6b?s=96&d=mm&r=g\",\"caption\":\"Reda\u00e7\u00e3o\"}}]}<\/script>\n<!-- \/ Yoast SEO plugin. -->","yoast_head_json":{"title":"D\u00e9ficit de energia aumenta o risco de racionamento - Notibras","robots":{"index":"index","follow":"follow","max-snippet":"max-snippet:-1","max-image-preview":"max-image-preview:large","max-video-preview":"max-video-preview:-1"},"canonical":"https:\/\/www.notibras.com\/site\/deficit-de-energia-liga-sinal-vermelho-e-racionamento-entra-em-pauta\/","og_locale":"pt_BR","og_type":"article","og_title":"D\u00e9ficit de energia aumenta o risco de racionamento - Notibras","og_description":"O risco de haver d\u00e9ficit de energia este ano nas regi\u00f5es Sudeste e Centro-Oeste subiu dos 4,2% registrados em dezembro para 4,9% neste m\u00eas, informou nesta quinta (7) o Comit\u00ea de Monitoramento do Setor El\u00e9trico (CMSE). Na Regi\u00e3o Nordeste, o risco, que estava em 0,3%, passou para 1,2%. De acordo com o comit\u00ea, a carga [&hellip;]","og_url":"https:\/\/www.notibras.com\/site\/deficit-de-energia-liga-sinal-vermelho-e-racionamento-entra-em-pauta\/","og_site_name":"Notibras","article_publisher":"https:\/\/www.facebook.com\/notibras\/","article_published_time":"2015-01-08T03:23:30+00:00","article_modified_time":"2015-01-08T12:12:59+00:00","og_image":[{"width":350,"height":221,"url":"https:\/\/www.notibras.com\/site\/wp-content\/uploads\/2015\/01\/Sem-t\u00edtulo-126.jpg","type":"image\/jpeg"}],"author":"Reda\u00e7\u00e3o","twitter_card":"summary_large_image","twitter_creator":"@Notibras","twitter_site":"@Notibras","twitter_misc":{"Escrito por":"Reda\u00e7\u00e3o","Est. tempo de leitura":"1 minuto"},"schema":{"@context":"https:\/\/schema.org","@graph":[{"@type":"Article","@id":"https:\/\/www.notibras.com\/site\/deficit-de-energia-liga-sinal-vermelho-e-racionamento-entra-em-pauta\/#article","isPartOf":{"@id":"https:\/\/www.notibras.com\/site\/deficit-de-energia-liga-sinal-vermelho-e-racionamento-entra-em-pauta\/"},"author":{"name":"Reda\u00e7\u00e3o","@id":"https:\/\/www.notibras.com\/site\/#\/schema\/person\/36ab0979449956132d3e5b517ea76ac8"},"headline":"D\u00e9ficit de energia aumenta o risco de racionamento","datePublished":"2015-01-08T03:23:30+00:00","dateModified":"2015-01-08T12:12:59+00:00","mainEntityOfPage":{"@id":"https:\/\/www.notibras.com\/site\/deficit-de-energia-liga-sinal-vermelho-e-racionamento-entra-em-pauta\/"},"wordCount":301,"commentCount":0,"publisher":{"@id":"https:\/\/www.notibras.com\/site\/#organization"},"image":{"@id":"https:\/\/www.notibras.com\/site\/deficit-de-energia-liga-sinal-vermelho-e-racionamento-entra-em-pauta\/#primaryimage"},"thumbnailUrl":"https:\/\/www.notibras.com\/site\/wp-content\/uploads\/2015\/01\/Sem-t\u00edtulo-126.jpg","articleSection":["Brasil"],"inLanguage":"pt-BR","potentialAction":[{"@type":"CommentAction","name":"Comment","target":["https:\/\/www.notibras.com\/site\/deficit-de-energia-liga-sinal-vermelho-e-racionamento-entra-em-pauta\/#respond"]}]},{"@type":"WebPage","@id":"https:\/\/www.notibras.com\/site\/deficit-de-energia-liga-sinal-vermelho-e-racionamento-entra-em-pauta\/","url":"https:\/\/www.notibras.com\/site\/deficit-de-energia-liga-sinal-vermelho-e-racionamento-entra-em-pauta\/","name":"D\u00e9ficit de energia aumenta o risco de racionamento - Notibras","isPartOf":{"@id":"https:\/\/www.notibras.com\/site\/#website"},"primaryImageOfPage":{"@id":"https:\/\/www.notibras.com\/site\/deficit-de-energia-liga-sinal-vermelho-e-racionamento-entra-em-pauta\/#primaryimage"},"image":{"@id":"https:\/\/www.notibras.com\/site\/deficit-de-energia-liga-sinal-vermelho-e-racionamento-entra-em-pauta\/#primaryimage"},"thumbnailUrl":"https:\/\/www.notibras.com\/site\/wp-content\/uploads\/2015\/01\/Sem-t\u00edtulo-126.jpg","datePublished":"2015-01-08T03:23:30+00:00","dateModified":"2015-01-08T12:12:59+00:00","breadcrumb":{"@id":"https:\/\/www.notibras.com\/site\/deficit-de-energia-liga-sinal-vermelho-e-racionamento-entra-em-pauta\/#breadcrumb"},"inLanguage":"pt-BR","potentialAction":[{"@type":"ReadAction","target":["https:\/\/www.notibras.com\/site\/deficit-de-energia-liga-sinal-vermelho-e-racionamento-entra-em-pauta\/"]}]},{"@type":"ImageObject","inLanguage":"pt-BR","@id":"https:\/\/www.notibras.com\/site\/deficit-de-energia-liga-sinal-vermelho-e-racionamento-entra-em-pauta\/#primaryimage","url":"https:\/\/www.notibras.com\/site\/wp-content\/uploads\/2015\/01\/Sem-t\u00edtulo-126.jpg","contentUrl":"https:\/\/www.notibras.com\/site\/wp-content\/uploads\/2015\/01\/Sem-t\u00edtulo-126.jpg","width":350,"height":221},{"@type":"BreadcrumbList","@id":"https:\/\/www.notibras.com\/site\/deficit-de-energia-liga-sinal-vermelho-e-racionamento-entra-em-pauta\/#breadcrumb","itemListElement":[{"@type":"ListItem","position":1,"name":"In\u00edcio","item":"https:\/\/www.notibras.com\/site\/"},{"@type":"ListItem","position":2,"name":"D\u00e9ficit de energia aumenta o risco de racionamento"}]},{"@type":"WebSite","@id":"https:\/\/www.notibras.com\/site\/#website","url":"https:\/\/www.notibras.com\/site\/","name":"Notibras","description":"Not\u00edcias de Bras\u00edlia, do Brasil e do Mundo","publisher":{"@id":"https:\/\/www.notibras.com\/site\/#organization"},"potentialAction":[{"@type":"SearchAction","target":{"@type":"EntryPoint","urlTemplate":"https:\/\/www.notibras.com\/site\/?s={search_term_string}"},"query-input":{"@type":"PropertyValueSpecification","valueRequired":true,"valueName":"search_term_string"}}],"inLanguage":"pt-BR"},{"@type":"Organization","@id":"https:\/\/www.notibras.com\/site\/#organization","name":"Grupo Notibras de Comunica\u00e7\u00e3o","url":"https:\/\/www.notibras.com\/site\/","logo":{"@type":"ImageObject","inLanguage":"pt-BR","@id":"https:\/\/www.notibras.com\/site\/#\/schema\/logo\/image\/","url":"https:\/\/www.notibras.com\/site\/wp-content\/uploads\/2023\/01\/notibras23.png","contentUrl":"https:\/\/www.notibras.com\/site\/wp-content\/uploads\/2023\/01\/notibras23.png","width":350,"height":87,"caption":"Grupo Notibras de Comunica\u00e7\u00e3o"},"image":{"@id":"https:\/\/www.notibras.com\/site\/#\/schema\/logo\/image\/"},"sameAs":["https:\/\/www.facebook.com\/notibras\/","https:\/\/x.com\/Notibras","https:\/\/www.instagram.com\/notibras\/"]},{"@type":"Person","@id":"https:\/\/www.notibras.com\/site\/#\/schema\/person\/36ab0979449956132d3e5b517ea76ac8","name":"Reda\u00e7\u00e3o","image":{"@type":"ImageObject","inLanguage":"pt-BR","@id":"https:\/\/secure.gravatar.com\/avatar\/e0a867bdedb85fd243eadf09663511f96fc81e0720a4a42581f334ad4303aa6b?s=96&d=mm&r=g","url":"https:\/\/secure.gravatar.com\/avatar\/e0a867bdedb85fd243eadf09663511f96fc81e0720a4a42581f334ad4303aa6b?s=96&d=mm&r=g","contentUrl":"https:\/\/secure.gravatar.com\/avatar\/e0a867bdedb85fd243eadf09663511f96fc81e0720a4a42581f334ad4303aa6b?s=96&d=mm&r=g","caption":"Reda\u00e7\u00e3o"}}]}},"amp_enabled":true,"_links":{"self":[{"href":"https:\/\/www.notibras.com\/site\/wp-json\/wp\/v2\/posts\/33295","targetHints":{"allow":["GET"]}}],"collection":[{"href":"https:\/\/www.notibras.com\/site\/wp-json\/wp\/v2\/posts"}],"about":[{"href":"https:\/\/www.notibras.com\/site\/wp-json\/wp\/v2\/types\/post"}],"author":[{"embeddable":true,"href":"https:\/\/www.notibras.com\/site\/wp-json\/wp\/v2\/users\/2"}],"replies":[{"embeddable":true,"href":"https:\/\/www.notibras.com\/site\/wp-json\/wp\/v2\/comments?post=33295"}],"version-history":[{"count":0,"href":"https:\/\/www.notibras.com\/site\/wp-json\/wp\/v2\/posts\/33295\/revisions"}],"wp:featuredmedia":[{"embeddable":true,"href":"https:\/\/www.notibras.com\/site\/wp-json\/wp\/v2\/media\/33324"}],"wp:attachment":[{"href":"https:\/\/www.notibras.com\/site\/wp-json\/wp\/v2\/media?parent=33295"}],"wp:term":[{"taxonomy":"category","embeddable":true,"href":"https:\/\/www.notibras.com\/site\/wp-json\/wp\/v2\/categories?post=33295"},{"taxonomy":"post_tag","embeddable":true,"href":"https:\/\/www.notibras.com\/site\/wp-json\/wp\/v2\/tags?post=33295"}],"curies":[{"name":"wp","href":"https:\/\/api.w.org\/{rel}","templated":true}]}}