{"id":332991,"date":"2024-07-22T07:19:45","date_gmt":"2024-07-22T10:19:45","guid":{"rendered":"https:\/\/www.notibras.com\/site\/?p=332991"},"modified":"2024-07-22T09:21:33","modified_gmt":"2024-07-22T12:21:33","slug":"abertas-inscricoes-para-oficina-sobre-chas-medicinais","status":"publish","type":"post","link":"https:\/\/www.notibras.com\/site\/abertas-inscricoes-para-oficina-sobre-chas-medicinais\/","title":{"rendered":"Abertas inscri\u00e7\u00f5es para oficina sobre ch\u00e1s medicinais"},"content":{"rendered":"<p>O Instituto Bras\u00edlia Ambiental, por meio do projeto Reconex\u00e3o Cerrado, vai promover, neste segundo semestre, uma oficina gratuita sobre uso tradicional de plantas medicinais, viabilizada por recursos de compensa\u00e7\u00e3o ambiental. A a\u00e7\u00e3o \u00e9 voltada \u00e0 comunidade em geral e \u00e0 forma\u00e7\u00e3o dos agentes de unidades de conserva\u00e7\u00e3o. As inscri\u00e7\u00f5es para o p\u00fablico externo estar\u00e3o abertas desta segunda (22) a sexta-feira (26).<\/p>\n<p>\u201cEsta oficina, que ter\u00e1 uma segunda edi\u00e7\u00e3o no pr\u00f3ximo ano, tem como p\u00fablico-alvo as pessoas interessadas na fitoterapia e em m\u00e9todos de promo\u00e7\u00e3o da sa\u00fade, que buscam ampliar os seus conhecimentos\u201d, explica o analista em pol\u00edticas p\u00fablicas Webert Oliveira Ferreira, do instituto. A coordena\u00e7\u00e3o \u00e9 da pesquisadora Josefa Ata\u00eddes.<\/p>\n<p>Com 20 vagas, a oficina vai ocorrer de forma presencial, no per\u00edodo de 5 a 9 de agosto, das 13h \u00e0s 17h, no Parque Ecol\u00f3gico Olhos d\u2019\u00c1gua, na Asa Norte. A carga hor\u00e1ria da forma\u00e7\u00e3o \u00e9 de 20 horas, divididas em cinco m\u00f3dulos. Os participantes receber\u00e3o certificado de participa\u00e7\u00e3o ao final das atividades.<\/p>\n<p>Josefa abordar\u00e1 o conhecimento e a pr\u00e1tica da cultura do ch\u00e1 como ferramenta para a promo\u00e7\u00e3o da sa\u00fade e do bem-estar. O foco s\u00e3o os m\u00e9todos que valorizam a biodiversidade local, rica em esp\u00e9cies medicinais \u2013 como barbatim\u00e3o, ora-pro-n\u00f3bis e muitas outras.<\/p>\n<p><strong>Capacita\u00e7\u00f5es <\/strong><br \/>\nAl\u00e9m da oficina, o projeto Conex\u00e3o no Cerrado vai promover cursos de forma\u00e7\u00e3o para agentes de unidades de conserva\u00e7\u00e3o nas \u00e1reas de identifica\u00e7\u00e3o de esp\u00e9cies arb\u00f3reas do Cerrado ou coleta de sementes, introdu\u00e7\u00e3o \u00e0 agricultura biodin\u00e2mica e compostagem biodin\u00e2mica.<\/p>\n<p>A iniciativa tem ainda a finalidade de incentivar e promover a regenera\u00e7\u00e3o do Cerrado, por meio de outras a\u00e7\u00f5es tamb\u00e9m realizadas pela comiss\u00e3o do projeto, como a de melhorias estruturais nas unidades e a valoriza\u00e7\u00e3o das atividades volunt\u00e1rias nesses espa\u00e7os, dentro das chamadas Pr\u00e1ticas Integrativas de Sa\u00fade (Pics).<\/p>\n","protected":false},"excerpt":{"rendered":"<p>O Instituto Bras\u00edlia Ambiental, por meio do projeto Reconex\u00e3o Cerrado, vai promover, neste segundo semestre, uma oficina gratuita sobre uso tradicional de plantas medicinais, viabilizada por recursos de compensa\u00e7\u00e3o ambiental. A a\u00e7\u00e3o \u00e9 voltada \u00e0 comunidade em geral e \u00e0 forma\u00e7\u00e3o dos agentes de unidades de conserva\u00e7\u00e3o. As inscri\u00e7\u00f5es para o p\u00fablico externo estar\u00e3o abertas [&hellip;]<\/p>\n","protected":false},"author":2,"featured_media":332992,"comment_status":"closed","ping_status":"closed","sticky":false,"template":"","format":"standard","meta":{"_acf_changed":false,"footnotes":""},"categories":[161],"tags":[],"class_list":["post-332991","post","type-post","status-publish","format-standard","has-post-thumbnail","hentry","category-quadradinho-em-foco"],"acf":[],"_links":{"self":[{"href":"https:\/\/www.notibras.com\/site\/wp-json\/wp\/v2\/posts\/332991","targetHints":{"allow":["GET"]}}],"collection":[{"href":"https:\/\/www.notibras.com\/site\/wp-json\/wp\/v2\/posts"}],"about":[{"href":"https:\/\/www.notibras.com\/site\/wp-json\/wp\/v2\/types\/post"}],"author":[{"embeddable":true,"href":"https:\/\/www.notibras.com\/site\/wp-json\/wp\/v2\/users\/2"}],"replies":[{"embeddable":true,"href":"https:\/\/www.notibras.com\/site\/wp-json\/wp\/v2\/comments?post=332991"}],"version-history":[{"count":1,"href":"https:\/\/www.notibras.com\/site\/wp-json\/wp\/v2\/posts\/332991\/revisions"}],"predecessor-version":[{"id":332993,"href":"https:\/\/www.notibras.com\/site\/wp-json\/wp\/v2\/posts\/332991\/revisions\/332993"}],"wp:featuredmedia":[{"embeddable":true,"href":"https:\/\/www.notibras.com\/site\/wp-json\/wp\/v2\/media\/332992"}],"wp:attachment":[{"href":"https:\/\/www.notibras.com\/site\/wp-json\/wp\/v2\/media?parent=332991"}],"wp:term":[{"taxonomy":"category","embeddable":true,"href":"https:\/\/www.notibras.com\/site\/wp-json\/wp\/v2\/categories?post=332991"},{"taxonomy":"post_tag","embeddable":true,"href":"https:\/\/www.notibras.com\/site\/wp-json\/wp\/v2\/tags?post=332991"}],"curies":[{"name":"wp","href":"https:\/\/api.w.org\/{rel}","templated":true}]}}