{"id":333019,"date":"2024-07-23T00:00:36","date_gmt":"2024-07-23T03:00:36","guid":{"rendered":"https:\/\/www.notibras.com\/site\/?p=333019"},"modified":"2024-07-23T05:55:42","modified_gmt":"2024-07-23T08:55:42","slug":"mae-que-cuida-de-filho-pode-contar-tempo-para-aposentadoria","status":"publish","type":"post","link":"https:\/\/www.notibras.com\/site\/mae-que-cuida-de-filho-pode-contar-tempo-para-aposentadoria\/","title":{"rendered":"M\u00e3e que cuida de filho pode contar tempo para aposentadoria"},"content":{"rendered":"<p>O trabalho de cuidar de familiares, como crian\u00e7as, idosos e doentes, deve ser valorizado, remunerado e n\u00e3o exclusivo de mulheres. Essa \u00e9 uma das reivindica\u00e7\u00f5es do W20 (Women 20 &#8211; Mulheres 20, em portugu\u00eas), um dos 13 grupos de engajamento que fazem parte da agenda do G20 e se reuniram com representantes de minist\u00e9rios das finan\u00e7as e de bancos centrais dos pa\u00edses-membros.<\/p>\n<p>O evento faz parte de uma semana decisiva para a presid\u00eancia brasileira no G20. A prioridade do W20 foi repassada a jornalistas pela l\u00edder Ana Fontes, fundadora e presidente da Rede de Mulheres Empreendedoras.<\/p>\n<p>A empreendedora citou como exemplo o modelo argentino, em que os anos que as mulheres se dedicam \u00e0 cria\u00e7\u00e3o de filhos pequenos conta para a aposentadoria. Mas Ana Fontes destaca que \u00e9 preciso que seja algo direcionado para os dois g\u00eaneros, e n\u00e3o apenas mulheres.<\/p>\n<p>Ela defende que seja repensado o modelo de como a \u201ceconomia do cuidado\u201d \u00e9 vista e remunerada. \u201cSe a gente n\u00e3o paga, ningu\u00e9m valoriza\u201d, avalia. \u201cSocialmente, as pessoas n\u00e3o olham para a economia do cuidado. Ela vai adicionar dinheiro na economia\u201d, acrescenta.<\/p>\n<p>\u201cTem gente que pergunta de onde vai sair esse dinheiro. O mundo n\u00e3o tem falta de dinheiro. O mundo tem falta de a\u00e7\u00f5es direcionadas. O que \u00e9 preciso \u00e9 organizar essa quest\u00e3o financeira\u201d, defende.<\/p>\n","protected":false},"excerpt":{"rendered":"<p>O trabalho de cuidar de familiares, como crian\u00e7as, idosos e doentes, deve ser valorizado, remunerado e n\u00e3o exclusivo de mulheres. Essa \u00e9 uma das reivindica\u00e7\u00f5es do W20 (Women 20 &#8211; Mulheres 20, em portugu\u00eas), um dos 13 grupos de engajamento que fazem parte da agenda do G20 e se reuniram com representantes de minist\u00e9rios das [&hellip;]<\/p>\n","protected":false},"author":2,"featured_media":333020,"comment_status":"closed","ping_status":"closed","sticky":false,"template":"","format":"standard","meta":{"_acf_changed":false,"footnotes":""},"categories":[161],"tags":[],"class_list":["post-333019","post","type-post","status-publish","format-standard","has-post-thumbnail","hentry","category-quadradinho-em-foco"],"acf":[],"_links":{"self":[{"href":"https:\/\/www.notibras.com\/site\/wp-json\/wp\/v2\/posts\/333019","targetHints":{"allow":["GET"]}}],"collection":[{"href":"https:\/\/www.notibras.com\/site\/wp-json\/wp\/v2\/posts"}],"about":[{"href":"https:\/\/www.notibras.com\/site\/wp-json\/wp\/v2\/types\/post"}],"author":[{"embeddable":true,"href":"https:\/\/www.notibras.com\/site\/wp-json\/wp\/v2\/users\/2"}],"replies":[{"embeddable":true,"href":"https:\/\/www.notibras.com\/site\/wp-json\/wp\/v2\/comments?post=333019"}],"version-history":[{"count":1,"href":"https:\/\/www.notibras.com\/site\/wp-json\/wp\/v2\/posts\/333019\/revisions"}],"predecessor-version":[{"id":333021,"href":"https:\/\/www.notibras.com\/site\/wp-json\/wp\/v2\/posts\/333019\/revisions\/333021"}],"wp:featuredmedia":[{"embeddable":true,"href":"https:\/\/www.notibras.com\/site\/wp-json\/wp\/v2\/media\/333020"}],"wp:attachment":[{"href":"https:\/\/www.notibras.com\/site\/wp-json\/wp\/v2\/media?parent=333019"}],"wp:term":[{"taxonomy":"category","embeddable":true,"href":"https:\/\/www.notibras.com\/site\/wp-json\/wp\/v2\/categories?post=333019"},{"taxonomy":"post_tag","embeddable":true,"href":"https:\/\/www.notibras.com\/site\/wp-json\/wp\/v2\/tags?post=333019"}],"curies":[{"name":"wp","href":"https:\/\/api.w.org\/{rel}","templated":true}]}}