{"id":333082,"date":"2024-07-23T18:26:50","date_gmt":"2024-07-23T21:26:50","guid":{"rendered":"https:\/\/www.notibras.com\/site\/?p=333082"},"modified":"2024-07-23T20:28:28","modified_gmt":"2024-07-23T23:28:28","slug":"correios-lancam-concurso-com-33-vagas-e-salario-68-mil","status":"publish","type":"post","link":"https:\/\/www.notibras.com\/site\/correios-lancam-concurso-com-33-vagas-e-salario-68-mil\/","title":{"rendered":"Correios lan\u00e7am concurso com 33 vagas e sal\u00e1rio 6,8 mil"},"content":{"rendered":"<p>Os Correios divulgaram nesta ter\u00e7a-feira (23) o edital do concurso p\u00fablico para sele\u00e7\u00e3o de 33 profissionais na \u00e1rea de medicina e seguran\u00e7a do trabalho. As inscri\u00e7\u00f5es custam R$ 70 e poder\u00e3o ser realizadas no site da banca organizadora entre 7 de agosto e 8 de setembro. As provas ser\u00e3o aplicadas em 13 de outubro pelo Instituto Americano de Desenvolvimento (Iades).<\/p>\n<p>A sele\u00e7\u00e3o \u00e9 destinada ao preenchimento de vagas efetivas e de cadastro reserva para t\u00e9cnico em seguran\u00e7a do trabalho, engenheiro do trabalho, enfermeiro e m\u00e9dico.<\/p>\n<p>Os sal\u00e1rios variam entre R$ 3.672,84 e R$ 6.872,48, conforme o cargo pretendido. O resultado final das provas est\u00e1 previsto para 20 de novembro. Segundo os Correios, as primeiras contrata\u00e7\u00f5es devem ocorrer ainda neste ano.<\/p>\n<p>O edital tamb\u00e9m prev\u00ea a destina\u00e7\u00e3o de 10% das vagas para pessoas com defici\u00eancia e 20% para pessoas negras. Os aprovados ser\u00e3o contratados de acordo com o regime previsto pela Consolida\u00e7\u00e3o das Leis do Trabalho (CLT).<\/p>\n<p>O edital completo do certame pode ser acessado no site dos Correios.<\/p>\n","protected":false},"excerpt":{"rendered":"<p>Os Correios divulgaram nesta ter\u00e7a-feira (23) o edital do concurso p\u00fablico para sele\u00e7\u00e3o de 33 profissionais na \u00e1rea de medicina e seguran\u00e7a do trabalho. As inscri\u00e7\u00f5es custam R$ 70 e poder\u00e3o ser realizadas no site da banca organizadora entre 7 de agosto e 8 de setembro. As provas ser\u00e3o aplicadas em 13 de outubro pelo [&hellip;]<\/p>\n","protected":false},"author":2,"featured_media":333083,"comment_status":"closed","ping_status":"closed","sticky":false,"template":"","format":"standard","meta":{"_acf_changed":false,"footnotes":""},"categories":[161],"tags":[],"class_list":["post-333082","post","type-post","status-publish","format-standard","has-post-thumbnail","hentry","category-quadradinho-em-foco"],"acf":[],"_links":{"self":[{"href":"https:\/\/www.notibras.com\/site\/wp-json\/wp\/v2\/posts\/333082","targetHints":{"allow":["GET"]}}],"collection":[{"href":"https:\/\/www.notibras.com\/site\/wp-json\/wp\/v2\/posts"}],"about":[{"href":"https:\/\/www.notibras.com\/site\/wp-json\/wp\/v2\/types\/post"}],"author":[{"embeddable":true,"href":"https:\/\/www.notibras.com\/site\/wp-json\/wp\/v2\/users\/2"}],"replies":[{"embeddable":true,"href":"https:\/\/www.notibras.com\/site\/wp-json\/wp\/v2\/comments?post=333082"}],"version-history":[{"count":1,"href":"https:\/\/www.notibras.com\/site\/wp-json\/wp\/v2\/posts\/333082\/revisions"}],"predecessor-version":[{"id":333084,"href":"https:\/\/www.notibras.com\/site\/wp-json\/wp\/v2\/posts\/333082\/revisions\/333084"}],"wp:featuredmedia":[{"embeddable":true,"href":"https:\/\/www.notibras.com\/site\/wp-json\/wp\/v2\/media\/333083"}],"wp:attachment":[{"href":"https:\/\/www.notibras.com\/site\/wp-json\/wp\/v2\/media?parent=333082"}],"wp:term":[{"taxonomy":"category","embeddable":true,"href":"https:\/\/www.notibras.com\/site\/wp-json\/wp\/v2\/categories?post=333082"},{"taxonomy":"post_tag","embeddable":true,"href":"https:\/\/www.notibras.com\/site\/wp-json\/wp\/v2\/tags?post=333082"}],"curies":[{"name":"wp","href":"https:\/\/api.w.org\/{rel}","templated":true}]}}