{"id":333112,"date":"2024-07-24T00:17:21","date_gmt":"2024-07-24T03:17:21","guid":{"rendered":"https:\/\/www.notibras.com\/site\/?p=333112"},"modified":"2024-07-24T06:19:15","modified_gmt":"2024-07-24T09:19:15","slug":"brasil-deve-adotar-sistema-atsc-3-0-para-tv-digital","status":"publish","type":"post","link":"https:\/\/www.notibras.com\/site\/brasil-deve-adotar-sistema-atsc-3-0-para-tv-digital\/","title":{"rendered":"Brasil deve adotar sistema ATSC 3.0 para Tv digital"},"content":{"rendered":"<p>Os membros do Conselho Deliberativo do F\u00f3rum do Sistema Brasileiro de Televis\u00e3o Digital (Sbtvd) v\u00e3o recomendar ao Minist\u00e9rio das Comunica\u00e7\u00f5es que o pa\u00eds adote o sistema ATSC 3.0 (do ingl\u00eas, Comit\u00ea de Sistema Avan\u00e7ado de Televis\u00e3o) como padr\u00e3o t\u00e9cnico para futuras transmiss\u00f5es da televis\u00e3o digital brasileira. A decis\u00e3o final sobre os servi\u00e7os de radiodifus\u00e3o no pa\u00eds, contudo, cabe \u00e0 Presid\u00eancia da Rep\u00fablica.<\/p>\n<p>A escolha, por unanimidade dos conselheiros, foi anunciada durante reuni\u00e3o do conselho formado por representantes de emissoras de TV, fabricantes de equipamentos de recep\u00e7\u00e3o e transmiss\u00e3o, ind\u00fastria de software, entidades de ensino e pesquisa e do governo federal.<\/p>\n<p>A op\u00e7\u00e3o \u00e9 resultado dos testes que o f\u00f3rum realizou entre dezembro de 2023 e maio de 2024 a fim de definir a \u00faltima camada f\u00edsica que restava para a completa defini\u00e7\u00e3o do padr\u00e3o da chamada TV 3.0 \u2013 refer\u00eancia tecnol\u00f3gica para a TV digital aberta e gratuita- que o f\u00f3rum est\u00e1 desenvolvendo com a participa\u00e7\u00e3o de cerca de 90 pesquisadores de nove universidades brasileiras e recursos financeiros federais. Em abril, o Minist\u00e9rio das Comunica\u00e7\u00f5es anunciou que o novo padr\u00e3o de televis\u00e3o aberta estar\u00e1 pronto para operar j\u00e1 em 2025.<\/p>\n<p>Tratada como \u201ca televis\u00e3o do futuro\u201d, a TV 3.0 dever\u00e1 integrar os servi\u00e7os de internet (broadband) \u00e0 habitual transmiss\u00e3o de sons e imagens (broadcast), possibilitando o uso de aplicativos que permitam aos telespectadores interagir com parte da programa\u00e7\u00e3o e at\u00e9 mesmo fazer compras diretamente de seu televisor, abrindo novas possibilidades de gera\u00e7\u00e3o de receitas \u00e0s emissoras<\/p>\n<p>Al\u00e9m disso, com a navega\u00e7\u00e3o por meio de aplicativos, as emissoras ter\u00e3o condi\u00e7\u00f5es t\u00e9cnicas de passar a oferecer, al\u00e9m do sinal aberto j\u00e1 transmitido em tempo real, conte\u00fados adicionais sob demanda, como s\u00e9ries, jogos, programas e outras possibilidades.<\/p>\n<p>Segundo o Minist\u00e9rio das Comunica\u00e7\u00f5es, a TV 3.0 trar\u00e1 mais praticidade ao telespectador. A mudan\u00e7a tamb\u00e9m impactar\u00e1 a qualidade da imagem, podendo quadruplic\u00e1-la no caso de aparelhos com a tecnologia de at\u00e9 8K, e de som.<\/p>\n<p>Ainda de acordo com a pasta, a nova tecnologia ser\u00e1 implementada em todo o pa\u00eds de forma gradual. Como a programa\u00e7\u00e3o continuar\u00e1 sendo disponibilizada por meio de canais abertos e gratuitos, o telespectador n\u00e3o precisar\u00e1 ter internet instalada para assistir o conte\u00fado transmitido. Contudo, sem sinal de internet, o usu\u00e1rio n\u00e3o receber\u00e1 a mesma qualidade de imagem e som, nem ter\u00e1 acesso aos recursos de interatividade.<\/p>\n<p>\u201cEsta \u00e9 uma das revolu\u00e7\u00f5es mais esperada do setor. A nova gera\u00e7\u00e3o de tv digital integrar\u00e1 o conte\u00fado transmitido pelo servi\u00e7o de radiodifus\u00e3o \u00e0 internet, criando novos modelos de neg\u00f3cios e empregos&#8221; afirmou o ministro das Comunica\u00e7\u00f5es, Juscelino Filho.<\/p>\n<p>De acordo com o Minist\u00e9rio das Comunica\u00e7\u00f5es, a op\u00e7\u00e3o do Conselho Deliberativo do F\u00f3rum do Sistema Brasileiro de Televis\u00e3o Digital (Sbtvd) pelo sistema ATSC 3.0 ocorreu ap\u00f3s \u201cum avalia\u00e7\u00e3o minuciosa que considerou todos os dados coletados desde o in\u00edcio do projeto, em 2020\u201d, considerando \u201ca adequa\u00e7\u00e3o da tecnologia aos requisitos espec\u00edficos do projeto TV 3.0\u201d.<\/p>\n","protected":false},"excerpt":{"rendered":"<p>Os membros do Conselho Deliberativo do F\u00f3rum do Sistema Brasileiro de Televis\u00e3o Digital (Sbtvd) v\u00e3o recomendar ao Minist\u00e9rio das Comunica\u00e7\u00f5es que o pa\u00eds adote o sistema ATSC 3.0 (do ingl\u00eas, Comit\u00ea de Sistema Avan\u00e7ado de Televis\u00e3o) como padr\u00e3o t\u00e9cnico para futuras transmiss\u00f5es da televis\u00e3o digital brasileira. A decis\u00e3o final sobre os servi\u00e7os de radiodifus\u00e3o no [&hellip;]<\/p>\n","protected":false},"author":2,"featured_media":333113,"comment_status":"closed","ping_status":"closed","sticky":false,"template":"","format":"standard","meta":{"_acf_changed":false,"footnotes":""},"categories":[161],"tags":[],"class_list":["post-333112","post","type-post","status-publish","format-standard","has-post-thumbnail","hentry","category-quadradinho-em-foco"],"acf":[],"_links":{"self":[{"href":"https:\/\/www.notibras.com\/site\/wp-json\/wp\/v2\/posts\/333112","targetHints":{"allow":["GET"]}}],"collection":[{"href":"https:\/\/www.notibras.com\/site\/wp-json\/wp\/v2\/posts"}],"about":[{"href":"https:\/\/www.notibras.com\/site\/wp-json\/wp\/v2\/types\/post"}],"author":[{"embeddable":true,"href":"https:\/\/www.notibras.com\/site\/wp-json\/wp\/v2\/users\/2"}],"replies":[{"embeddable":true,"href":"https:\/\/www.notibras.com\/site\/wp-json\/wp\/v2\/comments?post=333112"}],"version-history":[{"count":1,"href":"https:\/\/www.notibras.com\/site\/wp-json\/wp\/v2\/posts\/333112\/revisions"}],"predecessor-version":[{"id":333114,"href":"https:\/\/www.notibras.com\/site\/wp-json\/wp\/v2\/posts\/333112\/revisions\/333114"}],"wp:featuredmedia":[{"embeddable":true,"href":"https:\/\/www.notibras.com\/site\/wp-json\/wp\/v2\/media\/333113"}],"wp:attachment":[{"href":"https:\/\/www.notibras.com\/site\/wp-json\/wp\/v2\/media?parent=333112"}],"wp:term":[{"taxonomy":"category","embeddable":true,"href":"https:\/\/www.notibras.com\/site\/wp-json\/wp\/v2\/categories?post=333112"},{"taxonomy":"post_tag","embeddable":true,"href":"https:\/\/www.notibras.com\/site\/wp-json\/wp\/v2\/tags?post=333112"}],"curies":[{"name":"wp","href":"https:\/\/api.w.org\/{rel}","templated":true}]}}