{"id":333115,"date":"2024-07-24T00:23:35","date_gmt":"2024-07-24T03:23:35","guid":{"rendered":"https:\/\/www.notibras.com\/site\/?p=333115"},"modified":"2024-07-24T06:26:27","modified_gmt":"2024-07-24T09:26:27","slug":"mec-ouvira-universidades-para-estabelecer-padrao-para-bancas-de-cotas","status":"publish","type":"post","link":"https:\/\/www.notibras.com\/site\/mec-ouvira-universidades-para-estabelecer-padrao-para-bancas-de-cotas\/","title":{"rendered":"MEC ouvir\u00e1 universidades para estabelecer padr\u00e3o para bancas de cotas"},"content":{"rendered":"<p>O Minist\u00e9rio da Educa\u00e7\u00e3o (MEC) quer conhecer experi\u00eancias adotadas pelas universidades para verificar a adequa\u00e7\u00e3o de candidatos \u00e0s pol\u00edticas de cotas raciais. Para tanto, vai promover, nos dias 7 e 8 de agosto em Bras\u00edlia, um semin\u00e1rio que, ao estimular di\u00e1logos sobre o tema, pretende identificar mecanismos que deem efic\u00e1cia para \u201ca\u00e7\u00f5es afirmativas na modalidade de reserva de vagas\u201d.<\/p>\n<p>De acordo com o secret\u00e1rio substituto da Secret\u00e1ria de Educa\u00e7\u00e3o Continuada, Alfabetiza\u00e7\u00e3o de Jovens e Adultos, Diversidade e Inclus\u00e3o (Secadi), Cleber Santos Vieira, al\u00e9m de conhecer as experi\u00eancias j\u00e1 em pr\u00e1tica pelas institui\u00e7\u00f5es federais de ensino superior, o objetivo \u00e9 discutir as possibilidades de uniformizar a forma de operacionalizar as comiss\u00f5es de heteroidentifica\u00e7\u00e3o.<\/p>\n<p>Vieira explica que o primeiro momento do semin\u00e1rio ser\u00e1 dedicado \u00e0 apresenta\u00e7\u00e3o de estudos que mapearam a din\u00e2mica das comiss\u00f5es nas universidades. Tamb\u00e9m ser\u00e3o apresentadas as expectativas da comunidade acad\u00eamica formada por pr\u00f3-reitores de gradua\u00e7\u00e3o e de pr\u00f3-reitores de ensino.<\/p>\n<p>\u201cEste semin\u00e1rio \u00e9 uma forma de reconhecer e valorizar o trabalho realizado pelas institui\u00e7\u00f5es h\u00e1 d\u00e9cadas, ouvindo as experi\u00eancias e discutindo os m\u00e9todos j\u00e1 empregados pelas diferentes institui\u00e7\u00f5es. Teremos dados [suficientes] para a proposi\u00e7\u00e3o de encaminhamentos e documentos orientadores para o trabalho das bancas de heteroidentifica\u00e7\u00e3o\u201d, disse.<\/p>\n<p>Ele ressalta que tudo ser\u00e1 feito de forma a respeitar a autonomia das institui\u00e7\u00f5es de ensino que j\u00e1 adotam mecanismos para a efic\u00e1cia da pol\u00edtica de cotas.<\/p>\n<p>\u201cHoje, a operacionaliza\u00e7\u00e3o das bancas e comiss\u00f5es s\u00e3o diversas. Pretende-se alcan\u00e7ar padr\u00f5es, sempre respeitando a autonomia das institui\u00e7\u00f5es federais de educa\u00e7\u00e3o. O semin\u00e1rio \u00e9 uma iniciativa do MEC para valorizar e respeitar esse hist\u00f3rico\u201d, reiterou.<\/p>\n","protected":false},"excerpt":{"rendered":"<p>O Minist\u00e9rio da Educa\u00e7\u00e3o (MEC) quer conhecer experi\u00eancias adotadas pelas universidades para verificar a adequa\u00e7\u00e3o de candidatos \u00e0s pol\u00edticas de cotas raciais. Para tanto, vai promover, nos dias 7 e 8 de agosto em Bras\u00edlia, um semin\u00e1rio que, ao estimular di\u00e1logos sobre o tema, pretende identificar mecanismos que deem efic\u00e1cia para \u201ca\u00e7\u00f5es afirmativas na modalidade [&hellip;]<\/p>\n","protected":false},"author":2,"featured_media":333116,"comment_status":"closed","ping_status":"closed","sticky":false,"template":"","format":"standard","meta":{"_acf_changed":false,"footnotes":""},"categories":[161],"tags":[],"class_list":["post-333115","post","type-post","status-publish","format-standard","has-post-thumbnail","hentry","category-quadradinho-em-foco"],"acf":[],"_links":{"self":[{"href":"https:\/\/www.notibras.com\/site\/wp-json\/wp\/v2\/posts\/333115","targetHints":{"allow":["GET"]}}],"collection":[{"href":"https:\/\/www.notibras.com\/site\/wp-json\/wp\/v2\/posts"}],"about":[{"href":"https:\/\/www.notibras.com\/site\/wp-json\/wp\/v2\/types\/post"}],"author":[{"embeddable":true,"href":"https:\/\/www.notibras.com\/site\/wp-json\/wp\/v2\/users\/2"}],"replies":[{"embeddable":true,"href":"https:\/\/www.notibras.com\/site\/wp-json\/wp\/v2\/comments?post=333115"}],"version-history":[{"count":1,"href":"https:\/\/www.notibras.com\/site\/wp-json\/wp\/v2\/posts\/333115\/revisions"}],"predecessor-version":[{"id":333117,"href":"https:\/\/www.notibras.com\/site\/wp-json\/wp\/v2\/posts\/333115\/revisions\/333117"}],"wp:featuredmedia":[{"embeddable":true,"href":"https:\/\/www.notibras.com\/site\/wp-json\/wp\/v2\/media\/333116"}],"wp:attachment":[{"href":"https:\/\/www.notibras.com\/site\/wp-json\/wp\/v2\/media?parent=333115"}],"wp:term":[{"taxonomy":"category","embeddable":true,"href":"https:\/\/www.notibras.com\/site\/wp-json\/wp\/v2\/categories?post=333115"},{"taxonomy":"post_tag","embeddable":true,"href":"https:\/\/www.notibras.com\/site\/wp-json\/wp\/v2\/tags?post=333115"}],"curies":[{"name":"wp","href":"https:\/\/api.w.org\/{rel}","templated":true}]}}