{"id":3332,"date":"2014-03-03T10:52:00","date_gmt":"2014-03-03T13:52:00","guid":{"rendered":"http:\/\/www.notibras.com\/site\/?p=3332"},"modified":"2014-03-03T11:01:52","modified_gmt":"2014-03-03T14:01:52","slug":"o-supremo-os-mensaleiros-e-nos-simples-mortais","status":"publish","type":"post","link":"https:\/\/www.notibras.com\/site\/o-supremo-os-mensaleiros-e-nos-simples-mortais\/","title":{"rendered":"O Supremo, os mensaleiros, e n\u00f3s, simples mortais"},"content":{"rendered":"<p>O Supremo Tribunal Federal reafirmou, no julgamento dos embargos infringentes do processo conhecido como mensal\u00e3o, sua soberania como corte constitucional.<\/p>\n<p>A supremacia do STF nas quest\u00f5es constitucionais \u00e9 estabelecida pela pr\u00f3pria Constitui\u00e7\u00e3o Federal, no entanto, o que vimos foi a reden\u00e7\u00e3o de um partido pol\u00edtico por meio de votos constru\u00eddos com o fim \u00fanico de torcer o direito para eximir responsabilidades sobre fatos not\u00f3rios, amplamente sabidos, demonstrados e comprovados.<\/p>\n<p>E eu? Bem, n\u00e3o sou formador de opini\u00e3o; n\u00e3o sou pol\u00edtico; n\u00e3o sou \u201cblack bloc\u201d, portanto, acho que talvez minha esposa, quem sabe com algum esfor\u00e7o meus filhos ler\u00e3o isso. Talvez eles, ap\u00f3s lerem isso, saibam da minha indigna\u00e7\u00e3o, da minha submiss\u00e3o for\u00e7ada \u00e0 senten\u00e7a que absolveu o grupo.<\/p>\n<p>E eu? Me submeto \u00e0 decis\u00e3o daquela corte. N\u00e3o por medo. N\u00e3o por receio de que possa ser responsabilizado pelos meus atos de insubordina\u00e7\u00e3o. N\u00e3o porque \u201csenten\u00e7a de juiz n\u00e3o se discute, se cumpre\u201d. Ao contr\u00e1rio, estou discutindo e indignado com a tal senten\u00e7a.<\/p>\n<p>E eu? Me submeto porque sou democrata. Os que negam a forma\u00e7\u00e3o de quadrilha talvez tamb\u00e9m sejam, mas n\u00e3o mostraram isso. A senten\u00e7a de conveni\u00eancia amedronta a na\u00e7\u00e3o democr\u00e1tica, abala os pilares da liberdade, amea\u00e7a os poderes da na\u00e7\u00e3o, acua um povo que lutou por liberdade. O fen\u00f4meno que enfrentamos \u00e9 o mesmo descrito por George Orwell em seu \u201cA revolu\u00e7\u00e3o dos bichos\u201d. Os porcos assumiram o comando da granja.<\/p>\n<p>E eu? S\u00f3 me resta o titulo eleitoral. J\u00e1 fiz meu recadastramento biom\u00e9trico. Pena que s\u00f3 poderei votar para presidente, governador, senador, deputado federal e distrital. Queria poder votar para ministro do Supremo. Vou me lembrar desse julgamento do dia 05 de outubro. Pena que s\u00f3 posso votar uma vez.<\/p>\n<p>E eu? Bem, vou esperar o dia 6 de outubro e ver se algo mudou&#8230;<\/p>\n<p><strong>Jardel Jos\u00e9 Lopes<\/strong><br \/>\nPolicial Civil aposentado<\/p>\n","protected":false},"excerpt":{"rendered":"<p>O Supremo Tribunal Federal reafirmou, no julgamento dos embargos infringentes do processo conhecido como mensal\u00e3o, sua soberania como corte constitucional. A supremacia do STF nas quest\u00f5es constitucionais \u00e9 estabelecida pela pr\u00f3pria Constitui\u00e7\u00e3o Federal, no entanto, o que vimos foi a reden\u00e7\u00e3o de um partido pol\u00edtico por meio de votos constru\u00eddos com o fim \u00fanico de [&hellip;]<\/p>\n","protected":false},"author":2,"featured_media":3333,"comment_status":"open","ping_status":"closed","sticky":false,"template":"","format":"standard","meta":{"_acf_changed":false,"footnotes":""},"categories":[25],"tags":[],"class_list":["post-3332","post","type-post","status-publish","format-standard","has-post-thumbnail","hentry","category-opina-ai"],"acf":[],"yoast_head":"<!-- This site is optimized with the Yoast SEO plugin v27.5 - https:\/\/yoast.com\/product\/yoast-seo-wordpress\/ -->\n<title>O Supremo, os mensaleiros, e n\u00f3s, simples mortais - Notibras<\/title>\n<meta name=\"robots\" content=\"index, follow, max-snippet:-1, max-image-preview:large, max-video-preview:-1\" \/>\n<link rel=\"canonical\" href=\"https:\/\/www.notibras.com\/site\/o-supremo-os-mensaleiros-e-nos-simples-mortais\/\" \/>\n<meta property=\"og:locale\" content=\"pt_BR\" \/>\n<meta property=\"og:type\" content=\"article\" \/>\n<meta property=\"og:title\" content=\"O Supremo, os mensaleiros, e n\u00f3s, simples mortais - Notibras\" \/>\n<meta property=\"og:description\" content=\"O Supremo Tribunal Federal reafirmou, no julgamento dos embargos infringentes do processo conhecido como mensal\u00e3o, sua soberania como corte constitucional. A supremacia do STF nas quest\u00f5es constitucionais \u00e9 estabelecida pela pr\u00f3pria Constitui\u00e7\u00e3o Federal, no entanto, o que vimos foi a reden\u00e7\u00e3o de um partido pol\u00edtico por meio de votos constru\u00eddos com o fim \u00fanico de [&hellip;]\" \/>\n<meta property=\"og:url\" content=\"https:\/\/www.notibras.com\/site\/o-supremo-os-mensaleiros-e-nos-simples-mortais\/\" \/>\n<meta property=\"og:site_name\" content=\"Notibras\" \/>\n<meta property=\"article:publisher\" content=\"https:\/\/www.facebook.com\/notibras\/\" \/>\n<meta property=\"article:published_time\" content=\"2014-03-03T13:52:00+00:00\" \/>\n<meta property=\"article:modified_time\" content=\"2014-03-03T14:01:52+00:00\" \/>\n<meta property=\"og:image\" content=\"https:\/\/www.notibras.com\/site\/wp-content\/uploads\/2014\/03\/STF.jpg\" \/>\n\t<meta property=\"og:image:width\" content=\"640\" \/>\n\t<meta property=\"og:image:height\" content=\"423\" \/>\n\t<meta property=\"og:image:type\" content=\"image\/jpeg\" \/>\n<meta name=\"author\" content=\"Reda\u00e7\u00e3o\" \/>\n<meta name=\"twitter:card\" content=\"summary_large_image\" \/>\n<meta name=\"twitter:creator\" content=\"@Notibras\" \/>\n<meta name=\"twitter:site\" content=\"@Notibras\" \/>\n<meta name=\"twitter:label1\" content=\"Escrito por\" \/>\n\t<meta name=\"twitter:data1\" content=\"Reda\u00e7\u00e3o\" \/>\n\t<meta name=\"twitter:label2\" content=\"Est. tempo de leitura\" \/>\n\t<meta name=\"twitter:data2\" content=\"2 minutos\" \/>\n<script type=\"application\/ld+json\" class=\"yoast-schema-graph\">{\"@context\":\"https:\\\/\\\/schema.org\",\"@graph\":[{\"@type\":\"Article\",\"@id\":\"https:\\\/\\\/www.notibras.com\\\/site\\\/o-supremo-os-mensaleiros-e-nos-simples-mortais\\\/#article\",\"isPartOf\":{\"@id\":\"https:\\\/\\\/www.notibras.com\\\/site\\\/o-supremo-os-mensaleiros-e-nos-simples-mortais\\\/\"},\"author\":{\"name\":\"Reda\u00e7\u00e3o\",\"@id\":\"https:\\\/\\\/www.notibras.com\\\/site\\\/#\\\/schema\\\/person\\\/36ab0979449956132d3e5b517ea76ac8\"},\"headline\":\"O Supremo, os mensaleiros, e n\u00f3s, simples mortais\",\"datePublished\":\"2014-03-03T13:52:00+00:00\",\"dateModified\":\"2014-03-03T14:01:52+00:00\",\"mainEntityOfPage\":{\"@id\":\"https:\\\/\\\/www.notibras.com\\\/site\\\/o-supremo-os-mensaleiros-e-nos-simples-mortais\\\/\"},\"wordCount\":347,\"commentCount\":0,\"publisher\":{\"@id\":\"https:\\\/\\\/www.notibras.com\\\/site\\\/#organization\"},\"image\":{\"@id\":\"https:\\\/\\\/www.notibras.com\\\/site\\\/o-supremo-os-mensaleiros-e-nos-simples-mortais\\\/#primaryimage\"},\"thumbnailUrl\":\"https:\\\/\\\/www.notibras.com\\\/site\\\/wp-content\\\/uploads\\\/2014\\\/03\\\/STF.jpg\",\"articleSection\":[\"Opina a\u00ed\"],\"inLanguage\":\"pt-BR\",\"potentialAction\":[{\"@type\":\"CommentAction\",\"name\":\"Comment\",\"target\":[\"https:\\\/\\\/www.notibras.com\\\/site\\\/o-supremo-os-mensaleiros-e-nos-simples-mortais\\\/#respond\"]}]},{\"@type\":\"WebPage\",\"@id\":\"https:\\\/\\\/www.notibras.com\\\/site\\\/o-supremo-os-mensaleiros-e-nos-simples-mortais\\\/\",\"url\":\"https:\\\/\\\/www.notibras.com\\\/site\\\/o-supremo-os-mensaleiros-e-nos-simples-mortais\\\/\",\"name\":\"O Supremo, os mensaleiros, e n\u00f3s, simples mortais - Notibras\",\"isPartOf\":{\"@id\":\"https:\\\/\\\/www.notibras.com\\\/site\\\/#website\"},\"primaryImageOfPage\":{\"@id\":\"https:\\\/\\\/www.notibras.com\\\/site\\\/o-supremo-os-mensaleiros-e-nos-simples-mortais\\\/#primaryimage\"},\"image\":{\"@id\":\"https:\\\/\\\/www.notibras.com\\\/site\\\/o-supremo-os-mensaleiros-e-nos-simples-mortais\\\/#primaryimage\"},\"thumbnailUrl\":\"https:\\\/\\\/www.notibras.com\\\/site\\\/wp-content\\\/uploads\\\/2014\\\/03\\\/STF.jpg\",\"datePublished\":\"2014-03-03T13:52:00+00:00\",\"dateModified\":\"2014-03-03T14:01:52+00:00\",\"breadcrumb\":{\"@id\":\"https:\\\/\\\/www.notibras.com\\\/site\\\/o-supremo-os-mensaleiros-e-nos-simples-mortais\\\/#breadcrumb\"},\"inLanguage\":\"pt-BR\",\"potentialAction\":[{\"@type\":\"ReadAction\",\"target\":[\"https:\\\/\\\/www.notibras.com\\\/site\\\/o-supremo-os-mensaleiros-e-nos-simples-mortais\\\/\"]}]},{\"@type\":\"ImageObject\",\"inLanguage\":\"pt-BR\",\"@id\":\"https:\\\/\\\/www.notibras.com\\\/site\\\/o-supremo-os-mensaleiros-e-nos-simples-mortais\\\/#primaryimage\",\"url\":\"https:\\\/\\\/www.notibras.com\\\/site\\\/wp-content\\\/uploads\\\/2014\\\/03\\\/STF.jpg\",\"contentUrl\":\"https:\\\/\\\/www.notibras.com\\\/site\\\/wp-content\\\/uploads\\\/2014\\\/03\\\/STF.jpg\",\"width\":640,\"height\":423},{\"@type\":\"BreadcrumbList\",\"@id\":\"https:\\\/\\\/www.notibras.com\\\/site\\\/o-supremo-os-mensaleiros-e-nos-simples-mortais\\\/#breadcrumb\",\"itemListElement\":[{\"@type\":\"ListItem\",\"position\":1,\"name\":\"In\u00edcio\",\"item\":\"https:\\\/\\\/www.notibras.com\\\/site\\\/\"},{\"@type\":\"ListItem\",\"position\":2,\"name\":\"O Supremo, os mensaleiros, e n\u00f3s, simples mortais\"}]},{\"@type\":\"WebSite\",\"@id\":\"https:\\\/\\\/www.notibras.com\\\/site\\\/#website\",\"url\":\"https:\\\/\\\/www.notibras.com\\\/site\\\/\",\"name\":\"Notibras\",\"description\":\"Not\u00edcias de Bras\u00edlia, do Brasil e do Mundo\",\"publisher\":{\"@id\":\"https:\\\/\\\/www.notibras.com\\\/site\\\/#organization\"},\"potentialAction\":[{\"@type\":\"SearchAction\",\"target\":{\"@type\":\"EntryPoint\",\"urlTemplate\":\"https:\\\/\\\/www.notibras.com\\\/site\\\/?s={search_term_string}\"},\"query-input\":{\"@type\":\"PropertyValueSpecification\",\"valueRequired\":true,\"valueName\":\"search_term_string\"}}],\"inLanguage\":\"pt-BR\"},{\"@type\":\"Organization\",\"@id\":\"https:\\\/\\\/www.notibras.com\\\/site\\\/#organization\",\"name\":\"Grupo Notibras de Comunica\u00e7\u00e3o\",\"url\":\"https:\\\/\\\/www.notibras.com\\\/site\\\/\",\"logo\":{\"@type\":\"ImageObject\",\"inLanguage\":\"pt-BR\",\"@id\":\"https:\\\/\\\/www.notibras.com\\\/site\\\/#\\\/schema\\\/logo\\\/image\\\/\",\"url\":\"https:\\\/\\\/www.notibras.com\\\/site\\\/wp-content\\\/uploads\\\/2023\\\/01\\\/notibras23.png\",\"contentUrl\":\"https:\\\/\\\/www.notibras.com\\\/site\\\/wp-content\\\/uploads\\\/2023\\\/01\\\/notibras23.png\",\"width\":350,\"height\":87,\"caption\":\"Grupo Notibras de Comunica\u00e7\u00e3o\"},\"image\":{\"@id\":\"https:\\\/\\\/www.notibras.com\\\/site\\\/#\\\/schema\\\/logo\\\/image\\\/\"},\"sameAs\":[\"https:\\\/\\\/www.facebook.com\\\/notibras\\\/\",\"https:\\\/\\\/x.com\\\/Notibras\",\"https:\\\/\\\/www.instagram.com\\\/notibras\\\/\"]},{\"@type\":\"Person\",\"@id\":\"https:\\\/\\\/www.notibras.com\\\/site\\\/#\\\/schema\\\/person\\\/36ab0979449956132d3e5b517ea76ac8\",\"name\":\"Reda\u00e7\u00e3o\",\"image\":{\"@type\":\"ImageObject\",\"inLanguage\":\"pt-BR\",\"@id\":\"https:\\\/\\\/secure.gravatar.com\\\/avatar\\\/e0a867bdedb85fd243eadf09663511f96fc81e0720a4a42581f334ad4303aa6b?s=96&d=mm&r=g\",\"url\":\"https:\\\/\\\/secure.gravatar.com\\\/avatar\\\/e0a867bdedb85fd243eadf09663511f96fc81e0720a4a42581f334ad4303aa6b?s=96&d=mm&r=g\",\"contentUrl\":\"https:\\\/\\\/secure.gravatar.com\\\/avatar\\\/e0a867bdedb85fd243eadf09663511f96fc81e0720a4a42581f334ad4303aa6b?s=96&d=mm&r=g\",\"caption\":\"Reda\u00e7\u00e3o\"}}]}<\/script>\n<!-- \/ Yoast SEO plugin. -->","yoast_head_json":{"title":"O Supremo, os mensaleiros, e n\u00f3s, simples mortais - Notibras","robots":{"index":"index","follow":"follow","max-snippet":"max-snippet:-1","max-image-preview":"max-image-preview:large","max-video-preview":"max-video-preview:-1"},"canonical":"https:\/\/www.notibras.com\/site\/o-supremo-os-mensaleiros-e-nos-simples-mortais\/","og_locale":"pt_BR","og_type":"article","og_title":"O Supremo, os mensaleiros, e n\u00f3s, simples mortais - Notibras","og_description":"O Supremo Tribunal Federal reafirmou, no julgamento dos embargos infringentes do processo conhecido como mensal\u00e3o, sua soberania como corte constitucional. A supremacia do STF nas quest\u00f5es constitucionais \u00e9 estabelecida pela pr\u00f3pria Constitui\u00e7\u00e3o Federal, no entanto, o que vimos foi a reden\u00e7\u00e3o de um partido pol\u00edtico por meio de votos constru\u00eddos com o fim \u00fanico de [&hellip;]","og_url":"https:\/\/www.notibras.com\/site\/o-supremo-os-mensaleiros-e-nos-simples-mortais\/","og_site_name":"Notibras","article_publisher":"https:\/\/www.facebook.com\/notibras\/","article_published_time":"2014-03-03T13:52:00+00:00","article_modified_time":"2014-03-03T14:01:52+00:00","og_image":[{"width":640,"height":423,"url":"https:\/\/www.notibras.com\/site\/wp-content\/uploads\/2014\/03\/STF.jpg","type":"image\/jpeg"}],"author":"Reda\u00e7\u00e3o","twitter_card":"summary_large_image","twitter_creator":"@Notibras","twitter_site":"@Notibras","twitter_misc":{"Escrito por":"Reda\u00e7\u00e3o","Est. tempo de leitura":"2 minutos"},"schema":{"@context":"https:\/\/schema.org","@graph":[{"@type":"Article","@id":"https:\/\/www.notibras.com\/site\/o-supremo-os-mensaleiros-e-nos-simples-mortais\/#article","isPartOf":{"@id":"https:\/\/www.notibras.com\/site\/o-supremo-os-mensaleiros-e-nos-simples-mortais\/"},"author":{"name":"Reda\u00e7\u00e3o","@id":"https:\/\/www.notibras.com\/site\/#\/schema\/person\/36ab0979449956132d3e5b517ea76ac8"},"headline":"O Supremo, os mensaleiros, e n\u00f3s, simples mortais","datePublished":"2014-03-03T13:52:00+00:00","dateModified":"2014-03-03T14:01:52+00:00","mainEntityOfPage":{"@id":"https:\/\/www.notibras.com\/site\/o-supremo-os-mensaleiros-e-nos-simples-mortais\/"},"wordCount":347,"commentCount":0,"publisher":{"@id":"https:\/\/www.notibras.com\/site\/#organization"},"image":{"@id":"https:\/\/www.notibras.com\/site\/o-supremo-os-mensaleiros-e-nos-simples-mortais\/#primaryimage"},"thumbnailUrl":"https:\/\/www.notibras.com\/site\/wp-content\/uploads\/2014\/03\/STF.jpg","articleSection":["Opina a\u00ed"],"inLanguage":"pt-BR","potentialAction":[{"@type":"CommentAction","name":"Comment","target":["https:\/\/www.notibras.com\/site\/o-supremo-os-mensaleiros-e-nos-simples-mortais\/#respond"]}]},{"@type":"WebPage","@id":"https:\/\/www.notibras.com\/site\/o-supremo-os-mensaleiros-e-nos-simples-mortais\/","url":"https:\/\/www.notibras.com\/site\/o-supremo-os-mensaleiros-e-nos-simples-mortais\/","name":"O Supremo, os mensaleiros, e n\u00f3s, simples mortais - Notibras","isPartOf":{"@id":"https:\/\/www.notibras.com\/site\/#website"},"primaryImageOfPage":{"@id":"https:\/\/www.notibras.com\/site\/o-supremo-os-mensaleiros-e-nos-simples-mortais\/#primaryimage"},"image":{"@id":"https:\/\/www.notibras.com\/site\/o-supremo-os-mensaleiros-e-nos-simples-mortais\/#primaryimage"},"thumbnailUrl":"https:\/\/www.notibras.com\/site\/wp-content\/uploads\/2014\/03\/STF.jpg","datePublished":"2014-03-03T13:52:00+00:00","dateModified":"2014-03-03T14:01:52+00:00","breadcrumb":{"@id":"https:\/\/www.notibras.com\/site\/o-supremo-os-mensaleiros-e-nos-simples-mortais\/#breadcrumb"},"inLanguage":"pt-BR","potentialAction":[{"@type":"ReadAction","target":["https:\/\/www.notibras.com\/site\/o-supremo-os-mensaleiros-e-nos-simples-mortais\/"]}]},{"@type":"ImageObject","inLanguage":"pt-BR","@id":"https:\/\/www.notibras.com\/site\/o-supremo-os-mensaleiros-e-nos-simples-mortais\/#primaryimage","url":"https:\/\/www.notibras.com\/site\/wp-content\/uploads\/2014\/03\/STF.jpg","contentUrl":"https:\/\/www.notibras.com\/site\/wp-content\/uploads\/2014\/03\/STF.jpg","width":640,"height":423},{"@type":"BreadcrumbList","@id":"https:\/\/www.notibras.com\/site\/o-supremo-os-mensaleiros-e-nos-simples-mortais\/#breadcrumb","itemListElement":[{"@type":"ListItem","position":1,"name":"In\u00edcio","item":"https:\/\/www.notibras.com\/site\/"},{"@type":"ListItem","position":2,"name":"O Supremo, os mensaleiros, e n\u00f3s, simples mortais"}]},{"@type":"WebSite","@id":"https:\/\/www.notibras.com\/site\/#website","url":"https:\/\/www.notibras.com\/site\/","name":"Notibras","description":"Not\u00edcias de Bras\u00edlia, do Brasil e do Mundo","publisher":{"@id":"https:\/\/www.notibras.com\/site\/#organization"},"potentialAction":[{"@type":"SearchAction","target":{"@type":"EntryPoint","urlTemplate":"https:\/\/www.notibras.com\/site\/?s={search_term_string}"},"query-input":{"@type":"PropertyValueSpecification","valueRequired":true,"valueName":"search_term_string"}}],"inLanguage":"pt-BR"},{"@type":"Organization","@id":"https:\/\/www.notibras.com\/site\/#organization","name":"Grupo Notibras de Comunica\u00e7\u00e3o","url":"https:\/\/www.notibras.com\/site\/","logo":{"@type":"ImageObject","inLanguage":"pt-BR","@id":"https:\/\/www.notibras.com\/site\/#\/schema\/logo\/image\/","url":"https:\/\/www.notibras.com\/site\/wp-content\/uploads\/2023\/01\/notibras23.png","contentUrl":"https:\/\/www.notibras.com\/site\/wp-content\/uploads\/2023\/01\/notibras23.png","width":350,"height":87,"caption":"Grupo Notibras de Comunica\u00e7\u00e3o"},"image":{"@id":"https:\/\/www.notibras.com\/site\/#\/schema\/logo\/image\/"},"sameAs":["https:\/\/www.facebook.com\/notibras\/","https:\/\/x.com\/Notibras","https:\/\/www.instagram.com\/notibras\/"]},{"@type":"Person","@id":"https:\/\/www.notibras.com\/site\/#\/schema\/person\/36ab0979449956132d3e5b517ea76ac8","name":"Reda\u00e7\u00e3o","image":{"@type":"ImageObject","inLanguage":"pt-BR","@id":"https:\/\/secure.gravatar.com\/avatar\/e0a867bdedb85fd243eadf09663511f96fc81e0720a4a42581f334ad4303aa6b?s=96&d=mm&r=g","url":"https:\/\/secure.gravatar.com\/avatar\/e0a867bdedb85fd243eadf09663511f96fc81e0720a4a42581f334ad4303aa6b?s=96&d=mm&r=g","contentUrl":"https:\/\/secure.gravatar.com\/avatar\/e0a867bdedb85fd243eadf09663511f96fc81e0720a4a42581f334ad4303aa6b?s=96&d=mm&r=g","caption":"Reda\u00e7\u00e3o"}}]}},"amp_enabled":true,"_links":{"self":[{"href":"https:\/\/www.notibras.com\/site\/wp-json\/wp\/v2\/posts\/3332","targetHints":{"allow":["GET"]}}],"collection":[{"href":"https:\/\/www.notibras.com\/site\/wp-json\/wp\/v2\/posts"}],"about":[{"href":"https:\/\/www.notibras.com\/site\/wp-json\/wp\/v2\/types\/post"}],"author":[{"embeddable":true,"href":"https:\/\/www.notibras.com\/site\/wp-json\/wp\/v2\/users\/2"}],"replies":[{"embeddable":true,"href":"https:\/\/www.notibras.com\/site\/wp-json\/wp\/v2\/comments?post=3332"}],"version-history":[{"count":0,"href":"https:\/\/www.notibras.com\/site\/wp-json\/wp\/v2\/posts\/3332\/revisions"}],"wp:featuredmedia":[{"embeddable":true,"href":"https:\/\/www.notibras.com\/site\/wp-json\/wp\/v2\/media\/3333"}],"wp:attachment":[{"href":"https:\/\/www.notibras.com\/site\/wp-json\/wp\/v2\/media?parent=3332"}],"wp:term":[{"taxonomy":"category","embeddable":true,"href":"https:\/\/www.notibras.com\/site\/wp-json\/wp\/v2\/categories?post=3332"},{"taxonomy":"post_tag","embeddable":true,"href":"https:\/\/www.notibras.com\/site\/wp-json\/wp\/v2\/tags?post=3332"}],"curies":[{"name":"wp","href":"https:\/\/api.w.org\/{rel}","templated":true}]}}