{"id":333200,"date":"2024-07-25T00:00:02","date_gmt":"2024-07-25T03:00:02","guid":{"rendered":"https:\/\/www.notibras.com\/site\/?p=333200"},"modified":"2024-07-25T06:31:11","modified_gmt":"2024-07-25T09:31:11","slug":"praticas-de-combate-a-pobreza-devem-priorizar-crianca-e-jovem","status":"publish","type":"post","link":"https:\/\/www.notibras.com\/site\/praticas-de-combate-a-pobreza-devem-priorizar-crianca-e-jovem\/","title":{"rendered":"Pr\u00e1ticas de combate \u00e0 pobreza devem priorizar crian\u00e7a e jovem"},"content":{"rendered":"<p>A For\u00e7a-Tarefa para a Alian\u00e7a Global contra a Fome e a Pobreza levar\u00e1 para a reuni\u00e3o dos l\u00edderes do G20, em novembro, no Rio de Janeiro, propostas de boas pr\u00e1ticas para combater esses problemas em todo o mundo. Para o Fundo das Na\u00e7\u00f5es Unidas para a Inf\u00e2ncia (Unicef), a prioridade dessas pr\u00e1ticas deve ser a crian\u00e7a e o adolescente.<\/p>\n<p>\u201cInfelizmente, ainda temos muitos desafios em rela\u00e7\u00e3o \u00e0 situa\u00e7\u00e3o das crian\u00e7as no mundo. E elas s\u00e3o desproporcionalmente impactadas pela pobreza e pela m\u00e1 nutri\u00e7\u00e3o\u201d, disse nesta quarta-feira (24) a chefe de Pol\u00edtica Social do Unicef no Brasil, Liliana Chopitea. Segundo Liliana, a Presid\u00eancia do Brasil havia colocado no centro desse debate a crian\u00e7a e o adolescente e convidado o Unicef a incluir o tema nas discuss\u00f5es entre os pa\u00edses do G20 que ocorrem desde segunda-feira (22), no Rio, em torno da cria\u00e7\u00e3o da Alian\u00e7a Global contra a Fome e a Pobreza.<\/p>\n<p>Em todo o mundo, 333 milh\u00f5es de crian\u00e7as que vivem em extrema pobreza e 1 bilh\u00e3o, em pobreza multidimensional, isto \u00e9, t\u00eam priva\u00e7\u00e3o de algum direito essencial, como moradia, \u00e1gua e saneamento, renda digna, educa\u00e7\u00e3o. \u201c\u00c9 importante que as respostas tamb\u00e9m sejam intersetoriais, porque precisamos que a luta para redu\u00e7\u00e3o da pobreza entre as crian\u00e7as tenha esse olhar de pol\u00edtica p\u00fablica intersetorial\u201d.<\/p>\n<p>Liliana Chopitea afirmou que o pr\u00e9-lan\u00e7amento da Alian\u00e7a Global pela Presid\u00eancia do Brasil visa, justamente, encontrar boas pr\u00e1ticas e identificar as pol\u00edticas efetivas que j\u00e1 existem, para que possam ser compartilhadas e aplicadas em diferentes contextos, naturalmente dependendo das realidades nacionais.<\/p>\n<p><strong>Decis\u00e3o pol\u00edtica<\/strong><br \/>\nDe acordo com Liliana, a presen\u00e7a do Unicef em mais de 190 pa\u00edses faz com que a organiza\u00e7\u00e3o conhe\u00e7a e trabalhe de perto com muitos governos para solu\u00e7\u00f5es eficazes da pobreza e da m\u00e1 nutri\u00e7\u00e3o. Para ela, n\u00e3o existe nenhum segredo novo. \u201cJ\u00e1 \u00e9 claro o que tem de ser feito. O que falta \u00e9 a decis\u00e3o pol\u00edtica\u201d. Liliana destacou que na reuni\u00e3o ministerial de hoje, o presidente Luiz In\u00e1cio Lula da Silva mencionou um compromisso pol\u00edtico importante: priorizar a luta contra a fome a pobreza e incluir as crian\u00e7as nessa agenda.<\/p>\n<p>\u201cO Unicef traz a mensagem clara de que n\u00e3o existe nada novo e que pol\u00edticas bem-sucedidas foram implementadas em muitos pa\u00edses, inclusive no Brasil, para redu\u00e7\u00e3o da pobreza. N\u00e3o temos que inventar nada. [As pol\u00edticas] est\u00e3o a\u00ed. E \u00e9 necess\u00e1ria uma decis\u00e3o pol\u00edtica que os membros do G20 estariam assumindo, porque isso \u00e9 prioridade: as crian\u00e7as t\u00eam que estar no centro da discuss\u00e3o. \u00c9 importante tamb\u00e9m que os recursos financeiros sejam aplicados para priorizar as pol\u00edticas que, efetivamente, ajudem na redu\u00e7\u00e3o da pobreza multidimensional e da m\u00e1 nutri\u00e7\u00e3o\u201d, refor\u00e7ou.<\/p>\n<p><strong>Amplia\u00e7\u00e3o<\/strong><br \/>\nSegundo a chefe de Pol\u00edtica Social do Unicef, a cobertura da prote\u00e7\u00e3o social precisa ser mais ampla. A prote\u00e7\u00e3o social \u00e9 um dos caminhos, mas deve ser integrada a v\u00e1rios outros caminhos. No caso da crian\u00e7a e do adolescente, o objetivo \u00e9 facilitar o acesso \u00e0 nutri\u00e7\u00e3o e a outras necessidades b\u00e1sicas, como \u00e1gua e saneamento, que muitas vezes impedem as crian\u00e7as de ter as facilidades e de estarem protegidas contra problemas de sa\u00fade; facilitar o acesso \u00e0 educa\u00e7\u00e3o, \u00e0 cobertura vacinal. \u201c\u00c9 uma s\u00e9rie de pol\u00edticas integradas para reduzir a pobreza infantil multidimensional.\u201d<\/p>\n<p>Liliana acentuou tamb\u00e9m a quest\u00e3o do or\u00e7amento, que est\u00e1 sendo analisada no \u00e2mbito da For\u00e7a-Tarefa para a Alian\u00e7a Global, e a parte financeira, ou seja, como os espa\u00e7os fiscais estabelecidos dentro dos pa\u00edses de modo que existam recursos suficientes para implementa\u00e7\u00e3o das pol\u00edticas.<\/p>\n<p>Ela destacou a apresenta\u00e7\u00e3o oficial da proposta do Brasil para cria\u00e7\u00e3o da For\u00e7a-Tarefa para a Alian\u00e7a Global contra a Fome e a Pobreza durante os debates, que j\u00e1 est\u00e1 recebendo ades\u00e3o de outros pa\u00edses fora do G20. O convite foi feito hoje, e o lan\u00e7amento oficial da alian\u00e7a ser\u00e1 em novembro, durante a C\u00fapula dos L\u00edderes do G20, que re\u00fane as 19 maiores economias do mundo, mais a Uni\u00e3o Africana e Uni\u00e3o Europeia.<\/p>\n","protected":false},"excerpt":{"rendered":"<p>A For\u00e7a-Tarefa para a Alian\u00e7a Global contra a Fome e a Pobreza levar\u00e1 para a reuni\u00e3o dos l\u00edderes do G20, em novembro, no Rio de Janeiro, propostas de boas pr\u00e1ticas para combater esses problemas em todo o mundo. Para o Fundo das Na\u00e7\u00f5es Unidas para a Inf\u00e2ncia (Unicef), a prioridade dessas pr\u00e1ticas deve ser a [&hellip;]<\/p>\n","protected":false},"author":2,"featured_media":333201,"comment_status":"closed","ping_status":"closed","sticky":false,"template":"","format":"standard","meta":{"_acf_changed":false,"footnotes":""},"categories":[161],"tags":[],"class_list":["post-333200","post","type-post","status-publish","format-standard","has-post-thumbnail","hentry","category-quadradinho-em-foco"],"acf":[],"_links":{"self":[{"href":"https:\/\/www.notibras.com\/site\/wp-json\/wp\/v2\/posts\/333200","targetHints":{"allow":["GET"]}}],"collection":[{"href":"https:\/\/www.notibras.com\/site\/wp-json\/wp\/v2\/posts"}],"about":[{"href":"https:\/\/www.notibras.com\/site\/wp-json\/wp\/v2\/types\/post"}],"author":[{"embeddable":true,"href":"https:\/\/www.notibras.com\/site\/wp-json\/wp\/v2\/users\/2"}],"replies":[{"embeddable":true,"href":"https:\/\/www.notibras.com\/site\/wp-json\/wp\/v2\/comments?post=333200"}],"version-history":[{"count":1,"href":"https:\/\/www.notibras.com\/site\/wp-json\/wp\/v2\/posts\/333200\/revisions"}],"predecessor-version":[{"id":333202,"href":"https:\/\/www.notibras.com\/site\/wp-json\/wp\/v2\/posts\/333200\/revisions\/333202"}],"wp:featuredmedia":[{"embeddable":true,"href":"https:\/\/www.notibras.com\/site\/wp-json\/wp\/v2\/media\/333201"}],"wp:attachment":[{"href":"https:\/\/www.notibras.com\/site\/wp-json\/wp\/v2\/media?parent=333200"}],"wp:term":[{"taxonomy":"category","embeddable":true,"href":"https:\/\/www.notibras.com\/site\/wp-json\/wp\/v2\/categories?post=333200"},{"taxonomy":"post_tag","embeddable":true,"href":"https:\/\/www.notibras.com\/site\/wp-json\/wp\/v2\/tags?post=333200"}],"curies":[{"name":"wp","href":"https:\/\/api.w.org\/{rel}","templated":true}]}}