{"id":333203,"date":"2024-07-25T00:00:13","date_gmt":"2024-07-25T03:00:13","guid":{"rendered":"https:\/\/www.notibras.com\/site\/?p=333203"},"modified":"2024-07-25T06:40:28","modified_gmt":"2024-07-25T09:40:28","slug":"mec-alerta-para-golpes-e-lembra-que-inscricao-no-prouni-e-gratuita","status":"publish","type":"post","link":"https:\/\/www.notibras.com\/site\/mec-alerta-para-golpes-e-lembra-que-inscricao-no-prouni-e-gratuita\/","title":{"rendered":"MEC alerta para golpes e lembra que inscri\u00e7\u00e3o no Prouni \u00e9 gratuita"},"content":{"rendered":"<p>O Minist\u00e9rio da Educa\u00e7\u00e3o (MEC) divulgou nota nesta quarta-feira (24) enfatizando que as inscri\u00e7\u00f5es para o Programa Universidade para Todos (ProUni) s\u00e3o gratuitas e que o canal oficial e exclusivo para inscri\u00e7\u00e3o online para o segundo semestre de 2024 \u00e9 o Portal \u00danico de Acesso ao Ensino Superior.<\/p>\n<p>Desde 2004, o programa do governo federal oferta bolsas de estudo, integrais e parciais, em cursos de gradua\u00e7\u00e3o em institui\u00e7\u00f5es de educa\u00e7\u00e3o superior privadas.<\/p>\n<p>As afirma\u00e7\u00f5es do MEC foram feitas ap\u00f3s um site falso para inscri\u00e7\u00f5es no processo seletivo ser retirado do ar, na manh\u00e3 desta quarta-feira. A p\u00e1gina falsa tinha a mesma identidade visual da p\u00e1gina oficial para induzir o internauta a erro. Por\u00e9m, o endere\u00e7o da rede mundial de computadores, conhecido como URL, era diferente.<\/p>\n<p><strong>Golpe<\/strong><br \/>\nAntes de ser derrubado, o site falso solicitava a inser\u00e7\u00e3o de dados do candidato para ent\u00e3o direcion\u00e1-lo a uma mensagem falsa que dizia ser necess\u00e1rio o pagamento da taxa de inscri\u00e7\u00e3o de R$ 100 para finalizar o cadastro no programa.<\/p>\n<p>A mensagem do golpe ainda amea\u00e7ava o inscrito de ser desclassificado do Exame Nacional do Ensino M\u00e9dio (Enem) deste ano e de todas as futuras edi\u00e7\u00f5es, caso n\u00e3o pagasse o valor.<\/p>\n<p>No entanto, a cobran\u00e7a de qualquer valor para inscri\u00e7\u00e3o no Prouni \u00e9 indevida e ilegal.<\/p>\n<p><strong>Inscri\u00e7\u00f5es oficiais<\/strong><br \/>\nAs inscri\u00e7\u00f5es foram abertas pelo MEC nesta ter\u00e7a-feira (23) e os candidatos podem se inscrever\u202fat\u00e9 sexta-feira (26), somente pelo Portal \u00danico de Acesso ao Ensino Superior.<\/p>\n<p>Nessa segunda edi\u00e7\u00e3o de 2024, o Minist\u00e9rio da Educa\u00e7\u00e3o (MEC) oferece 243.850 bolsas, sendo 170.319 integrais (100%)\u202fe 73.531\u202fparciais (50%), distribu\u00eddas em\u202f367\u202fcursos de 901\u202finstitui\u00e7\u00f5es participantes do programa.<\/p>\n<p>Para se inscrever, o candidato precisa ter acesso ao portal \u00fanico de servi\u00e7os digitais do governo federal, o Gov.br, com login de Cadastro de Pessoa F\u00edsica\u202f(CPF)\u202fe senha cadastrados.<\/p>\n<p>No momento da inscri\u00e7\u00e3o, \u00e9 preciso\u202finformar\u202fendere\u00e7o de\u202fe-mail\u202fe n\u00famero de telefone v\u00e1lidos;\u202fpreencher dados cadastrais pr\u00f3prios e referentes ao grupo familiar; e\u202fselecionar,\u202fpor\u202fordem de prefer\u00eancia, at\u00e9\u202fduas\u202fop\u00e7\u00f5es de institui\u00e7\u00e3o, local de oferta, curso, turno, tipo de bolsa e modalidade de concorr\u00eancia dentre as dispon\u00edveis,\u202fconforme\u202fa\u202frenda familiar bruta mensal per capita\u202fdo\u202fcandidato.<\/p>\n<p>Os interessados em fazer as inscri\u00e7\u00f5es podem fazer a consulta\u202fdetalhada das bolsas, por curso, turno, institui\u00e7\u00e3o e local de oferta tamb\u00e9m no mesmo Portal \u00danico de Acesso ao Ensino Superior.<\/p>\n<p>Entre os crit\u00e9rios para participar do processo seletivo, \u00e9 necess\u00e1rio que o candidato tenha participado do Enem nas edi\u00e7\u00f5es de 2022 ou 2023, obtendo nota m\u00ednima de 450 pontos na m\u00e9dia das cinco provas e nota acima de zero na reda\u00e7\u00e3o.<\/p>\n<p>Outra condi\u00e7\u00e3o \u00e9 ter renda familiar per capita que n\u00e3o exceda um sal\u00e1rio m\u00ednimo e meio para bolsas integrais e tr\u00eas sal\u00e1rios m\u00ednimos para bolsas parciais.<\/p>\n<p>O p\u00fablico-alvo do programa federal \u00e9 o estudante sem diploma de n\u00edvel superior.<\/p>\n","protected":false},"excerpt":{"rendered":"<p>O Minist\u00e9rio da Educa\u00e7\u00e3o (MEC) divulgou nota nesta quarta-feira (24) enfatizando que as inscri\u00e7\u00f5es para o Programa Universidade para Todos (ProUni) s\u00e3o gratuitas e que o canal oficial e exclusivo para inscri\u00e7\u00e3o online para o segundo semestre de 2024 \u00e9 o Portal \u00danico de Acesso ao Ensino Superior. Desde 2004, o programa do governo federal [&hellip;]<\/p>\n","protected":false},"author":2,"featured_media":333204,"comment_status":"closed","ping_status":"closed","sticky":false,"template":"","format":"standard","meta":{"_acf_changed":false,"footnotes":""},"categories":[161],"tags":[],"class_list":["post-333203","post","type-post","status-publish","format-standard","has-post-thumbnail","hentry","category-quadradinho-em-foco"],"acf":[],"_links":{"self":[{"href":"https:\/\/www.notibras.com\/site\/wp-json\/wp\/v2\/posts\/333203","targetHints":{"allow":["GET"]}}],"collection":[{"href":"https:\/\/www.notibras.com\/site\/wp-json\/wp\/v2\/posts"}],"about":[{"href":"https:\/\/www.notibras.com\/site\/wp-json\/wp\/v2\/types\/post"}],"author":[{"embeddable":true,"href":"https:\/\/www.notibras.com\/site\/wp-json\/wp\/v2\/users\/2"}],"replies":[{"embeddable":true,"href":"https:\/\/www.notibras.com\/site\/wp-json\/wp\/v2\/comments?post=333203"}],"version-history":[{"count":1,"href":"https:\/\/www.notibras.com\/site\/wp-json\/wp\/v2\/posts\/333203\/revisions"}],"predecessor-version":[{"id":333205,"href":"https:\/\/www.notibras.com\/site\/wp-json\/wp\/v2\/posts\/333203\/revisions\/333205"}],"wp:featuredmedia":[{"embeddable":true,"href":"https:\/\/www.notibras.com\/site\/wp-json\/wp\/v2\/media\/333204"}],"wp:attachment":[{"href":"https:\/\/www.notibras.com\/site\/wp-json\/wp\/v2\/media?parent=333203"}],"wp:term":[{"taxonomy":"category","embeddable":true,"href":"https:\/\/www.notibras.com\/site\/wp-json\/wp\/v2\/categories?post=333203"},{"taxonomy":"post_tag","embeddable":true,"href":"https:\/\/www.notibras.com\/site\/wp-json\/wp\/v2\/tags?post=333203"}],"curies":[{"name":"wp","href":"https:\/\/api.w.org\/{rel}","templated":true}]}}