{"id":33325,"date":"2015-01-08T09:05:50","date_gmt":"2015-01-08T12:05:50","guid":{"rendered":"http:\/\/www.notibras.com\/site\/?p=33325"},"modified":"2015-01-08T09:29:18","modified_gmt":"2015-01-08T12:29:18","slug":"estados-se-mostram-preocupados-com-o-pagamento-do-novo-piso-para-professores","status":"publish","type":"post","link":"https:\/\/www.notibras.com\/site\/estados-se-mostram-preocupados-com-o-pagamento-do-novo-piso-para-professores\/","title":{"rendered":"Estados j\u00e1 se mostram preocupados em pagar o novo piso salarial dos professores"},"content":{"rendered":"<p>Os estados brasileiros relatam suas dificuldades para cumprir o novo piso salarial dos professores em 2015. O valor passou de R$ 1.697 em 2014 para R$ 1.917,78, um reajuste de 13,01%, acima da infla\u00e7\u00e3o e superior, segundo o Conselho Nacional de Secret\u00e1rios de Educa\u00e7\u00e3o (Consed), \u00e0 receita do Fundo de Manuten\u00e7\u00e3o e Desenvolvimento da Educa\u00e7\u00e3o B\u00e1sica e de Valoriza\u00e7\u00e3o dos Profissionais da Educa\u00e7\u00e3o (Fundeb).<\/p>\n<p>O secret\u00e1rio de Educa\u00e7\u00e3o do Rio Grande do Sul, Vieira da Cunha foi claro: \u201cEu disse ao pr\u00f3prio ministro que n\u00e3o haver\u00e1 sa\u00edda para o pagamento do piso, dadas as condi\u00e7\u00f5es financeiras do estado, sem o aporte de recursos federais\u201d, observou, em visita \u00e0 sede do Centro dos Professores do Estado do Rio Grande do Sul (Cpers Sindicato). O estado \u00e9 um dos que n\u00e3o conseguem cumprir a Lei do Piso (Lei 11.738\/2008), que estabelece que o valor m\u00ednimo deve ser pago no vencimento e n\u00e3o com gratifica\u00e7\u00f5es ou complementa\u00e7\u00f5es, como \u00e9 feito no Rio Grande do Sul.<\/p>\n<p>O estado n\u00e3o est\u00e1 sozinho. \u201cComo o reajuste tem sido superior \u00e0 receita do Fundeb, a conta em algum momento n\u00e3o vai fechar. H\u00e1 estados e munic\u00edpios que ultrapassaram, com o pagamento da folha, o valor do Fundeb. Tivemos um ano bastante dif\u00edcil\u201d, explica o presidente em exerc\u00edcio do Consed, Eduardo Deschamps, secret\u00e1rio de Educa\u00e7\u00e3o de Santa Catarina. O estado, segundo ele, discutir\u00e1, a partir da semana que vem, o impacto do reajuste do piso nos demais sal\u00e1rios, com o plano de carreira.<\/p>\n<p>Os secret\u00e1rios n\u00e3o negam a import\u00e2ncia do piso, essencial para a valoriza\u00e7\u00e3o dos docentes e tamb\u00e9m para o cumprimento do Plano Nacional de Educa\u00e7\u00e3o, que estabelece prazo de seis anos para a equipara\u00e7\u00e3o do sal\u00e1rio dos professores ao dos demais profissionais com escolaridade equivalente. Atualmente, o rendimento m\u00e9dio dos docentes representa aproximadamente 60% dos sal\u00e1rios m\u00e9dios dos demais profissionais.<\/p>\n<p>\u201cO piso foi uma conquista importante da educa\u00e7\u00e3o brasileira. Eu n\u00e3o tenho a menor d\u00favida de que a melhoria da qualidade da educa\u00e7\u00e3o b\u00e1sica passa pela valoriza\u00e7\u00e3o do professor\u201d, destaca o secret\u00e1rio de Educa\u00e7\u00e3o do Esp\u00edrito Santo, Haroldo Rocha. O estado n\u00e3o cumpre o piso para os professores com forma\u00e7\u00e3o de n\u00edvel m\u00e9dio. Segundo ele, s\u00e3o 80 docentes nessas condi\u00e7\u00f5es. O valor do vencimento inicial para a forma\u00e7\u00e3o \u00e9 R$ 579,26 por uma jornada de 25 horas. Para cumprir a lei, mesmo antes do ajuste, o valor seria R$ 1.060. O secret\u00e1rio acrescenta que o estado pretende corrigir esses sal\u00e1rios j\u00e1 com o reajuste.<\/p>\n<p>Ainda em in\u00edcio de mandato, os governos se organizam para avaliar o novo valor. No Paran\u00e1, por meio da assessoria de imprensa, a Secretaria da Educa\u00e7\u00e3o informa que vai tratar do assunto \u201cdentro da Comiss\u00e3o de Pol\u00edtica Salarial, que foi criada pelo Decreto 31\/2015. No momento, n\u00e3o temos ainda uma avalia\u00e7\u00e3o mais precisa\u201d. Na Bahia, \u201ca Secretaria da Administra\u00e7\u00e3o do Estado est\u00e1 fazendo a an\u00e1lise para verificar os impactos na folha de pagamento dos professores da ativa, aposentados e pensionistas com o novo piso nacional\u201d.<\/p>\n<p>A Lei do Piso estabelece o valor m\u00ednimo a ser pago aos professores com forma\u00e7\u00e3o de n\u00edvel m\u00e9dio, com jornada de 40 horas semanais. O reajuste \u00e9 feito anualmente, com base no aumento do percentual de crescimento do valor anual m\u00ednimo por aluno, referente aos anos iniciais do ensino fundamental urbano, ou seja, a varia\u00e7\u00e3o ocorrida no valor anual m\u00ednimo por aluno, definido nacionalmente pelo Fundeb.<\/p>\n<blockquote><p>O piso salarial subiu de R$ 950, em 2009, para R$ 1.024,67, em 2010, e R$ 1.187,14, em 2011. Em 2012, o valor era R$ 1.451. Em 2013, o piso passou para R$ 1.567 e em 2014 foi reajustado para R$ 1.697. O maior reajuste foi registrado em 2012, com 22,22%.<\/p><\/blockquote>\n<p>Antes de anunciar o novo valor, o ministro da Educa\u00e7\u00e3o, Cid Gomes, reuniu-se com com representantes do Consed, da Uni\u00e3o Nacional dos Dirigentes Municipais de Educa\u00e7\u00e3o e da Confedera\u00e7\u00e3o Nacional dos Trabalhadores em Educa\u00e7\u00e3o.<\/p>\n<p>Segundo as entidades, o ministro tem se mostrado aberto ao di\u00e1logo. O Consed, que ter\u00e1 ainda novas reuni\u00f5es com Gomes, discutir\u00e1 novos c\u00e1lculos para o reajuste anual de forma a garantir um aumento real, mas um impacto menor nas contas p\u00fablicas nos pr\u00f3ximos anos. Al\u00e9m disso, demandar\u00e1 o cumprimento do trecho da Lei do Piso que diz que a Uni\u00e3o dever\u00e1 complementar a integraliza\u00e7\u00e3o nos casos em que o ente federativo n\u00e3o tenha disponibilidade para cumprir o valor. \u201cFalta definir a forma ou o crit\u00e9rio para analisar quais os estados ou munic\u00edpios que n\u00e3o t\u00eam essas condi\u00e7\u00f5es\u201d, explica Deschamps, destacando essa como uma das pautas em conjunto com o minist\u00e9rio.<\/p>\n<p><strong>Mariana Tokarnia, ABr<br \/>\n<\/strong><\/p>\n","protected":false},"excerpt":{"rendered":"<p>Os estados brasileiros relatam suas dificuldades para cumprir o novo piso salarial dos professores em 2015. O valor passou de R$ 1.697 em 2014 para R$ 1.917,78, um reajuste de 13,01%, acima da infla\u00e7\u00e3o e superior, segundo o Conselho Nacional de Secret\u00e1rios de Educa\u00e7\u00e3o (Consed), \u00e0 receita do Fundo de Manuten\u00e7\u00e3o e Desenvolvimento da Educa\u00e7\u00e3o [&hellip;]<\/p>\n","protected":false},"author":1,"featured_media":33326,"comment_status":"open","ping_status":"closed","sticky":false,"template":"","format":"standard","meta":{"_acf_changed":false,"footnotes":""},"categories":[16],"tags":[],"class_list":["post-33325","post","type-post","status-publish","format-standard","has-post-thumbnail","hentry","category-brasil"],"acf":[],"yoast_head":"<!-- This site is optimized with the Yoast SEO plugin v27.2 - https:\/\/yoast.com\/product\/yoast-seo-wordpress\/ -->\n<title>Estados j\u00e1 se mostram preocupados em pagar o novo piso salarial dos professores - Notibras<\/title>\n<meta name=\"robots\" content=\"index, follow, max-snippet:-1, max-image-preview:large, max-video-preview:-1\" \/>\n<link rel=\"canonical\" href=\"https:\/\/www.notibras.com\/site\/estados-se-mostram-preocupados-com-o-pagamento-do-novo-piso-para-professores\/\" \/>\n<meta property=\"og:locale\" content=\"pt_BR\" \/>\n<meta property=\"og:type\" content=\"article\" \/>\n<meta property=\"og:title\" content=\"Estados j\u00e1 se mostram preocupados em pagar o novo piso salarial dos professores - Notibras\" \/>\n<meta property=\"og:description\" content=\"Os estados brasileiros relatam suas dificuldades para cumprir o novo piso salarial dos professores em 2015. O valor passou de R$ 1.697 em 2014 para R$ 1.917,78, um reajuste de 13,01%, acima da infla\u00e7\u00e3o e superior, segundo o Conselho Nacional de Secret\u00e1rios de Educa\u00e7\u00e3o (Consed), \u00e0 receita do Fundo de Manuten\u00e7\u00e3o e Desenvolvimento da Educa\u00e7\u00e3o [&hellip;]\" \/>\n<meta property=\"og:url\" content=\"https:\/\/www.notibras.com\/site\/estados-se-mostram-preocupados-com-o-pagamento-do-novo-piso-para-professores\/\" \/>\n<meta property=\"og:site_name\" content=\"Notibras\" \/>\n<meta property=\"article:publisher\" content=\"https:\/\/www.facebook.com\/notibras\/\" \/>\n<meta property=\"article:published_time\" content=\"2015-01-08T12:05:50+00:00\" \/>\n<meta property=\"article:modified_time\" content=\"2015-01-08T12:29:18+00:00\" \/>\n<meta property=\"og:image\" content=\"https:\/\/www.notibras.com\/site\/wp-content\/uploads\/2015\/01\/Sem-t\u00edtulo-127.jpg\" \/>\n\t<meta property=\"og:image:width\" content=\"350\" \/>\n\t<meta property=\"og:image:height\" content=\"217\" \/>\n\t<meta property=\"og:image:type\" content=\"image\/jpeg\" \/>\n<meta name=\"author\" content=\"Reda\u00e7\u00e3o\" \/>\n<meta name=\"twitter:card\" content=\"summary_large_image\" \/>\n<meta name=\"twitter:creator\" content=\"@Notibras\" \/>\n<meta name=\"twitter:site\" content=\"@Notibras\" \/>\n<meta name=\"twitter:label1\" content=\"Escrito por\" \/>\n\t<meta name=\"twitter:data1\" content=\"Reda\u00e7\u00e3o\" \/>\n\t<meta name=\"twitter:label2\" content=\"Est. tempo de leitura\" \/>\n\t<meta name=\"twitter:data2\" content=\"4 minutos\" \/>\n<script type=\"application\/ld+json\" class=\"yoast-schema-graph\">{\"@context\":\"https:\/\/schema.org\",\"@graph\":[{\"@type\":\"Article\",\"@id\":\"https:\/\/www.notibras.com\/site\/estados-se-mostram-preocupados-com-o-pagamento-do-novo-piso-para-professores\/#article\",\"isPartOf\":{\"@id\":\"https:\/\/www.notibras.com\/site\/estados-se-mostram-preocupados-com-o-pagamento-do-novo-piso-para-professores\/\"},\"author\":{\"name\":\"Reda\u00e7\u00e3o\",\"@id\":\"https:\/\/www.notibras.com\/site\/#\/schema\/person\/00b8e1aa08f9ef6563e878c5159d01cf\"},\"headline\":\"Estados j\u00e1 se mostram preocupados em pagar o novo piso salarial dos professores\",\"datePublished\":\"2015-01-08T12:05:50+00:00\",\"dateModified\":\"2015-01-08T12:29:18+00:00\",\"mainEntityOfPage\":{\"@id\":\"https:\/\/www.notibras.com\/site\/estados-se-mostram-preocupados-com-o-pagamento-do-novo-piso-para-professores\/\"},\"wordCount\":827,\"commentCount\":0,\"publisher\":{\"@id\":\"https:\/\/www.notibras.com\/site\/#organization\"},\"image\":{\"@id\":\"https:\/\/www.notibras.com\/site\/estados-se-mostram-preocupados-com-o-pagamento-do-novo-piso-para-professores\/#primaryimage\"},\"thumbnailUrl\":\"https:\/\/www.notibras.com\/site\/wp-content\/uploads\/2015\/01\/Sem-t\u00edtulo-127.jpg\",\"articleSection\":[\"Brasil\"],\"inLanguage\":\"pt-BR\",\"potentialAction\":[{\"@type\":\"CommentAction\",\"name\":\"Comment\",\"target\":[\"https:\/\/www.notibras.com\/site\/estados-se-mostram-preocupados-com-o-pagamento-do-novo-piso-para-professores\/#respond\"]}]},{\"@type\":\"WebPage\",\"@id\":\"https:\/\/www.notibras.com\/site\/estados-se-mostram-preocupados-com-o-pagamento-do-novo-piso-para-professores\/\",\"url\":\"https:\/\/www.notibras.com\/site\/estados-se-mostram-preocupados-com-o-pagamento-do-novo-piso-para-professores\/\",\"name\":\"Estados j\u00e1 se mostram preocupados em pagar o novo piso salarial dos professores - Notibras\",\"isPartOf\":{\"@id\":\"https:\/\/www.notibras.com\/site\/#website\"},\"primaryImageOfPage\":{\"@id\":\"https:\/\/www.notibras.com\/site\/estados-se-mostram-preocupados-com-o-pagamento-do-novo-piso-para-professores\/#primaryimage\"},\"image\":{\"@id\":\"https:\/\/www.notibras.com\/site\/estados-se-mostram-preocupados-com-o-pagamento-do-novo-piso-para-professores\/#primaryimage\"},\"thumbnailUrl\":\"https:\/\/www.notibras.com\/site\/wp-content\/uploads\/2015\/01\/Sem-t\u00edtulo-127.jpg\",\"datePublished\":\"2015-01-08T12:05:50+00:00\",\"dateModified\":\"2015-01-08T12:29:18+00:00\",\"breadcrumb\":{\"@id\":\"https:\/\/www.notibras.com\/site\/estados-se-mostram-preocupados-com-o-pagamento-do-novo-piso-para-professores\/#breadcrumb\"},\"inLanguage\":\"pt-BR\",\"potentialAction\":[{\"@type\":\"ReadAction\",\"target\":[\"https:\/\/www.notibras.com\/site\/estados-se-mostram-preocupados-com-o-pagamento-do-novo-piso-para-professores\/\"]}]},{\"@type\":\"ImageObject\",\"inLanguage\":\"pt-BR\",\"@id\":\"https:\/\/www.notibras.com\/site\/estados-se-mostram-preocupados-com-o-pagamento-do-novo-piso-para-professores\/#primaryimage\",\"url\":\"https:\/\/www.notibras.com\/site\/wp-content\/uploads\/2015\/01\/Sem-t\u00edtulo-127.jpg\",\"contentUrl\":\"https:\/\/www.notibras.com\/site\/wp-content\/uploads\/2015\/01\/Sem-t\u00edtulo-127.jpg\",\"width\":350,\"height\":217},{\"@type\":\"BreadcrumbList\",\"@id\":\"https:\/\/www.notibras.com\/site\/estados-se-mostram-preocupados-com-o-pagamento-do-novo-piso-para-professores\/#breadcrumb\",\"itemListElement\":[{\"@type\":\"ListItem\",\"position\":1,\"name\":\"In\u00edcio\",\"item\":\"https:\/\/www.notibras.com\/site\/\"},{\"@type\":\"ListItem\",\"position\":2,\"name\":\"Estados j\u00e1 se mostram preocupados em pagar o novo piso salarial dos professores\"}]},{\"@type\":\"WebSite\",\"@id\":\"https:\/\/www.notibras.com\/site\/#website\",\"url\":\"https:\/\/www.notibras.com\/site\/\",\"name\":\"Notibras\",\"description\":\"Not\u00edcias de Bras\u00edlia, do Brasil e do Mundo\",\"publisher\":{\"@id\":\"https:\/\/www.notibras.com\/site\/#organization\"},\"potentialAction\":[{\"@type\":\"SearchAction\",\"target\":{\"@type\":\"EntryPoint\",\"urlTemplate\":\"https:\/\/www.notibras.com\/site\/?s={search_term_string}\"},\"query-input\":{\"@type\":\"PropertyValueSpecification\",\"valueRequired\":true,\"valueName\":\"search_term_string\"}}],\"inLanguage\":\"pt-BR\"},{\"@type\":\"Organization\",\"@id\":\"https:\/\/www.notibras.com\/site\/#organization\",\"name\":\"Grupo Notibras de Comunica\u00e7\u00e3o\",\"url\":\"https:\/\/www.notibras.com\/site\/\",\"logo\":{\"@type\":\"ImageObject\",\"inLanguage\":\"pt-BR\",\"@id\":\"https:\/\/www.notibras.com\/site\/#\/schema\/logo\/image\/\",\"url\":\"https:\/\/www.notibras.com\/site\/wp-content\/uploads\/2023\/01\/notibras23.png\",\"contentUrl\":\"https:\/\/www.notibras.com\/site\/wp-content\/uploads\/2023\/01\/notibras23.png\",\"width\":350,\"height\":87,\"caption\":\"Grupo Notibras de Comunica\u00e7\u00e3o\"},\"image\":{\"@id\":\"https:\/\/www.notibras.com\/site\/#\/schema\/logo\/image\/\"},\"sameAs\":[\"https:\/\/www.facebook.com\/notibras\/\",\"https:\/\/x.com\/Notibras\",\"https:\/\/www.instagram.com\/notibras\/\"]},{\"@type\":\"Person\",\"@id\":\"https:\/\/www.notibras.com\/site\/#\/schema\/person\/00b8e1aa08f9ef6563e878c5159d01cf\",\"name\":\"Reda\u00e7\u00e3o\",\"image\":{\"@type\":\"ImageObject\",\"inLanguage\":\"pt-BR\",\"@id\":\"https:\/\/secure.gravatar.com\/avatar\/ac5a707d5b47784a5ed426c6e213e201423c750890f64e4c379114dade67dfb9?s=96&d=mm&r=g\",\"url\":\"https:\/\/secure.gravatar.com\/avatar\/ac5a707d5b47784a5ed426c6e213e201423c750890f64e4c379114dade67dfb9?s=96&d=mm&r=g\",\"contentUrl\":\"https:\/\/secure.gravatar.com\/avatar\/ac5a707d5b47784a5ed426c6e213e201423c750890f64e4c379114dade67dfb9?s=96&d=mm&r=g\",\"caption\":\"Reda\u00e7\u00e3o\"}}]}<\/script>\n<!-- \/ Yoast SEO plugin. -->","yoast_head_json":{"title":"Estados j\u00e1 se mostram preocupados em pagar o novo piso salarial dos professores - Notibras","robots":{"index":"index","follow":"follow","max-snippet":"max-snippet:-1","max-image-preview":"max-image-preview:large","max-video-preview":"max-video-preview:-1"},"canonical":"https:\/\/www.notibras.com\/site\/estados-se-mostram-preocupados-com-o-pagamento-do-novo-piso-para-professores\/","og_locale":"pt_BR","og_type":"article","og_title":"Estados j\u00e1 se mostram preocupados em pagar o novo piso salarial dos professores - Notibras","og_description":"Os estados brasileiros relatam suas dificuldades para cumprir o novo piso salarial dos professores em 2015. O valor passou de R$ 1.697 em 2014 para R$ 1.917,78, um reajuste de 13,01%, acima da infla\u00e7\u00e3o e superior, segundo o Conselho Nacional de Secret\u00e1rios de Educa\u00e7\u00e3o (Consed), \u00e0 receita do Fundo de Manuten\u00e7\u00e3o e Desenvolvimento da Educa\u00e7\u00e3o [&hellip;]","og_url":"https:\/\/www.notibras.com\/site\/estados-se-mostram-preocupados-com-o-pagamento-do-novo-piso-para-professores\/","og_site_name":"Notibras","article_publisher":"https:\/\/www.facebook.com\/notibras\/","article_published_time":"2015-01-08T12:05:50+00:00","article_modified_time":"2015-01-08T12:29:18+00:00","og_image":[{"width":350,"height":217,"url":"https:\/\/www.notibras.com\/site\/wp-content\/uploads\/2015\/01\/Sem-t\u00edtulo-127.jpg","type":"image\/jpeg"}],"author":"Reda\u00e7\u00e3o","twitter_card":"summary_large_image","twitter_creator":"@Notibras","twitter_site":"@Notibras","twitter_misc":{"Escrito por":"Reda\u00e7\u00e3o","Est. tempo de leitura":"4 minutos"},"schema":{"@context":"https:\/\/schema.org","@graph":[{"@type":"Article","@id":"https:\/\/www.notibras.com\/site\/estados-se-mostram-preocupados-com-o-pagamento-do-novo-piso-para-professores\/#article","isPartOf":{"@id":"https:\/\/www.notibras.com\/site\/estados-se-mostram-preocupados-com-o-pagamento-do-novo-piso-para-professores\/"},"author":{"name":"Reda\u00e7\u00e3o","@id":"https:\/\/www.notibras.com\/site\/#\/schema\/person\/00b8e1aa08f9ef6563e878c5159d01cf"},"headline":"Estados j\u00e1 se mostram preocupados em pagar o novo piso salarial dos professores","datePublished":"2015-01-08T12:05:50+00:00","dateModified":"2015-01-08T12:29:18+00:00","mainEntityOfPage":{"@id":"https:\/\/www.notibras.com\/site\/estados-se-mostram-preocupados-com-o-pagamento-do-novo-piso-para-professores\/"},"wordCount":827,"commentCount":0,"publisher":{"@id":"https:\/\/www.notibras.com\/site\/#organization"},"image":{"@id":"https:\/\/www.notibras.com\/site\/estados-se-mostram-preocupados-com-o-pagamento-do-novo-piso-para-professores\/#primaryimage"},"thumbnailUrl":"https:\/\/www.notibras.com\/site\/wp-content\/uploads\/2015\/01\/Sem-t\u00edtulo-127.jpg","articleSection":["Brasil"],"inLanguage":"pt-BR","potentialAction":[{"@type":"CommentAction","name":"Comment","target":["https:\/\/www.notibras.com\/site\/estados-se-mostram-preocupados-com-o-pagamento-do-novo-piso-para-professores\/#respond"]}]},{"@type":"WebPage","@id":"https:\/\/www.notibras.com\/site\/estados-se-mostram-preocupados-com-o-pagamento-do-novo-piso-para-professores\/","url":"https:\/\/www.notibras.com\/site\/estados-se-mostram-preocupados-com-o-pagamento-do-novo-piso-para-professores\/","name":"Estados j\u00e1 se mostram preocupados em pagar o novo piso salarial dos professores - Notibras","isPartOf":{"@id":"https:\/\/www.notibras.com\/site\/#website"},"primaryImageOfPage":{"@id":"https:\/\/www.notibras.com\/site\/estados-se-mostram-preocupados-com-o-pagamento-do-novo-piso-para-professores\/#primaryimage"},"image":{"@id":"https:\/\/www.notibras.com\/site\/estados-se-mostram-preocupados-com-o-pagamento-do-novo-piso-para-professores\/#primaryimage"},"thumbnailUrl":"https:\/\/www.notibras.com\/site\/wp-content\/uploads\/2015\/01\/Sem-t\u00edtulo-127.jpg","datePublished":"2015-01-08T12:05:50+00:00","dateModified":"2015-01-08T12:29:18+00:00","breadcrumb":{"@id":"https:\/\/www.notibras.com\/site\/estados-se-mostram-preocupados-com-o-pagamento-do-novo-piso-para-professores\/#breadcrumb"},"inLanguage":"pt-BR","potentialAction":[{"@type":"ReadAction","target":["https:\/\/www.notibras.com\/site\/estados-se-mostram-preocupados-com-o-pagamento-do-novo-piso-para-professores\/"]}]},{"@type":"ImageObject","inLanguage":"pt-BR","@id":"https:\/\/www.notibras.com\/site\/estados-se-mostram-preocupados-com-o-pagamento-do-novo-piso-para-professores\/#primaryimage","url":"https:\/\/www.notibras.com\/site\/wp-content\/uploads\/2015\/01\/Sem-t\u00edtulo-127.jpg","contentUrl":"https:\/\/www.notibras.com\/site\/wp-content\/uploads\/2015\/01\/Sem-t\u00edtulo-127.jpg","width":350,"height":217},{"@type":"BreadcrumbList","@id":"https:\/\/www.notibras.com\/site\/estados-se-mostram-preocupados-com-o-pagamento-do-novo-piso-para-professores\/#breadcrumb","itemListElement":[{"@type":"ListItem","position":1,"name":"In\u00edcio","item":"https:\/\/www.notibras.com\/site\/"},{"@type":"ListItem","position":2,"name":"Estados j\u00e1 se mostram preocupados em pagar o novo piso salarial dos professores"}]},{"@type":"WebSite","@id":"https:\/\/www.notibras.com\/site\/#website","url":"https:\/\/www.notibras.com\/site\/","name":"Notibras","description":"Not\u00edcias de Bras\u00edlia, do Brasil e do Mundo","publisher":{"@id":"https:\/\/www.notibras.com\/site\/#organization"},"potentialAction":[{"@type":"SearchAction","target":{"@type":"EntryPoint","urlTemplate":"https:\/\/www.notibras.com\/site\/?s={search_term_string}"},"query-input":{"@type":"PropertyValueSpecification","valueRequired":true,"valueName":"search_term_string"}}],"inLanguage":"pt-BR"},{"@type":"Organization","@id":"https:\/\/www.notibras.com\/site\/#organization","name":"Grupo Notibras de Comunica\u00e7\u00e3o","url":"https:\/\/www.notibras.com\/site\/","logo":{"@type":"ImageObject","inLanguage":"pt-BR","@id":"https:\/\/www.notibras.com\/site\/#\/schema\/logo\/image\/","url":"https:\/\/www.notibras.com\/site\/wp-content\/uploads\/2023\/01\/notibras23.png","contentUrl":"https:\/\/www.notibras.com\/site\/wp-content\/uploads\/2023\/01\/notibras23.png","width":350,"height":87,"caption":"Grupo Notibras de Comunica\u00e7\u00e3o"},"image":{"@id":"https:\/\/www.notibras.com\/site\/#\/schema\/logo\/image\/"},"sameAs":["https:\/\/www.facebook.com\/notibras\/","https:\/\/x.com\/Notibras","https:\/\/www.instagram.com\/notibras\/"]},{"@type":"Person","@id":"https:\/\/www.notibras.com\/site\/#\/schema\/person\/00b8e1aa08f9ef6563e878c5159d01cf","name":"Reda\u00e7\u00e3o","image":{"@type":"ImageObject","inLanguage":"pt-BR","@id":"https:\/\/secure.gravatar.com\/avatar\/ac5a707d5b47784a5ed426c6e213e201423c750890f64e4c379114dade67dfb9?s=96&d=mm&r=g","url":"https:\/\/secure.gravatar.com\/avatar\/ac5a707d5b47784a5ed426c6e213e201423c750890f64e4c379114dade67dfb9?s=96&d=mm&r=g","contentUrl":"https:\/\/secure.gravatar.com\/avatar\/ac5a707d5b47784a5ed426c6e213e201423c750890f64e4c379114dade67dfb9?s=96&d=mm&r=g","caption":"Reda\u00e7\u00e3o"}}]}},"amp_enabled":true,"_links":{"self":[{"href":"https:\/\/www.notibras.com\/site\/wp-json\/wp\/v2\/posts\/33325","targetHints":{"allow":["GET"]}}],"collection":[{"href":"https:\/\/www.notibras.com\/site\/wp-json\/wp\/v2\/posts"}],"about":[{"href":"https:\/\/www.notibras.com\/site\/wp-json\/wp\/v2\/types\/post"}],"author":[{"embeddable":true,"href":"https:\/\/www.notibras.com\/site\/wp-json\/wp\/v2\/users\/1"}],"replies":[{"embeddable":true,"href":"https:\/\/www.notibras.com\/site\/wp-json\/wp\/v2\/comments?post=33325"}],"version-history":[{"count":0,"href":"https:\/\/www.notibras.com\/site\/wp-json\/wp\/v2\/posts\/33325\/revisions"}],"wp:featuredmedia":[{"embeddable":true,"href":"https:\/\/www.notibras.com\/site\/wp-json\/wp\/v2\/media\/33326"}],"wp:attachment":[{"href":"https:\/\/www.notibras.com\/site\/wp-json\/wp\/v2\/media?parent=33325"}],"wp:term":[{"taxonomy":"category","embeddable":true,"href":"https:\/\/www.notibras.com\/site\/wp-json\/wp\/v2\/categories?post=33325"},{"taxonomy":"post_tag","embeddable":true,"href":"https:\/\/www.notibras.com\/site\/wp-json\/wp\/v2\/tags?post=33325"}],"curies":[{"name":"wp","href":"https:\/\/api.w.org\/{rel}","templated":true}]}}