{"id":333251,"date":"2024-07-25T09:55:48","date_gmt":"2024-07-25T12:55:48","guid":{"rendered":"https:\/\/www.notibras.com\/site\/?p=333251"},"modified":"2024-07-25T12:33:01","modified_gmt":"2024-07-25T15:33:01","slug":"cicero-e-dinho-assinam-termo-para-emprestimo-de-55-mi-de-euros","status":"publish","type":"post","link":"https:\/\/www.notibras.com\/site\/cicero-e-dinho-assinam-termo-para-emprestimo-de-55-mi-de-euros\/","title":{"rendered":"C\u00edcero e Dinho assinam termo para empr\u00e9stimo de 55 mi de euros"},"content":{"rendered":"<p>O prefeito de Jo\u00e3o Pessoa, C\u00edcero Lucena (PP), e o presidente da C\u00e2mara, Dinho Dowsley (PSD), deram mais um passo para a viabiliza\u00e7\u00e3o do empr\u00e9stimo de 55,5 milh\u00f5es de euros (R$ 336 milh\u00f5es) junto \u00e0 Ag\u00eancia Francesa de Desenvolvimento \u2013 AFD. A assinatura do contrato ocorreu na ter\u00e7a-feira (23), restando agora apenas a libera\u00e7\u00e3o do Senado e do Tesouro Nacional para a concretiza\u00e7\u00e3o da opera\u00e7\u00e3o de cr\u00e9dito.<\/p>\n<p>A a\u00e7\u00e3o prev\u00ea a destina\u00e7\u00e3o dos recursos para investimentos nas \u00e1reas de mobilidade e revitaliza\u00e7\u00e3o do Rio Jaguaribe. Ser\u00e3o 44,3 milh\u00f5es de euros a Ag\u00eancia Francesa e 11 milh\u00f5es de euros de contrapartida do poder p\u00fablico municipal.<\/p>\n<p>De acordo com o presidente da C\u00e2mara de Jo\u00e3o Pessoa, os recursos v\u00e3o garantir um salto qualitativo nos investimentos na mobilidade da capital, al\u00e9m de ganhos para o meio ambiente. &#8220;A Casa de Napole\u00e3o Laureano tem acompanhado todas as fases da negocia\u00e7\u00e3o. O projeto que autorizou o empr\u00e9stimo, inclusive, foi aprovado em tempo recorde na C\u00e2mara&#8221;, ressaltou Dinho Dowsley (PSD).<\/p>\n<p>Do montante total do empr\u00e9stimo, 33,3 milh\u00f5es de euros ser\u00e3o destinados a obras de mobilidade, sendo 30 milh\u00f5es fruto da Ag\u00eancia Francesa e 2,8 milh\u00f5es de contrapartida da Prefeitura de Jo\u00e3o Pessoa.<\/p>\n<p>Com rela\u00e7\u00e3o ao rio Jaguaribe, o valor de investimento \u00e9 de 18,6 milh\u00f5es de euros, sendo 13,2 milh\u00f5es da AFD e 5,4 milh\u00f5es de contrapartida da Prefeitura de Jo\u00e3o Pessoa. Al\u00e9m dessas a\u00e7\u00f5es, existem outros investimentos voltados para a gest\u00e3o s\u00f3cio ambiental do programa, com valor de 3,4 milh\u00f5es de euros, sendo 700 mil da Ag\u00eancia Francesa e 2,7 milh\u00f5es da PMJP.<\/p>\n","protected":false},"excerpt":{"rendered":"<p>O prefeito de Jo\u00e3o Pessoa, C\u00edcero Lucena (PP), e o presidente da C\u00e2mara, Dinho Dowsley (PSD), deram mais um passo para a viabiliza\u00e7\u00e3o do empr\u00e9stimo de 55,5 milh\u00f5es de euros (R$ 336 milh\u00f5es) junto \u00e0 Ag\u00eancia Francesa de Desenvolvimento \u2013 AFD. A assinatura do contrato ocorreu na ter\u00e7a-feira (23), restando agora apenas a libera\u00e7\u00e3o do [&hellip;]<\/p>\n","protected":false},"author":2,"featured_media":333252,"comment_status":"closed","ping_status":"closed","sticky":false,"template":"","format":"standard","meta":{"_acf_changed":false,"footnotes":""},"categories":[165,170],"tags":[],"class_list":["post-333251","post","type-post","status-publish","format-standard","has-post-thumbnail","hentry","category-nordeste","category-paraiba-nordeste"],"acf":[],"_links":{"self":[{"href":"https:\/\/www.notibras.com\/site\/wp-json\/wp\/v2\/posts\/333251","targetHints":{"allow":["GET"]}}],"collection":[{"href":"https:\/\/www.notibras.com\/site\/wp-json\/wp\/v2\/posts"}],"about":[{"href":"https:\/\/www.notibras.com\/site\/wp-json\/wp\/v2\/types\/post"}],"author":[{"embeddable":true,"href":"https:\/\/www.notibras.com\/site\/wp-json\/wp\/v2\/users\/2"}],"replies":[{"embeddable":true,"href":"https:\/\/www.notibras.com\/site\/wp-json\/wp\/v2\/comments?post=333251"}],"version-history":[{"count":1,"href":"https:\/\/www.notibras.com\/site\/wp-json\/wp\/v2\/posts\/333251\/revisions"}],"predecessor-version":[{"id":333253,"href":"https:\/\/www.notibras.com\/site\/wp-json\/wp\/v2\/posts\/333251\/revisions\/333253"}],"wp:featuredmedia":[{"embeddable":true,"href":"https:\/\/www.notibras.com\/site\/wp-json\/wp\/v2\/media\/333252"}],"wp:attachment":[{"href":"https:\/\/www.notibras.com\/site\/wp-json\/wp\/v2\/media?parent=333251"}],"wp:term":[{"taxonomy":"category","embeddable":true,"href":"https:\/\/www.notibras.com\/site\/wp-json\/wp\/v2\/categories?post=333251"},{"taxonomy":"post_tag","embeddable":true,"href":"https:\/\/www.notibras.com\/site\/wp-json\/wp\/v2\/tags?post=333251"}],"curies":[{"name":"wp","href":"https:\/\/api.w.org\/{rel}","templated":true}]}}