{"id":333262,"date":"2024-07-26T00:23:46","date_gmt":"2024-07-26T03:23:46","guid":{"rendered":"https:\/\/www.notibras.com\/site\/?p=333262"},"modified":"2024-07-26T00:24:00","modified_gmt":"2024-07-26T03:24:00","slug":"aranhas-invadem-ponto-turistico-e-governo-liga-sinal-amarelo","status":"publish","type":"post","link":"https:\/\/www.notibras.com\/site\/aranhas-invadem-ponto-turistico-e-governo-liga-sinal-amarelo\/","title":{"rendered":"Aranhas invadem ponto tur\u00edstico e governo liga sinal amarelo"},"content":{"rendered":"<p>A Lagoa da Jansen, um dos principais pontos tur\u00edsticos de S\u00e3o Lu\u00eds, foi invadida por milh\u00f5es de aranhas, criando uma cena impressionante e e ao mesmo tempo assustadora.<\/p>\n<p>As aranhas teceram teias que descem das copas das \u00e1rvores como um v\u00e9u, cobrindo pequenas plantas, espalhando-se pelo capim e envolvendo postes e outras estruturas ao redor da lagoa.<\/p>\n<p>Este fen\u00f4meno pode ocorrer em certas condi\u00e7\u00f5es ambientais, como alta umidade e mudan\u00e7as na temperatura, que favorecem o aumento da popula\u00e7\u00e3o de aranhas e a constru\u00e7\u00e3o de teias em massa.<\/p>\n<p>A invas\u00e3o de aranhas \u00e9 um espet\u00e1culo natural, mas tamb\u00e9m pode levantar preocupa\u00e7\u00f5es sobre o impacto na flora e fauna locais, al\u00e9m de quest\u00f5es de seguran\u00e7a para os visitantes.<\/p>\n<p>As autoridades sanit\u00e1rias est\u00e3o monitorando a situa\u00e7\u00e3o para avaliar o impacto e determinar se s\u00e3o necess\u00e1rias medidas de controle ou manejo para garantir a seguran\u00e7a dos frequentadores da Lagoa da Jansen. O fen\u00f4meno vem aumentando gradualmente nos \u00faltimos cinco anos.<\/p>\n","protected":false},"excerpt":{"rendered":"<p>A Lagoa da Jansen, um dos principais pontos tur\u00edsticos de S\u00e3o Lu\u00eds, foi invadida por milh\u00f5es de aranhas, criando uma cena impressionante e e ao mesmo tempo assustadora. As aranhas teceram teias que descem das copas das \u00e1rvores como um v\u00e9u, cobrindo pequenas plantas, espalhando-se pelo capim e envolvendo postes e outras estruturas ao redor [&hellip;]<\/p>\n","protected":false},"author":2,"featured_media":333263,"comment_status":"closed","ping_status":"closed","sticky":false,"template":"","format":"standard","meta":{"_acf_changed":false,"footnotes":""},"categories":[169,165],"tags":[],"class_list":["post-333262","post","type-post","status-publish","format-standard","has-post-thumbnail","hentry","category-maranhao","category-nordeste"],"acf":[],"_links":{"self":[{"href":"https:\/\/www.notibras.com\/site\/wp-json\/wp\/v2\/posts\/333262","targetHints":{"allow":["GET"]}}],"collection":[{"href":"https:\/\/www.notibras.com\/site\/wp-json\/wp\/v2\/posts"}],"about":[{"href":"https:\/\/www.notibras.com\/site\/wp-json\/wp\/v2\/types\/post"}],"author":[{"embeddable":true,"href":"https:\/\/www.notibras.com\/site\/wp-json\/wp\/v2\/users\/2"}],"replies":[{"embeddable":true,"href":"https:\/\/www.notibras.com\/site\/wp-json\/wp\/v2\/comments?post=333262"}],"version-history":[{"count":1,"href":"https:\/\/www.notibras.com\/site\/wp-json\/wp\/v2\/posts\/333262\/revisions"}],"predecessor-version":[{"id":333264,"href":"https:\/\/www.notibras.com\/site\/wp-json\/wp\/v2\/posts\/333262\/revisions\/333264"}],"wp:featuredmedia":[{"embeddable":true,"href":"https:\/\/www.notibras.com\/site\/wp-json\/wp\/v2\/media\/333263"}],"wp:attachment":[{"href":"https:\/\/www.notibras.com\/site\/wp-json\/wp\/v2\/media?parent=333262"}],"wp:term":[{"taxonomy":"category","embeddable":true,"href":"https:\/\/www.notibras.com\/site\/wp-json\/wp\/v2\/categories?post=333262"},{"taxonomy":"post_tag","embeddable":true,"href":"https:\/\/www.notibras.com\/site\/wp-json\/wp\/v2\/tags?post=333262"}],"curies":[{"name":"wp","href":"https:\/\/api.w.org\/{rel}","templated":true}]}}