{"id":333268,"date":"2024-07-26T01:38:06","date_gmt":"2024-07-26T04:38:06","guid":{"rendered":"https:\/\/www.notibras.com\/site\/?p=333268"},"modified":"2024-07-26T01:39:07","modified_gmt":"2024-07-26T04:39:07","slug":"gari-estelionatario-de-torcidas-escapa-de-despejo","status":"publish","type":"post","link":"https:\/\/www.notibras.com\/site\/gari-estelionatario-de-torcidas-escapa-de-despejo\/","title":{"rendered":"Gari, estelionat\u00e1rio de torcidas, escapa de despejo"},"content":{"rendered":"<p>Garibaldo, o Gari, como os mais pr\u00f3ximos o chamavam, tinha a mania de se passar por torcedor de qualquer time, por mais improv\u00e1vel que fosse. Tanto \u00e9 que, n\u00e3o por acaso, ele fingia ser torcedor de qualquer clube, por mais improv\u00e1vel que fosse. Os amigos o acusavam de ser o mais not\u00f3rio estelionat\u00e1rio das torcidas organizadas. Verdadeira fraude ambulante, que transitava com a maior cara de pau sem nem mesmo piscar diante de poss\u00edveis confrontos.<\/p>\n<p>\u2014 Gari, como \u00e9 que voc\u00ea \u00e9 torcedor do Fluminense, se na semana passada voc\u00ea estava cantando o hino do Vasco?<\/p>\n<p>\u2014 Eu? T\u00e1 maluco?<\/p>\n<p>\u2014 N\u00e3o lembra? A gente estava com o L\u00facio no bar do Onofre.<\/p>\n<p>\u2014 Ah, t\u00e1! Fiz aquilo pra ele ver que o hino do Vasco \u00e9 fraquinho perto do meu Fluz\u00e3o. Sou tricolor de cora\u00e7\u00e3o&#8230;<\/p>\n<p>O gajo, que de bobo n\u00e3o tinha nem a cara, dependendo da situa\u00e7\u00e3o, poderia se tornar at\u00e9 torcedor do praticamente falecido Am\u00e9rica. Foi assim com o seu Calixto, provavelmente um dos \u00faltimos apaixonados pelo time da Zona Norte do Rio de Janeiro. Isso aconteceu porque o Garibaldo, sem grana para pagar o aluguel, foi pedir um prazo para quita\u00e7\u00e3o para o dono do im\u00f3vel.<\/p>\n<p>\u2014 Pois \u00e9, seu Calixto, se eu te contar, o senhor n\u00e3o vai acreditar.<\/p>\n<p>\u2014 O que foi, Gari?<\/p>\n<p>\u2014 Bem, n\u00e3o sei se o senhor soube, mas perdi o meu av\u00f4 na semana passada.<\/p>\n<p>\u2014 Meus sentimentos.<\/p>\n<p>\u2014 Obrigado. S\u00f3 que eu tive que arcar com os custos da funer\u00e1ria.<\/p>\n<p>\u2014 Hum. E da\u00ed?<\/p>\n<p>\u2014 E da\u00ed \u00e9 que fiquei meio apertado para pagar o aluguel pro senhor.<\/p>\n<p>\u2014 Gari, uma coisa \u00e9 uma coisa, outra coisa \u00e9 outra coisa. Se voc\u00ea n\u00e3o tem o dinheiro, vou ser obrigado a pedir para que voc\u00ea desocupe a quitinete.<\/p>\n<p>\u2014 O senhor est\u00e1 certo. Vou tentar vender a camisa do time do vov\u00f4. Ali\u00e1s, do meu av\u00f4 e meu tamb\u00e9m.<\/p>\n<p>Nisso, Garibaldo retirou o casaco e, ent\u00e3o, Calixto, olhos marejados, percebeu que o inquilino est\u00e1 trajando a camisa do Am\u00e9rica. Emocionado, o velho encarou o rapaz e disse:<\/p>\n<p>\u2014 Gari, meu filho, vou dar um prazo para voc\u00ea pagar. V\u00ea se consegue me pagar o aluguel at\u00e9 o m\u00eas que vem. Pode ser?<\/p>\n<p>Garibaldo, com o sorriso mais c\u00ednico do mundo, abra\u00e7ou o Calixto. Em seguida, entrou no apartamento se co\u00e7ando todo, retirou a camisa do Am\u00e9rica e a depositou bem no fundo da gaveta. N\u00e3o demorou, come\u00e7ou a resmungar.<\/p>\n<p>\u2014 Maldita alergia \u00e0 naftalina!<\/p>\n<p><strong>*Eduardo Mart\u00ednez \u00e9 autor do livro \u201c57 Contos e Cr\u00f4nicas por um Autor muito Velho\u201d.<\/strong><\/p>\n<p>Compre aqui\u00a0<span class=\"x19la9d6 x1fc57z9 x6ikm8r x10wlt62 x19co3pv x1g5zs5t xfibh0p xiy17q3 x1xsqp64 x1lkfr7t xexx8yu x4uap5 x18d9i69 xkhd6sd\"><span class=\"xrtxmta x1bhl96m\"><img decoding=\"async\" class=\"emoji\" role=\"img\" draggable=\"false\" src=\"https:\/\/s.w.org\/images\/core\/emoji\/14.0.0\/svg\/1f447-1f3ff.svg\" alt=\"&#x1f447;&#x1f3ff;\" \/><\/span><\/span><span class=\"x19la9d6 x1fc57z9 x6ikm8r x10wlt62 x19co3pv x1g5zs5t xfibh0p xiy17q3 x1xsqp64 x1lkfr7t xexx8yu x4uap5 x18d9i69 xkhd6sd\"><span class=\"xrtxmta x1bhl96m\"><img decoding=\"async\" class=\"emoji\" role=\"img\" draggable=\"false\" src=\"https:\/\/s.w.org\/images\/core\/emoji\/14.0.0\/svg\/1f447-1f3ff.svg\" alt=\"&#x1f447;&#x1f3ff;\" \/><\/span><\/span><span class=\"x19la9d6 x1fc57z9 x6ikm8r x10wlt62 x19co3pv x1g5zs5t xfibh0p xiy17q3 x1xsqp64 x1lkfr7t xexx8yu x4uap5 x18d9i69 xkhd6sd\"><span class=\"xrtxmta x1bhl96m\"><img decoding=\"async\" class=\"emoji\" role=\"img\" draggable=\"false\" src=\"https:\/\/s.w.org\/images\/core\/emoji\/14.0.0\/svg\/1f447-1f3ff.svg\" alt=\"&#x1f447;&#x1f3ff;\" \/><\/span><\/span><\/p>\n<p><a href=\"http:\/\/www.joanineditora.com.br\/57-contos-e-cronicas-por-um-autor-muito-velho\">http:\/\/www.joanineditora.com.br\/57-contos-e-cronicas-por-um-autor-muito-velho<\/a><\/p>\n","protected":false},"excerpt":{"rendered":"<p>Garibaldo, o Gari, como os mais pr\u00f3ximos o chamavam, tinha a mania de se passar por torcedor de qualquer time, por mais improv\u00e1vel que fosse. Tanto \u00e9 que, n\u00e3o por acaso, ele fingia ser torcedor de qualquer clube, por mais improv\u00e1vel que fosse. Os amigos o acusavam de ser o mais not\u00f3rio estelionat\u00e1rio das torcidas [&hellip;]<\/p>\n","protected":false},"author":2,"featured_media":333269,"comment_status":"closed","ping_status":"closed","sticky":false,"template":"","format":"standard","meta":{"_acf_changed":false,"footnotes":""},"categories":[161],"tags":[],"class_list":["post-333268","post","type-post","status-publish","format-standard","has-post-thumbnail","hentry","category-quadradinho-em-foco"],"acf":[],"_links":{"self":[{"href":"https:\/\/www.notibras.com\/site\/wp-json\/wp\/v2\/posts\/333268","targetHints":{"allow":["GET"]}}],"collection":[{"href":"https:\/\/www.notibras.com\/site\/wp-json\/wp\/v2\/posts"}],"about":[{"href":"https:\/\/www.notibras.com\/site\/wp-json\/wp\/v2\/types\/post"}],"author":[{"embeddable":true,"href":"https:\/\/www.notibras.com\/site\/wp-json\/wp\/v2\/users\/2"}],"replies":[{"embeddable":true,"href":"https:\/\/www.notibras.com\/site\/wp-json\/wp\/v2\/comments?post=333268"}],"version-history":[{"count":1,"href":"https:\/\/www.notibras.com\/site\/wp-json\/wp\/v2\/posts\/333268\/revisions"}],"predecessor-version":[{"id":333270,"href":"https:\/\/www.notibras.com\/site\/wp-json\/wp\/v2\/posts\/333268\/revisions\/333270"}],"wp:featuredmedia":[{"embeddable":true,"href":"https:\/\/www.notibras.com\/site\/wp-json\/wp\/v2\/media\/333269"}],"wp:attachment":[{"href":"https:\/\/www.notibras.com\/site\/wp-json\/wp\/v2\/media?parent=333268"}],"wp:term":[{"taxonomy":"category","embeddable":true,"href":"https:\/\/www.notibras.com\/site\/wp-json\/wp\/v2\/categories?post=333268"},{"taxonomy":"post_tag","embeddable":true,"href":"https:\/\/www.notibras.com\/site\/wp-json\/wp\/v2\/tags?post=333268"}],"curies":[{"name":"wp","href":"https:\/\/api.w.org\/{rel}","templated":true}]}}