{"id":333285,"date":"2024-07-26T11:25:34","date_gmt":"2024-07-26T14:25:34","guid":{"rendered":"https:\/\/www.notibras.com\/site\/?p=333285"},"modified":"2024-07-26T11:26:31","modified_gmt":"2024-07-26T14:26:31","slug":"unesco-declara-lencois-patrimonio-da-humanidade","status":"publish","type":"post","link":"https:\/\/www.notibras.com\/site\/unesco-declara-lencois-patrimonio-da-humanidade\/","title":{"rendered":"Unesco declara Len\u00e7\u00f3is Patrim\u00f4nio da Humanidade"},"content":{"rendered":"<p>A Organiza\u00e7\u00e3o das Na\u00e7\u00f5es Unidas para a Educa\u00e7\u00e3o, a Ci\u00eancia e a Cultura (Unesco) declarou o Parque Nacional dos Len\u00e7\u00f3is Maranhenses (foto) como Patrim\u00f4nio Natural da Humanidade. A decis\u00e3o foi anunciada nesta sexta-feira (26) na 46\u00aa sess\u00e3o do Comit\u00ea do Patrim\u00f4nio Mundial da Unesco, realizado at\u00e9 o fim do m\u00eas em Nova D\u00e9lhi, na \u00cdndia.<\/p>\n<p>O parque, localizado a cerca de 250 quil\u00f4metros de S\u00e3o Lu\u00eds, capital do Maranh\u00e3o, foi criado h\u00e1 mais de 40 anos. Ele \u00e9 o maior campo de dunas da Am\u00e9rica do Sul, com 155 mil hectares.<\/p>\n<p>Ou seja, maior que a cidade de S\u00e3o Paulo, sendo famoso pelas lagoas cristalinas que se formam entre as dunas brancas no per\u00edodo de chuvas. Atualmente, a gest\u00e3o \u00e9 feita pelo Instituto Chico Mendes de Conserva\u00e7\u00e3o da Biodiversidade (ICMBio).<\/p>\n<p><strong>Conquista<\/strong><br \/>\nO governador do Maranh\u00e3o, Carlos Brand\u00e3o, comemorou a not\u00edcia. Na rede social X (antigo Twitter), Brand\u00e3o disse que a decis\u00e3o da Unesco foi uma grande conquista para o estado.<\/p>\n<p>&#8220;Sem d\u00favida, este reconhecimento fortalecer\u00e1 o turismo e a preserva\u00e7\u00e3o deste tesouro natural maranhense. Agrade\u00e7o aos membros do Comit\u00ea do Patrim\u00f4nio pela aprova\u00e7\u00e3o&#8221;, disse Brand\u00e3o.<\/p>\n<p>Entre os requisitos atendidos pelo parque para obter o t\u00edtulo figuram a beleza natural, os geol\u00f3gicos significativos e os habitats para a conserva\u00e7\u00e3o da biodiversidade, incluindo esp\u00e9cies amea\u00e7adas. O dossi\u00ea de candidatura dos Len\u00e7\u00f3is Maranhenses foi encaminhado em 2018.<\/p>\n<p>O Brasil j\u00e1 possui sete s\u00edtios declarados Patrim\u00f4nio Natural Mundial: o Parque Nacional de Igua\u00e7u, em Foz do Igua\u00e7u; as reservas de Mata Atl\u00e2ntica, em S\u00e3o Paulo e Paran\u00e1; a Costa do Descobrimento, na Bahia e Esp\u00edrito Santo; as \u00e1reas Protegidas da Amaz\u00f4nia Central e do Pantanal; a Chapada dos Veadeiros e o Parque Nacional das Emas, em Goi\u00e1s; al\u00e9m do arquip\u00e9lago de Fernando de Noronha e o Atol das Rocas. O t\u00edtulo conferido ao Parque dos Len\u00e7\u00f3is Maranhenses \u00e9 o oitavo da lista.<\/p>\n","protected":false},"excerpt":{"rendered":"<p>A Organiza\u00e7\u00e3o das Na\u00e7\u00f5es Unidas para a Educa\u00e7\u00e3o, a Ci\u00eancia e a Cultura (Unesco) declarou o Parque Nacional dos Len\u00e7\u00f3is Maranhenses (foto) como Patrim\u00f4nio Natural da Humanidade. A decis\u00e3o foi anunciada nesta sexta-feira (26) na 46\u00aa sess\u00e3o do Comit\u00ea do Patrim\u00f4nio Mundial da Unesco, realizado at\u00e9 o fim do m\u00eas em Nova D\u00e9lhi, na \u00cdndia. [&hellip;]<\/p>\n","protected":false},"author":2,"featured_media":333286,"comment_status":"closed","ping_status":"closed","sticky":false,"template":"","format":"standard","meta":{"_acf_changed":false,"footnotes":""},"categories":[169,165],"tags":[],"class_list":["post-333285","post","type-post","status-publish","format-standard","has-post-thumbnail","hentry","category-maranhao","category-nordeste"],"acf":[],"_links":{"self":[{"href":"https:\/\/www.notibras.com\/site\/wp-json\/wp\/v2\/posts\/333285","targetHints":{"allow":["GET"]}}],"collection":[{"href":"https:\/\/www.notibras.com\/site\/wp-json\/wp\/v2\/posts"}],"about":[{"href":"https:\/\/www.notibras.com\/site\/wp-json\/wp\/v2\/types\/post"}],"author":[{"embeddable":true,"href":"https:\/\/www.notibras.com\/site\/wp-json\/wp\/v2\/users\/2"}],"replies":[{"embeddable":true,"href":"https:\/\/www.notibras.com\/site\/wp-json\/wp\/v2\/comments?post=333285"}],"version-history":[{"count":2,"href":"https:\/\/www.notibras.com\/site\/wp-json\/wp\/v2\/posts\/333285\/revisions"}],"predecessor-version":[{"id":333288,"href":"https:\/\/www.notibras.com\/site\/wp-json\/wp\/v2\/posts\/333285\/revisions\/333288"}],"wp:featuredmedia":[{"embeddable":true,"href":"https:\/\/www.notibras.com\/site\/wp-json\/wp\/v2\/media\/333286"}],"wp:attachment":[{"href":"https:\/\/www.notibras.com\/site\/wp-json\/wp\/v2\/media?parent=333285"}],"wp:term":[{"taxonomy":"category","embeddable":true,"href":"https:\/\/www.notibras.com\/site\/wp-json\/wp\/v2\/categories?post=333285"},{"taxonomy":"post_tag","embeddable":true,"href":"https:\/\/www.notibras.com\/site\/wp-json\/wp\/v2\/tags?post=333285"}],"curies":[{"name":"wp","href":"https:\/\/api.w.org\/{rel}","templated":true}]}}