{"id":333307,"date":"2024-07-27T00:20:53","date_gmt":"2024-07-27T03:20:53","guid":{"rendered":"https:\/\/www.notibras.com\/site\/?p=333307"},"modified":"2024-07-27T05:22:51","modified_gmt":"2024-07-27T08:22:51","slug":"festa-literaria-arte-e-identidade-abre-inscricoes-para-concurso","status":"publish","type":"post","link":"https:\/\/www.notibras.com\/site\/festa-literaria-arte-e-identidade-abre-inscricoes-para-concurso\/","title":{"rendered":"Festa Liter\u00e1ria Arte e Identidade abre inscri\u00e7\u00f5es para concurso"},"content":{"rendered":"<p>A literatura e a arte negra infantojuvenis de Salvador ir\u00e3o mais uma vez celebrar sua pot\u00eancia e representatividade com a realiza\u00e7\u00e3o da 4\u00aa Festa Liter\u00e1ria Arte e Identidade, que acontece de 19 a 21 de setembro em espa\u00e7os culturais do Pelourinho. Mesmo faltando mais de um m\u00eas, a movimenta\u00e7\u00e3o em torno do evento j\u00e1 come\u00e7ou. Est\u00e3o abertas inscri\u00e7\u00f5es para o Concurso de Escrita Criativa \u2013 Versos de Identidade, voltado para estudantes de escolas p\u00fablicas, com prazo at\u00e9 3 de agosto.<\/p>\n<p>Nesta edi\u00e7\u00e3o o tema \u00e9 \u201cVozes da Periferia: Arte e Literatura Florescem Longe dos Centros\u201d para o debate. \u201cNas diversas periferias do Brasil, observa-se um florescimento de movimentos culturais que se formam e solidificam. A arte n\u00e3o apenas transforma vidas, mas tamb\u00e9m confere um significado a elas. Estamos lidando com uma express\u00e3o singular, que nos torna capazes de perceber a beleza no abstrato. Promover iniciativas que garantam o acesso \u00e0 arte nas comunidades \u00e9 crucial para impulsionar a transforma\u00e7\u00f5es significativas no mundo\u201d, comenta a idealizadora e coordenadora da Festa Liter\u00e1ria Arte e Identidade, Cris Santana.<\/p>\n<p>Ser\u00e3o tr\u00eas dias de rodas de conversa e mesas liter\u00e1rias, conta\u00e7\u00e3o de hist\u00f3rias, atividades l\u00fadicas, apresenta\u00e7\u00f5es culturais de artes integradas, lan\u00e7amentos editoriais, encontro com autores, al\u00e9m de feira de livros e brinquedos afirmativos. As produ\u00e7\u00f5es art\u00edsticas, liter\u00e1rias e culturais que desejem participar da programa\u00e7\u00e3o podem fazer suas inscri\u00e7\u00f5es no Instagram @arteeidentidadeoficial at\u00e9 dia 5 de agosto para an\u00e1lise da curadoria. O objetivo da Chamada Art\u00edstica \u00e9 que o universo liter\u00e1rio e art\u00edstico infantojuvenil ganhe vida em diversas manifesta\u00e7\u00f5es nos tr\u00eas dias de atividades.<\/p>\n<p>A programa\u00e7\u00e3o se divide em tr\u00eas eixos, o Art\u00edstico, o de Juventudes e o de Inf\u00e2ncias, que t\u00eam suas curadorias assinadas pela atriz C\u00e1ssia Valle, pela escritora e contadora de hist\u00f3rias Helena Nascimento e pela escritora e professora Ta\u00edsa Ferreira, respectivamente. A curadoria geral \u00e9 da psicopedagoga, escritora e poeta Karla Daniella Brito. A coordena\u00e7\u00e3o pedag\u00f3gica \u00e9 assinada pela escritora e poeta baiana M\u00e1rcia Mendes.<\/p>\n<p>\u201cEsse evento \u00e9 um produto cultural com uma compreens\u00e3o afrocentrada, que tem como objetivo congra\u00e7ar, aglomerar e juntar literatura, arte, dan\u00e7a e m\u00fasica de muita qualidade produzida pelos nossos autores, escritores, performers, cantores, artistas, multiartistas, negros, negras e ind\u00edgenas. A ideia \u00e9 oportunizar essas juventudes para que se vejam em lugares de pot\u00eancia e em lugares de criatividade. Ser\u00e3o tr\u00eas dias voltados para uma educa\u00e7\u00e3o festiva, potente e comprometida com as pautas afrocentradas e afroind\u00edgenas.\u201d, comenta a curadora Karla Daniella.<\/p>\n","protected":false},"excerpt":{"rendered":"<p>A literatura e a arte negra infantojuvenis de Salvador ir\u00e3o mais uma vez celebrar sua pot\u00eancia e representatividade com a realiza\u00e7\u00e3o da 4\u00aa Festa Liter\u00e1ria Arte e Identidade, que acontece de 19 a 21 de setembro em espa\u00e7os culturais do Pelourinho. Mesmo faltando mais de um m\u00eas, a movimenta\u00e7\u00e3o em torno do evento j\u00e1 come\u00e7ou. [&hellip;]<\/p>\n","protected":false},"author":2,"featured_media":333308,"comment_status":"closed","ping_status":"closed","sticky":false,"template":"","format":"standard","meta":{"_acf_changed":false,"footnotes":""},"categories":[167,165],"tags":[],"class_list":["post-333307","post","type-post","status-publish","format-standard","has-post-thumbnail","hentry","category-bahia","category-nordeste"],"acf":[],"_links":{"self":[{"href":"https:\/\/www.notibras.com\/site\/wp-json\/wp\/v2\/posts\/333307","targetHints":{"allow":["GET"]}}],"collection":[{"href":"https:\/\/www.notibras.com\/site\/wp-json\/wp\/v2\/posts"}],"about":[{"href":"https:\/\/www.notibras.com\/site\/wp-json\/wp\/v2\/types\/post"}],"author":[{"embeddable":true,"href":"https:\/\/www.notibras.com\/site\/wp-json\/wp\/v2\/users\/2"}],"replies":[{"embeddable":true,"href":"https:\/\/www.notibras.com\/site\/wp-json\/wp\/v2\/comments?post=333307"}],"version-history":[{"count":1,"href":"https:\/\/www.notibras.com\/site\/wp-json\/wp\/v2\/posts\/333307\/revisions"}],"predecessor-version":[{"id":333309,"href":"https:\/\/www.notibras.com\/site\/wp-json\/wp\/v2\/posts\/333307\/revisions\/333309"}],"wp:featuredmedia":[{"embeddable":true,"href":"https:\/\/www.notibras.com\/site\/wp-json\/wp\/v2\/media\/333308"}],"wp:attachment":[{"href":"https:\/\/www.notibras.com\/site\/wp-json\/wp\/v2\/media?parent=333307"}],"wp:term":[{"taxonomy":"category","embeddable":true,"href":"https:\/\/www.notibras.com\/site\/wp-json\/wp\/v2\/categories?post=333307"},{"taxonomy":"post_tag","embeddable":true,"href":"https:\/\/www.notibras.com\/site\/wp-json\/wp\/v2\/tags?post=333307"}],"curies":[{"name":"wp","href":"https:\/\/api.w.org\/{rel}","templated":true}]}}