{"id":333328,"date":"2024-07-27T07:27:30","date_gmt":"2024-07-27T10:27:30","guid":{"rendered":"https:\/\/www.notibras.com\/site\/?p=333328"},"modified":"2024-07-27T07:48:58","modified_gmt":"2024-07-27T10:48:58","slug":"rabiscos-da-infancia-vem-sem-prazo-de-validade","status":"publish","type":"post","link":"https:\/\/www.notibras.com\/site\/rabiscos-da-infancia-vem-sem-prazo-de-validade\/","title":{"rendered":"Rabiscos da inf\u00e2ncia v\u00eam sem prazo de validade"},"content":{"rendered":"<p>Ana L\u00facia adorava fazer desenhos nos cantos dos cadernos. Sua m\u00e3e, no entanto, sempre que pegava a menina entretida com aquilo, n\u00e3o perdia a oportunidade de repreend\u00ea-la.<\/p>\n<p>\u2014 Ana L\u00facia, pare de rabiscar!<\/p>\n<p>Teimosa que era, a garota, l\u00e1pis na m\u00e3o, parecia decidida a criar figuras diversas sobre o papel. Os amigos ficavam maravilhados, e a professora de artes, do alto de tanto conhecimento, afirmava que a aluna possu\u00eda talento incomum. Ana L\u00facia sonhava acordada com o dia que seus desenhos seriam expostos em uma galeria, talvez at\u00e9 mesmo no Louvre, em Paris.<\/p>\n<p>O tempo passou, Ana L\u00facia desenvolveu um estilo pr\u00f3prio. Tanto \u00e9 que, n\u00e3o raro, algu\u00e9m a convidava para ilustrar algum livro. Chegou a emoldurar alguns desenhos, que eram vendidos a pre\u00e7os m\u00f3dicos na feira do bairro, mas que a enchiam de esperan\u00e7as de sobreviver da sua arte.<\/p>\n<p>Perto de completar 25 anos, a mulher conheceu Jo\u00e3o, um dos compradores dos seus quadros. O primeiro contato, apesar de agrad\u00e1vel, n\u00e3o parecia nada mais do que a rela\u00e7\u00e3o entre vendedora e cliente. Todavia, encantado com os tra\u00e7os produzidos por Ana L\u00facia, o rapaz retornou \u00e0 feira nas semanas seguintes, onde sempre comprava uma ou duas obras.<\/p>\n<p>Aconteceu no final de setembro, quando a primavera ati\u00e7a os cora\u00e7\u00f5es solit\u00e1rios. Jo\u00e3o, mesmo que t\u00edmido, convidou a artista para um caf\u00e9. Do caf\u00e9, foram ao cinema. Dali, foi um pulo at\u00e9 a cama, onde descobriram que n\u00e3o conseguiriam mais viver separados.<\/p>\n<p>Juntaram os panos e, dois anos ap\u00f3s, veio a pequena Lisa e, no ano seguinte, nasceram os g\u00eameos Francisco e Jos\u00e9. Sem hora para desenhar, Ana L\u00facia viu seus sonhos se perderem entre as pilhas de roupas e as fraldas para trocar. Jos\u00e9, que precisou arrumar outro emprego, ainda lavava a lou\u00e7a, mas se sentia culpado por n\u00e3o poder ajudar mais a esposa. Faltavam-lhe for\u00e7as.<\/p>\n<p>As d\u00e9cadas seguintes voaram sem que Ana L\u00facia tivesse tempo de perceber as rugas que se apossaram do seu rosto. Ela estava sentada no sof\u00e1, quando o marido chegou. Ele trazia um embrulho e, antes de entreg\u00e1-lo \u00e0 esposa, a beijou docemente nos l\u00e1bios.<\/p>\n<p>Que nem menina, a velha abriu o presente e se deparou com um bloco de folhas e um conjunto de l\u00e1pis. Seus olhos cansados sorriram ao olhar o passado de maneira mais generosa. Tanto \u00e9 que, pelos dias seguintes, Ana L\u00facia voltou a desenhar compulsivamente.<\/p>\n<p>\u00c9 verdade que, de vez em quando, imaginava sua saudosa m\u00e3e dizendo para ela parar de rabiscar. Seja como for, a desenhista j\u00e1 agendou uma exposi\u00e7\u00e3o de seus quadros na garagem de sua casa. Parentes e amigos est\u00e3o ansiosos para tal evento. Pois \u00e9, parece que os sonhos n\u00e3o t\u00eam data de validade.<\/p>\n<p><strong>*Eduardo Mart\u00ednez \u00e9 autor do livro \u201c57 Contos e Cr\u00f4nicas por um Autor muito Velho\u201d.<\/strong><\/p>\n<p>Compre aqui\u00a0<span class=\"x19la9d6 x1fc57z9 x6ikm8r x10wlt62 x19co3pv x1g5zs5t xfibh0p xiy17q3 x1xsqp64 x1lkfr7t xexx8yu x4uap5 x18d9i69 xkhd6sd\"><span class=\"xrtxmta x1bhl96m\"><img decoding=\"async\" class=\"emoji\" role=\"img\" draggable=\"false\" src=\"https:\/\/s.w.org\/images\/core\/emoji\/14.0.0\/svg\/1f447-1f3ff.svg\" alt=\"&#x1f447;&#x1f3ff;\" \/><\/span><\/span><span class=\"x19la9d6 x1fc57z9 x6ikm8r x10wlt62 x19co3pv x1g5zs5t xfibh0p xiy17q3 x1xsqp64 x1lkfr7t xexx8yu x4uap5 x18d9i69 xkhd6sd\"><span class=\"xrtxmta x1bhl96m\"><img decoding=\"async\" class=\"emoji\" role=\"img\" draggable=\"false\" src=\"https:\/\/s.w.org\/images\/core\/emoji\/14.0.0\/svg\/1f447-1f3ff.svg\" alt=\"&#x1f447;&#x1f3ff;\" \/><\/span><\/span><span class=\"x19la9d6 x1fc57z9 x6ikm8r x10wlt62 x19co3pv x1g5zs5t xfibh0p xiy17q3 x1xsqp64 x1lkfr7t xexx8yu x4uap5 x18d9i69 xkhd6sd\"><span class=\"xrtxmta x1bhl96m\"><img decoding=\"async\" class=\"emoji\" role=\"img\" draggable=\"false\" src=\"https:\/\/s.w.org\/images\/core\/emoji\/14.0.0\/svg\/1f447-1f3ff.svg\" alt=\"&#x1f447;&#x1f3ff;\" \/><\/span><\/span><\/p>\n<p><a href=\"http:\/\/www.joanineditora.com.br\/57-contos-e-cronicas-por-um-autor-muito-velho\">http:\/\/www.joanineditora.com.br\/57-contos-e-cronicas-por-um-autor-muito-velho<\/a><\/p>\n","protected":false},"excerpt":{"rendered":"<p>Ana L\u00facia adorava fazer desenhos nos cantos dos cadernos. Sua m\u00e3e, no entanto, sempre que pegava a menina entretida com aquilo, n\u00e3o perdia a oportunidade de repreend\u00ea-la. \u2014 Ana L\u00facia, pare de rabiscar! Teimosa que era, a garota, l\u00e1pis na m\u00e3o, parecia decidida a criar figuras diversas sobre o papel. Os amigos ficavam maravilhados, e [&hellip;]<\/p>\n","protected":false},"author":2,"featured_media":333329,"comment_status":"closed","ping_status":"closed","sticky":false,"template":"","format":"standard","meta":{"_acf_changed":false,"footnotes":""},"categories":[161],"tags":[],"class_list":["post-333328","post","type-post","status-publish","format-standard","has-post-thumbnail","hentry","category-quadradinho-em-foco"],"acf":[],"_links":{"self":[{"href":"https:\/\/www.notibras.com\/site\/wp-json\/wp\/v2\/posts\/333328","targetHints":{"allow":["GET"]}}],"collection":[{"href":"https:\/\/www.notibras.com\/site\/wp-json\/wp\/v2\/posts"}],"about":[{"href":"https:\/\/www.notibras.com\/site\/wp-json\/wp\/v2\/types\/post"}],"author":[{"embeddable":true,"href":"https:\/\/www.notibras.com\/site\/wp-json\/wp\/v2\/users\/2"}],"replies":[{"embeddable":true,"href":"https:\/\/www.notibras.com\/site\/wp-json\/wp\/v2\/comments?post=333328"}],"version-history":[{"count":2,"href":"https:\/\/www.notibras.com\/site\/wp-json\/wp\/v2\/posts\/333328\/revisions"}],"predecessor-version":[{"id":333337,"href":"https:\/\/www.notibras.com\/site\/wp-json\/wp\/v2\/posts\/333328\/revisions\/333337"}],"wp:featuredmedia":[{"embeddable":true,"href":"https:\/\/www.notibras.com\/site\/wp-json\/wp\/v2\/media\/333329"}],"wp:attachment":[{"href":"https:\/\/www.notibras.com\/site\/wp-json\/wp\/v2\/media?parent=333328"}],"wp:term":[{"taxonomy":"category","embeddable":true,"href":"https:\/\/www.notibras.com\/site\/wp-json\/wp\/v2\/categories?post=333328"},{"taxonomy":"post_tag","embeddable":true,"href":"https:\/\/www.notibras.com\/site\/wp-json\/wp\/v2\/tags?post=333328"}],"curies":[{"name":"wp","href":"https:\/\/api.w.org\/{rel}","templated":true}]}}