{"id":333331,"date":"2024-07-27T00:34:31","date_gmt":"2024-07-27T03:34:31","guid":{"rendered":"https:\/\/www.notibras.com\/site\/?p=333331"},"modified":"2024-07-27T07:38:06","modified_gmt":"2024-07-27T10:38:06","slug":"premio-jacira-silva-enaltece-jornalismo-negro-no-brasil","status":"publish","type":"post","link":"https:\/\/www.notibras.com\/site\/premio-jacira-silva-enaltece-jornalismo-negro-no-brasil\/","title":{"rendered":"Pr\u00eamio Jacira Silva enaltece jornalismo negro no Brasil"},"content":{"rendered":"<p>Aos 73 anos, a jornalista Jacira Silva nunca imaginou que seria homenageada \u201cainda neste planeta\u201d ao nomear um pr\u00eamio de reconhecimento ao jornalismo negro. O Pr\u00eamio Jacira Silva foi entregue nesta sexta-feira (26), durante a 17\u00aa edi\u00e7\u00e3o do Festival Latinidades, em Bras\u00edlia.<\/p>\n<p>Na categoria Jornalistas Negras, a gerente da Ag\u00eancia Brasil, Juliana C\u00e9zar Nunes, recebeu o pr\u00eamio ao lado de nomes como Maju Coutinho, da Rede Globo, e Bas\u00edlia Rodrigues, da CNN.<\/p>\n<p>\u201c\u00c9 o reconhecimento dos colegas pela nossa trajet\u00f3ria e o pouco que a gente consegue fazer para transformar e para contribuir para uma comunica\u00e7\u00e3o democr\u00e1tica, plural, n\u00e3o sexista. Espero que eu mantenha a minha coer\u00eancia pol\u00edtica e a minha dignidade como ser humano e que eu possa sempre represent\u00e1-los e represent\u00e1-las com muito Ax\u00e9\u201d, diz Jacira.<\/p>\n<p>Jacira foi a primeira negra a assumir a presid\u00eancia do Sindicato dos Jornalistas do Distrito Federal, entre 1995 e 1998, e fundou a Comiss\u00e3o de Jornalistas pela Igualdade Racial (Cojira\/DF). Atualmente, \u00e9 diretora de Condi\u00e7\u00f5es de Trabalho e Qualidade de Vida do Sindicato.<\/p>\n<p>Considerado o maior festival de mulheres negras da Am\u00e9rica Latina, o Festival Latinidades em Bras\u00edlia acontece at\u00e9 este s\u00e1bado (27), no Museu da Rep\u00fablica.<\/p>\n<p><strong>Jornalistas negras <\/strong><br \/>\nA programa\u00e7\u00e3o do festival inclui um debate sobre a participa\u00e7\u00e3o de mulheres negras na m\u00eddia. A ideia \u00e9 fazer pensar as possibilidades de futuro com mais participa\u00e7\u00e3o das mulheres negras em diferentes processos comunicacionais.<\/p>\n<p>Para Jacira, apesar de estarem em menor n\u00famero nas reda\u00e7\u00f5es brasileiras, a presen\u00e7a de mulheres negras traz uma nova perspectiva para o jornalismo.<\/p>\n<p>\u201cHoje, fruto da luta do movimento negro organizado no Brasil, n\u00f3s mulheres negras estamos na TV, no r\u00e1dio, nas redes como n\u00f3s somos. Do jeito que a gente quer se vestir, quer se pentear. Com a nossa autoestima e com a nossa hist\u00f3ria, dos nossos ancestrais, das nossas fam\u00edlias. E sem ser ex\u00f3tico, e sim sermos quem n\u00f3s somos, com o nosso cabelo crespo, o nosso cabelo para cima, solto, tran\u00e7ado com o nosso nariz chato e com a nossa pele negra. Mas a gente ainda continua sendo uma ou duas, contando nos dedos.\u201d<\/p>\n<p><strong>Trajet\u00f3ria<\/strong><br \/>\nJacira come\u00e7ou a cursar comunica\u00e7\u00e3o ap\u00f3s quatro tentativas de entrar na Universidade de Bras\u00edlia (UnB). \u201cEu n\u00e3o passava porque trabalhava, tinha dois empregos, sempre fui de escola p\u00fablica. Mas n\u00e3o desisti do que eu queria ser\u201d. Assim, ela ingressou em uma faculdade privada, apesar da dificuldade de pagar a mensalidade. \u201cFoi uma grande dificuldade de pagamento, tinha semestre que eu n\u00e3o tinha como pagar, a\u00ed negociava l\u00e1 na dire\u00e7\u00e3o.\u201d<\/p>\n<p>Iniciou a carreira como revisora da gr\u00e1fica do Congresso Nacional. Em sua trajet\u00f3ria profissional, passou por reda\u00e7\u00f5es como do Correio Braziliense e do Jornal de Bras\u00edlia, al\u00e9m de r\u00e1dios e jornais comunit\u00e1rios. Tamb\u00e9m atuou na assessoria de imprensa do Minist\u00e9rio da Educa\u00e7\u00e3o e da Funarte, e de outros \u00f3rg\u00e3os p\u00fablicos, al\u00e9m de participar do movimento sindical no DF.<\/p>\n<p>A jornalista conta que, em muitas dessas etapas, sofreu discrimina\u00e7\u00e3o e teve sua capacidade colocada em d\u00favida por conta da ra\u00e7a. \u201cA discrimina\u00e7\u00e3o nos move quando ela vem na forma do enfrentamento. Ela n\u00e3o pode te abater e nem deixar voc\u00ea desistir, ela me fortalece. Mas ela n\u00e3o \u00e9 boa, \u00e9 \u00f3bvio, eu n\u00e3o quero ser discriminada para me fortalecer\u201d, diz.<\/p>\n","protected":false},"excerpt":{"rendered":"<p>Aos 73 anos, a jornalista Jacira Silva nunca imaginou que seria homenageada \u201cainda neste planeta\u201d ao nomear um pr\u00eamio de reconhecimento ao jornalismo negro. O Pr\u00eamio Jacira Silva foi entregue nesta sexta-feira (26), durante a 17\u00aa edi\u00e7\u00e3o do Festival Latinidades, em Bras\u00edlia. Na categoria Jornalistas Negras, a gerente da Ag\u00eancia Brasil, Juliana C\u00e9zar Nunes, recebeu [&hellip;]<\/p>\n","protected":false},"author":2,"featured_media":333332,"comment_status":"closed","ping_status":"closed","sticky":false,"template":"","format":"standard","meta":{"_acf_changed":false,"footnotes":""},"categories":[161],"tags":[],"class_list":["post-333331","post","type-post","status-publish","format-standard","has-post-thumbnail","hentry","category-quadradinho-em-foco"],"acf":[],"_links":{"self":[{"href":"https:\/\/www.notibras.com\/site\/wp-json\/wp\/v2\/posts\/333331","targetHints":{"allow":["GET"]}}],"collection":[{"href":"https:\/\/www.notibras.com\/site\/wp-json\/wp\/v2\/posts"}],"about":[{"href":"https:\/\/www.notibras.com\/site\/wp-json\/wp\/v2\/types\/post"}],"author":[{"embeddable":true,"href":"https:\/\/www.notibras.com\/site\/wp-json\/wp\/v2\/users\/2"}],"replies":[{"embeddable":true,"href":"https:\/\/www.notibras.com\/site\/wp-json\/wp\/v2\/comments?post=333331"}],"version-history":[{"count":1,"href":"https:\/\/www.notibras.com\/site\/wp-json\/wp\/v2\/posts\/333331\/revisions"}],"predecessor-version":[{"id":333333,"href":"https:\/\/www.notibras.com\/site\/wp-json\/wp\/v2\/posts\/333331\/revisions\/333333"}],"wp:featuredmedia":[{"embeddable":true,"href":"https:\/\/www.notibras.com\/site\/wp-json\/wp\/v2\/media\/333332"}],"wp:attachment":[{"href":"https:\/\/www.notibras.com\/site\/wp-json\/wp\/v2\/media?parent=333331"}],"wp:term":[{"taxonomy":"category","embeddable":true,"href":"https:\/\/www.notibras.com\/site\/wp-json\/wp\/v2\/categories?post=333331"},{"taxonomy":"post_tag","embeddable":true,"href":"https:\/\/www.notibras.com\/site\/wp-json\/wp\/v2\/tags?post=333331"}],"curies":[{"name":"wp","href":"https:\/\/api.w.org\/{rel}","templated":true}]}}