{"id":333334,"date":"2024-07-27T00:42:19","date_gmt":"2024-07-27T03:42:19","guid":{"rendered":"https:\/\/www.notibras.com\/site\/?p=333334"},"modified":"2024-07-27T07:46:45","modified_gmt":"2024-07-27T10:46:45","slug":"abertas-as-inscricoes-para-o-concurso-do-bndes","status":"publish","type":"post","link":"https:\/\/www.notibras.com\/site\/abertas-as-inscricoes-para-o-concurso-do-bndes\/","title":{"rendered":"Abertas as inscri\u00e7\u00f5es para o concurso do BNDES"},"content":{"rendered":"<p>O Banco Nacional de Desenvolvimento Econ\u00f4mico e Social (BNDES) abriu nesta sexta-feira (26) as inscri\u00e7\u00f5es do concurso para o preenchimento de 150 vagas de n\u00edvel superior e outras 750 para o cadastro de reserva, com sal\u00e1rio inicial de R$ 20,9 mil, al\u00e9m de benef\u00edcios. As inscri\u00e7\u00f5es v\u00e3o at\u00e9 19 de agosto, \u00e0s 23h59, no site da Funda\u00e7\u00e3o Cesgranrio. A taxa de inscri\u00e7\u00e3o \u00e9 de R$ 110. As provas ser\u00e3o aplicadas no dia 13 de outubro, em todas as capitais.<\/p>\n<p>A sele\u00e7\u00e3o \u00e9 a primeira em 12 anos e preencher\u00e1 cargos com \u00eanfase em administra\u00e7\u00e3o, an\u00e1lise de sistemas\/ciberseguran\u00e7a, an\u00e1lise de sistemas\/desenvolvimento, an\u00e1lise de sistemas\/suporte, arquitetura\/urbanismo, arquivologia digital, ci\u00eancias cont\u00e1beis, ci\u00eancia de dados, comunica\u00e7\u00e3o social, direito, economia, engenharia e psicologia organizacional.<\/p>\n<p>Pela primeira vez na hist\u00f3ria, o BNDES reservou uma cota de 30% para pessoas negras. E o percentual de vagas para pessoas com defici\u00eancia (PCD) foi aumentado de 5% para 15%.<\/p>\n<p><strong>Benef\u00edcios <\/strong><br \/>\nO sal\u00e1rio inicial previsto no novo plano de cargos e sal\u00e1rios do banco \u00e9 de R$ 20,9 mil. A jornada de trabalho \u00e9 de 35 horas semanais.<\/p>\n<p>Al\u00e9m dos direitos previstos em lei, os aprovados ter\u00e3o os seguintes benef\u00edcios: possibilidade de ascens\u00e3o de carreira de acordo com o plano de cargos e sal\u00e1rios vigente \u00e0 \u00e9poca da admiss\u00e3o e conforme desempenho do empregado; assist\u00eancia \u00e0 sa\u00fade; assist\u00eancia educacional (aux\u00edlio bab\u00e1, creche e ensinos fundamental e m\u00e9dio); e plano de previd\u00eancia complementar, al\u00e9m das demais vantagens estabelecidas por normas complementares espec\u00edficas que estejam vigentes \u00e0 \u00e9poca da contrata\u00e7\u00e3o.<\/p>\n","protected":false},"excerpt":{"rendered":"<p>O Banco Nacional de Desenvolvimento Econ\u00f4mico e Social (BNDES) abriu nesta sexta-feira (26) as inscri\u00e7\u00f5es do concurso para o preenchimento de 150 vagas de n\u00edvel superior e outras 750 para o cadastro de reserva, com sal\u00e1rio inicial de R$ 20,9 mil, al\u00e9m de benef\u00edcios. As inscri\u00e7\u00f5es v\u00e3o at\u00e9 19 de agosto, \u00e0s 23h59, no site [&hellip;]<\/p>\n","protected":false},"author":2,"featured_media":333335,"comment_status":"closed","ping_status":"closed","sticky":false,"template":"","format":"standard","meta":{"_acf_changed":false,"footnotes":""},"categories":[161],"tags":[],"class_list":["post-333334","post","type-post","status-publish","format-standard","has-post-thumbnail","hentry","category-quadradinho-em-foco"],"acf":[],"_links":{"self":[{"href":"https:\/\/www.notibras.com\/site\/wp-json\/wp\/v2\/posts\/333334","targetHints":{"allow":["GET"]}}],"collection":[{"href":"https:\/\/www.notibras.com\/site\/wp-json\/wp\/v2\/posts"}],"about":[{"href":"https:\/\/www.notibras.com\/site\/wp-json\/wp\/v2\/types\/post"}],"author":[{"embeddable":true,"href":"https:\/\/www.notibras.com\/site\/wp-json\/wp\/v2\/users\/2"}],"replies":[{"embeddable":true,"href":"https:\/\/www.notibras.com\/site\/wp-json\/wp\/v2\/comments?post=333334"}],"version-history":[{"count":1,"href":"https:\/\/www.notibras.com\/site\/wp-json\/wp\/v2\/posts\/333334\/revisions"}],"predecessor-version":[{"id":333336,"href":"https:\/\/www.notibras.com\/site\/wp-json\/wp\/v2\/posts\/333334\/revisions\/333336"}],"wp:featuredmedia":[{"embeddable":true,"href":"https:\/\/www.notibras.com\/site\/wp-json\/wp\/v2\/media\/333335"}],"wp:attachment":[{"href":"https:\/\/www.notibras.com\/site\/wp-json\/wp\/v2\/media?parent=333334"}],"wp:term":[{"taxonomy":"category","embeddable":true,"href":"https:\/\/www.notibras.com\/site\/wp-json\/wp\/v2\/categories?post=333334"},{"taxonomy":"post_tag","embeddable":true,"href":"https:\/\/www.notibras.com\/site\/wp-json\/wp\/v2\/tags?post=333334"}],"curies":[{"name":"wp","href":"https:\/\/api.w.org\/{rel}","templated":true}]}}