{"id":333390,"date":"2024-07-28T00:00:54","date_gmt":"2024-07-28T03:00:54","guid":{"rendered":"https:\/\/www.notibras.com\/site\/?p=333390"},"modified":"2024-07-28T04:23:31","modified_gmt":"2024-07-28T07:23:31","slug":"cuidado-com-o-frio-porque-e-nessa-hora-que-o-infarto-aparece","status":"publish","type":"post","link":"https:\/\/www.notibras.com\/site\/cuidado-com-o-frio-porque-e-nessa-hora-que-o-infarto-aparece\/","title":{"rendered":"Cuidado com o frio, porque \u00e9 nessa hora que o infarto aparece"},"content":{"rendered":"<p>De acordo com dados do Observat\u00f3rio de Sa\u00fade Cardiovascular do Instituto Nacional de Cardiologia (INC), baseado em informa\u00e7\u00f5es do Datasus, do Minist\u00e9rio da Sa\u00fade, que abrangem o per\u00edodo de 2008 a 2023, a esta\u00e7\u00e3o do inverno propicia aumento de interna\u00e7\u00f5es por infarto. Esse aumento alcan\u00e7a at\u00e9 12%, no Brasil, em pessoas que apresentam fatores de risco, disse a diretora do INC, Aurora Issa. Em n\u00edvel mundial, o \u00edndice chega a 30%.<\/p>\n<p>Alguns aspectos fisiopatol\u00f3gicos colaboram para o aumento de infartos nessa \u00e9poca do ano, destacou a doutora Aurora.<\/p>\n<p>\u201cUma das situa\u00e7\u00f5es \u00e9 que o frio faz os vasos sangu\u00edneos se contra\u00edrem em resposta ao frio. Com isso, em alguns casos, pode ter aumento da press\u00e3o arterial e isso acaba criando uma resist\u00eancia ao bombeamento de sangue do cora\u00e7\u00e3o, o que pode sobrecarregar um pouco o cora\u00e7\u00e3o. \u00c9 um dos mecanismos\u201d.<\/p>\n<p>Outra fator \u00e9 o n\u00famero de interna\u00e7\u00f5es por infec\u00e7\u00f5es respirat\u00f3rias que ocorrem no inverno.<\/p>\n<p>\u201cA infec\u00e7\u00e3o respirat\u00f3ria tem potencial de, nos pacientes que t\u00eam placa de gordura nas art\u00e9rias coron\u00e1rias, principal substrato para a ocorr\u00eancia de infarto, instabilizar as placas e formar trombos\u201d. O trombo impede a passagem do sangue no vaso e isso acontece com frequ\u00eancia significativa em pacientes com infec\u00e7\u00e3o respirat\u00f3ria no inverno, diz a especialista.<\/p>\n<p><strong>Sintomas<\/strong><br \/>\nAlguns sintomas podem alertar que a pessoa est\u00e1 tendo um infarto. \u201cO sintoma cl\u00e1ssico \u00e9 a dor no peito prolongada, em geral uma dor a que o paciente n\u00e3o est\u00e1 acostumado e que n\u00e3o passa com medica\u00e7\u00f5es usuais\u201d.<\/p>\n<p>Tamb\u00e9m podem ocorrer apresenta\u00e7\u00f5es at\u00edpicas. Algumas vezes, o paciente pode ter apenas um desconforto, falta de ar, cansa\u00e7o. \u201cSe tiver sintomas diferentes do habitual, a pessoa deve procurar aux\u00edlio para. Sem d\u00favida, o mais frequente \u00e9 a dor no peito prolongada, que pode irradiar para o bra\u00e7o esquerdo.<\/p>\n<p>A recomenda\u00e7\u00e3o \u00e9 procurar imediatamente o servi\u00e7o m\u00e9dico. \u201cQuanto mais tempo a pessoa que est\u00e1 infartando demora para receber assist\u00eancia, mais vai perdendo m\u00fasculo card\u00edaco e o dano pode chegar \u00e0 necrose, que \u00e9 a morte celular.&#8221; O atendimento tem que ser r\u00e1pido para a desobstru\u00e7\u00e3o da art\u00e9ria, o que pode ser feito por meio de medica\u00e7\u00e3o ou do procedimento de angioplastia&#8221;, explicou.<\/p>\n<p><strong>Preven\u00e7\u00e3o<\/strong><br \/>\nO cardiologista Flavio Cure, respons\u00e1vel pelo servi\u00e7o de Cardio-oncologia da Rede D\u2019Or, afirmou que as pessoas com maior propens\u00e3o a doen\u00e7as cardiovasculares, como cardiopatas, idosos e portadores de outras doen\u00e7as cr\u00f4nicas devem adotar medidas preventivas ao infarto no inverno.<\/p>\n<p>\u201cQuando est\u00e1 frio, para manter a temperatura, o organismo diminui o calibre dos vasos e libera adrenalina, ent\u00e3o o cora\u00e7\u00e3o trabalha mais\u201d. Ele recomenda que as pessoas controlem a press\u00e3o, o peso, a glicose e o colesterol. \u201cDevem tentar manter os fatores de risco sob controle.\u201d<\/p>\n<p>Outra coisa \u00e9 que no frio, costuma-se beber menos \u00e1gua, o que faz o sangue ficar mais espesso. Da\u00ed, recomendou que se beba uma maior quantidade de l\u00edquidos nessa \u00e9poca do ano. O m\u00e9dico deixa claro que qualquer pessoa pode ter infarto, embora para quem tiver altera\u00e7\u00e3o na circula\u00e7\u00e3o do cora\u00e7\u00e3o, a chance seja maior. \u201cMuitas vezes, a pessoa nem sabe. Ent\u00e3o, todo mundo deve se proteger do frio.\u201d<\/p>\n<p>O infarto \u00e9 mais frequente nos homens do que nas mulheres. segundo a diretora do INC, Aurora Issa.<\/p>\n<p>Segundo o cardiologista Flavio Cure, nos homens a ocorr\u00eancia de infarto aumenta mais a partir dos 50 anos de idade e, na mulher, acima de 60 anos. Pode acontecer com jovens, mas \u00e9 mais raro, porque a circula\u00e7\u00e3o do jovem \u00e9 maior, desde que ele n\u00e3o tenha nenhuma doen\u00e7a de base.<\/p>\n","protected":false},"excerpt":{"rendered":"<p>De acordo com dados do Observat\u00f3rio de Sa\u00fade Cardiovascular do Instituto Nacional de Cardiologia (INC), baseado em informa\u00e7\u00f5es do Datasus, do Minist\u00e9rio da Sa\u00fade, que abrangem o per\u00edodo de 2008 a 2023, a esta\u00e7\u00e3o do inverno propicia aumento de interna\u00e7\u00f5es por infarto. Esse aumento alcan\u00e7a at\u00e9 12%, no Brasil, em pessoas que apresentam fatores de [&hellip;]<\/p>\n","protected":false},"author":2,"featured_media":333391,"comment_status":"closed","ping_status":"closed","sticky":false,"template":"","format":"standard","meta":{"_acf_changed":false,"footnotes":""},"categories":[166,167,168,169,165,170,171,172,173,174],"tags":[],"class_list":["post-333390","post","type-post","status-publish","format-standard","has-post-thumbnail","hentry","category-alagoas","category-bahia","category-ceara","category-maranhao","category-nordeste","category-paraiba-nordeste","category-pernambuco-nordeste","category-piaui","category-rio-grande-do-norte","category-sergipe"],"acf":[],"yoast_head":"<!-- This site is optimized with the Yoast SEO plugin v27.5 - https:\/\/yoast.com\/product\/yoast-seo-wordpress\/ -->\n<title>Cuidado com o frio, porque \u00e9 nessa hora que o infarto aparece - Notibras<\/title>\n<meta name=\"robots\" content=\"index, follow, max-snippet:-1, max-image-preview:large, max-video-preview:-1\" \/>\n<link rel=\"canonical\" href=\"https:\/\/www.notibras.com\/site\/cuidado-com-o-frio-porque-e-nessa-hora-que-o-infarto-aparece\/\" \/>\n<meta property=\"og:locale\" content=\"pt_BR\" \/>\n<meta property=\"og:type\" content=\"article\" \/>\n<meta property=\"og:title\" content=\"Cuidado com o frio, porque \u00e9 nessa hora que o infarto aparece - Notibras\" \/>\n<meta property=\"og:description\" content=\"De acordo com dados do Observat\u00f3rio de Sa\u00fade Cardiovascular do Instituto Nacional de Cardiologia (INC), baseado em informa\u00e7\u00f5es do Datasus, do Minist\u00e9rio da Sa\u00fade, que abrangem o per\u00edodo de 2008 a 2023, a esta\u00e7\u00e3o do inverno propicia aumento de interna\u00e7\u00f5es por infarto. Esse aumento alcan\u00e7a at\u00e9 12%, no Brasil, em pessoas que apresentam fatores de [&hellip;]\" \/>\n<meta property=\"og:url\" content=\"https:\/\/www.notibras.com\/site\/cuidado-com-o-frio-porque-e-nessa-hora-que-o-infarto-aparece\/\" \/>\n<meta property=\"og:site_name\" content=\"Notibras\" \/>\n<meta property=\"article:publisher\" content=\"https:\/\/www.facebook.com\/notibras\/\" \/>\n<meta property=\"article:published_time\" content=\"2024-07-28T03:00:54+00:00\" \/>\n<meta property=\"article:modified_time\" content=\"2024-07-28T07:23:31+00:00\" \/>\n<meta property=\"og:image\" content=\"https:\/\/www.notibras.com\/site\/wp-content\/uploads\/2024\/07\/nr.frio_sao_paulo_1.webp\" \/>\n\t<meta property=\"og:image:width\" content=\"1170\" \/>\n\t<meta property=\"og:image:height\" content=\"700\" \/>\n\t<meta property=\"og:image:type\" content=\"image\/webp\" \/>\n<meta name=\"author\" content=\"Reda\u00e7\u00e3o\" \/>\n<meta name=\"twitter:card\" content=\"summary_large_image\" \/>\n<meta name=\"twitter:creator\" content=\"@Notibras\" \/>\n<meta name=\"twitter:site\" content=\"@Notibras\" \/>\n<meta name=\"twitter:label1\" content=\"Escrito por\" \/>\n\t<meta name=\"twitter:data1\" content=\"Reda\u00e7\u00e3o\" \/>\n\t<meta name=\"twitter:label2\" content=\"Est. tempo de leitura\" \/>\n\t<meta name=\"twitter:data2\" content=\"4 minutos\" \/>\n<script type=\"application\/ld+json\" class=\"yoast-schema-graph\">{\"@context\":\"https:\\\/\\\/schema.org\",\"@graph\":[{\"@type\":\"Article\",\"@id\":\"https:\\\/\\\/www.notibras.com\\\/site\\\/cuidado-com-o-frio-porque-e-nessa-hora-que-o-infarto-aparece\\\/#article\",\"isPartOf\":{\"@id\":\"https:\\\/\\\/www.notibras.com\\\/site\\\/cuidado-com-o-frio-porque-e-nessa-hora-que-o-infarto-aparece\\\/\"},\"author\":{\"name\":\"Reda\u00e7\u00e3o\",\"@id\":\"https:\\\/\\\/www.notibras.com\\\/site\\\/#\\\/schema\\\/person\\\/36ab0979449956132d3e5b517ea76ac8\"},\"headline\":\"Cuidado com o frio, porque \u00e9 nessa hora que o infarto aparece\",\"datePublished\":\"2024-07-28T03:00:54+00:00\",\"dateModified\":\"2024-07-28T07:23:31+00:00\",\"mainEntityOfPage\":{\"@id\":\"https:\\\/\\\/www.notibras.com\\\/site\\\/cuidado-com-o-frio-porque-e-nessa-hora-que-o-infarto-aparece\\\/\"},\"wordCount\":648,\"publisher\":{\"@id\":\"https:\\\/\\\/www.notibras.com\\\/site\\\/#organization\"},\"image\":{\"@id\":\"https:\\\/\\\/www.notibras.com\\\/site\\\/cuidado-com-o-frio-porque-e-nessa-hora-que-o-infarto-aparece\\\/#primaryimage\"},\"thumbnailUrl\":\"https:\\\/\\\/www.notibras.com\\\/site\\\/wp-content\\\/uploads\\\/2024\\\/07\\\/nr.frio_sao_paulo_1.webp\",\"articleSection\":[\"Alagoas\",\"Bahia\",\"Cear\u00e1\",\"Maranh\u00e3o\",\"Nordeste\",\"Para\u00edba\",\"Pernambuco\",\"Piau\u00ed\",\"Rio Grande do Norte\",\"Sergipe\"],\"inLanguage\":\"pt-BR\"},{\"@type\":\"WebPage\",\"@id\":\"https:\\\/\\\/www.notibras.com\\\/site\\\/cuidado-com-o-frio-porque-e-nessa-hora-que-o-infarto-aparece\\\/\",\"url\":\"https:\\\/\\\/www.notibras.com\\\/site\\\/cuidado-com-o-frio-porque-e-nessa-hora-que-o-infarto-aparece\\\/\",\"name\":\"Cuidado com o frio, porque \u00e9 nessa hora que o infarto aparece - Notibras\",\"isPartOf\":{\"@id\":\"https:\\\/\\\/www.notibras.com\\\/site\\\/#website\"},\"primaryImageOfPage\":{\"@id\":\"https:\\\/\\\/www.notibras.com\\\/site\\\/cuidado-com-o-frio-porque-e-nessa-hora-que-o-infarto-aparece\\\/#primaryimage\"},\"image\":{\"@id\":\"https:\\\/\\\/www.notibras.com\\\/site\\\/cuidado-com-o-frio-porque-e-nessa-hora-que-o-infarto-aparece\\\/#primaryimage\"},\"thumbnailUrl\":\"https:\\\/\\\/www.notibras.com\\\/site\\\/wp-content\\\/uploads\\\/2024\\\/07\\\/nr.frio_sao_paulo_1.webp\",\"datePublished\":\"2024-07-28T03:00:54+00:00\",\"dateModified\":\"2024-07-28T07:23:31+00:00\",\"breadcrumb\":{\"@id\":\"https:\\\/\\\/www.notibras.com\\\/site\\\/cuidado-com-o-frio-porque-e-nessa-hora-que-o-infarto-aparece\\\/#breadcrumb\"},\"inLanguage\":\"pt-BR\",\"potentialAction\":[{\"@type\":\"ReadAction\",\"target\":[\"https:\\\/\\\/www.notibras.com\\\/site\\\/cuidado-com-o-frio-porque-e-nessa-hora-que-o-infarto-aparece\\\/\"]}]},{\"@type\":\"ImageObject\",\"inLanguage\":\"pt-BR\",\"@id\":\"https:\\\/\\\/www.notibras.com\\\/site\\\/cuidado-com-o-frio-porque-e-nessa-hora-que-o-infarto-aparece\\\/#primaryimage\",\"url\":\"https:\\\/\\\/www.notibras.com\\\/site\\\/wp-content\\\/uploads\\\/2024\\\/07\\\/nr.frio_sao_paulo_1.webp\",\"contentUrl\":\"https:\\\/\\\/www.notibras.com\\\/site\\\/wp-content\\\/uploads\\\/2024\\\/07\\\/nr.frio_sao_paulo_1.webp\",\"width\":1170,\"height\":700},{\"@type\":\"BreadcrumbList\",\"@id\":\"https:\\\/\\\/www.notibras.com\\\/site\\\/cuidado-com-o-frio-porque-e-nessa-hora-que-o-infarto-aparece\\\/#breadcrumb\",\"itemListElement\":[{\"@type\":\"ListItem\",\"position\":1,\"name\":\"In\u00edcio\",\"item\":\"https:\\\/\\\/www.notibras.com\\\/site\\\/\"},{\"@type\":\"ListItem\",\"position\":2,\"name\":\"Cuidado com o frio, porque \u00e9 nessa hora que o infarto aparece\"}]},{\"@type\":\"WebSite\",\"@id\":\"https:\\\/\\\/www.notibras.com\\\/site\\\/#website\",\"url\":\"https:\\\/\\\/www.notibras.com\\\/site\\\/\",\"name\":\"Notibras\",\"description\":\"Not\u00edcias de Bras\u00edlia, do Brasil e do Mundo\",\"publisher\":{\"@id\":\"https:\\\/\\\/www.notibras.com\\\/site\\\/#organization\"},\"potentialAction\":[{\"@type\":\"SearchAction\",\"target\":{\"@type\":\"EntryPoint\",\"urlTemplate\":\"https:\\\/\\\/www.notibras.com\\\/site\\\/?s={search_term_string}\"},\"query-input\":{\"@type\":\"PropertyValueSpecification\",\"valueRequired\":true,\"valueName\":\"search_term_string\"}}],\"inLanguage\":\"pt-BR\"},{\"@type\":\"Organization\",\"@id\":\"https:\\\/\\\/www.notibras.com\\\/site\\\/#organization\",\"name\":\"Grupo Notibras de Comunica\u00e7\u00e3o\",\"url\":\"https:\\\/\\\/www.notibras.com\\\/site\\\/\",\"logo\":{\"@type\":\"ImageObject\",\"inLanguage\":\"pt-BR\",\"@id\":\"https:\\\/\\\/www.notibras.com\\\/site\\\/#\\\/schema\\\/logo\\\/image\\\/\",\"url\":\"https:\\\/\\\/www.notibras.com\\\/site\\\/wp-content\\\/uploads\\\/2023\\\/01\\\/notibras23.png\",\"contentUrl\":\"https:\\\/\\\/www.notibras.com\\\/site\\\/wp-content\\\/uploads\\\/2023\\\/01\\\/notibras23.png\",\"width\":350,\"height\":87,\"caption\":\"Grupo Notibras de Comunica\u00e7\u00e3o\"},\"image\":{\"@id\":\"https:\\\/\\\/www.notibras.com\\\/site\\\/#\\\/schema\\\/logo\\\/image\\\/\"},\"sameAs\":[\"https:\\\/\\\/www.facebook.com\\\/notibras\\\/\",\"https:\\\/\\\/x.com\\\/Notibras\",\"https:\\\/\\\/www.instagram.com\\\/notibras\\\/\"]},{\"@type\":\"Person\",\"@id\":\"https:\\\/\\\/www.notibras.com\\\/site\\\/#\\\/schema\\\/person\\\/36ab0979449956132d3e5b517ea76ac8\",\"name\":\"Reda\u00e7\u00e3o\",\"image\":{\"@type\":\"ImageObject\",\"inLanguage\":\"pt-BR\",\"@id\":\"https:\\\/\\\/secure.gravatar.com\\\/avatar\\\/e0a867bdedb85fd243eadf09663511f96fc81e0720a4a42581f334ad4303aa6b?s=96&d=mm&r=g\",\"url\":\"https:\\\/\\\/secure.gravatar.com\\\/avatar\\\/e0a867bdedb85fd243eadf09663511f96fc81e0720a4a42581f334ad4303aa6b?s=96&d=mm&r=g\",\"contentUrl\":\"https:\\\/\\\/secure.gravatar.com\\\/avatar\\\/e0a867bdedb85fd243eadf09663511f96fc81e0720a4a42581f334ad4303aa6b?s=96&d=mm&r=g\",\"caption\":\"Reda\u00e7\u00e3o\"}}]}<\/script>\n<!-- \/ Yoast SEO plugin. -->","yoast_head_json":{"title":"Cuidado com o frio, porque \u00e9 nessa hora que o infarto aparece - Notibras","robots":{"index":"index","follow":"follow","max-snippet":"max-snippet:-1","max-image-preview":"max-image-preview:large","max-video-preview":"max-video-preview:-1"},"canonical":"https:\/\/www.notibras.com\/site\/cuidado-com-o-frio-porque-e-nessa-hora-que-o-infarto-aparece\/","og_locale":"pt_BR","og_type":"article","og_title":"Cuidado com o frio, porque \u00e9 nessa hora que o infarto aparece - Notibras","og_description":"De acordo com dados do Observat\u00f3rio de Sa\u00fade Cardiovascular do Instituto Nacional de Cardiologia (INC), baseado em informa\u00e7\u00f5es do Datasus, do Minist\u00e9rio da Sa\u00fade, que abrangem o per\u00edodo de 2008 a 2023, a esta\u00e7\u00e3o do inverno propicia aumento de interna\u00e7\u00f5es por infarto. Esse aumento alcan\u00e7a at\u00e9 12%, no Brasil, em pessoas que apresentam fatores de [&hellip;]","og_url":"https:\/\/www.notibras.com\/site\/cuidado-com-o-frio-porque-e-nessa-hora-que-o-infarto-aparece\/","og_site_name":"Notibras","article_publisher":"https:\/\/www.facebook.com\/notibras\/","article_published_time":"2024-07-28T03:00:54+00:00","article_modified_time":"2024-07-28T07:23:31+00:00","og_image":[{"width":1170,"height":700,"url":"https:\/\/www.notibras.com\/site\/wp-content\/uploads\/2024\/07\/nr.frio_sao_paulo_1.webp","type":"image\/webp"}],"author":"Reda\u00e7\u00e3o","twitter_card":"summary_large_image","twitter_creator":"@Notibras","twitter_site":"@Notibras","twitter_misc":{"Escrito por":"Reda\u00e7\u00e3o","Est. tempo de leitura":"4 minutos"},"schema":{"@context":"https:\/\/schema.org","@graph":[{"@type":"Article","@id":"https:\/\/www.notibras.com\/site\/cuidado-com-o-frio-porque-e-nessa-hora-que-o-infarto-aparece\/#article","isPartOf":{"@id":"https:\/\/www.notibras.com\/site\/cuidado-com-o-frio-porque-e-nessa-hora-que-o-infarto-aparece\/"},"author":{"name":"Reda\u00e7\u00e3o","@id":"https:\/\/www.notibras.com\/site\/#\/schema\/person\/36ab0979449956132d3e5b517ea76ac8"},"headline":"Cuidado com o frio, porque \u00e9 nessa hora que o infarto aparece","datePublished":"2024-07-28T03:00:54+00:00","dateModified":"2024-07-28T07:23:31+00:00","mainEntityOfPage":{"@id":"https:\/\/www.notibras.com\/site\/cuidado-com-o-frio-porque-e-nessa-hora-que-o-infarto-aparece\/"},"wordCount":648,"publisher":{"@id":"https:\/\/www.notibras.com\/site\/#organization"},"image":{"@id":"https:\/\/www.notibras.com\/site\/cuidado-com-o-frio-porque-e-nessa-hora-que-o-infarto-aparece\/#primaryimage"},"thumbnailUrl":"https:\/\/www.notibras.com\/site\/wp-content\/uploads\/2024\/07\/nr.frio_sao_paulo_1.webp","articleSection":["Alagoas","Bahia","Cear\u00e1","Maranh\u00e3o","Nordeste","Para\u00edba","Pernambuco","Piau\u00ed","Rio Grande do Norte","Sergipe"],"inLanguage":"pt-BR"},{"@type":"WebPage","@id":"https:\/\/www.notibras.com\/site\/cuidado-com-o-frio-porque-e-nessa-hora-que-o-infarto-aparece\/","url":"https:\/\/www.notibras.com\/site\/cuidado-com-o-frio-porque-e-nessa-hora-que-o-infarto-aparece\/","name":"Cuidado com o frio, porque \u00e9 nessa hora que o infarto aparece - Notibras","isPartOf":{"@id":"https:\/\/www.notibras.com\/site\/#website"},"primaryImageOfPage":{"@id":"https:\/\/www.notibras.com\/site\/cuidado-com-o-frio-porque-e-nessa-hora-que-o-infarto-aparece\/#primaryimage"},"image":{"@id":"https:\/\/www.notibras.com\/site\/cuidado-com-o-frio-porque-e-nessa-hora-que-o-infarto-aparece\/#primaryimage"},"thumbnailUrl":"https:\/\/www.notibras.com\/site\/wp-content\/uploads\/2024\/07\/nr.frio_sao_paulo_1.webp","datePublished":"2024-07-28T03:00:54+00:00","dateModified":"2024-07-28T07:23:31+00:00","breadcrumb":{"@id":"https:\/\/www.notibras.com\/site\/cuidado-com-o-frio-porque-e-nessa-hora-que-o-infarto-aparece\/#breadcrumb"},"inLanguage":"pt-BR","potentialAction":[{"@type":"ReadAction","target":["https:\/\/www.notibras.com\/site\/cuidado-com-o-frio-porque-e-nessa-hora-que-o-infarto-aparece\/"]}]},{"@type":"ImageObject","inLanguage":"pt-BR","@id":"https:\/\/www.notibras.com\/site\/cuidado-com-o-frio-porque-e-nessa-hora-que-o-infarto-aparece\/#primaryimage","url":"https:\/\/www.notibras.com\/site\/wp-content\/uploads\/2024\/07\/nr.frio_sao_paulo_1.webp","contentUrl":"https:\/\/www.notibras.com\/site\/wp-content\/uploads\/2024\/07\/nr.frio_sao_paulo_1.webp","width":1170,"height":700},{"@type":"BreadcrumbList","@id":"https:\/\/www.notibras.com\/site\/cuidado-com-o-frio-porque-e-nessa-hora-que-o-infarto-aparece\/#breadcrumb","itemListElement":[{"@type":"ListItem","position":1,"name":"In\u00edcio","item":"https:\/\/www.notibras.com\/site\/"},{"@type":"ListItem","position":2,"name":"Cuidado com o frio, porque \u00e9 nessa hora que o infarto aparece"}]},{"@type":"WebSite","@id":"https:\/\/www.notibras.com\/site\/#website","url":"https:\/\/www.notibras.com\/site\/","name":"Notibras","description":"Not\u00edcias de Bras\u00edlia, do Brasil e do Mundo","publisher":{"@id":"https:\/\/www.notibras.com\/site\/#organization"},"potentialAction":[{"@type":"SearchAction","target":{"@type":"EntryPoint","urlTemplate":"https:\/\/www.notibras.com\/site\/?s={search_term_string}"},"query-input":{"@type":"PropertyValueSpecification","valueRequired":true,"valueName":"search_term_string"}}],"inLanguage":"pt-BR"},{"@type":"Organization","@id":"https:\/\/www.notibras.com\/site\/#organization","name":"Grupo Notibras de Comunica\u00e7\u00e3o","url":"https:\/\/www.notibras.com\/site\/","logo":{"@type":"ImageObject","inLanguage":"pt-BR","@id":"https:\/\/www.notibras.com\/site\/#\/schema\/logo\/image\/","url":"https:\/\/www.notibras.com\/site\/wp-content\/uploads\/2023\/01\/notibras23.png","contentUrl":"https:\/\/www.notibras.com\/site\/wp-content\/uploads\/2023\/01\/notibras23.png","width":350,"height":87,"caption":"Grupo Notibras de Comunica\u00e7\u00e3o"},"image":{"@id":"https:\/\/www.notibras.com\/site\/#\/schema\/logo\/image\/"},"sameAs":["https:\/\/www.facebook.com\/notibras\/","https:\/\/x.com\/Notibras","https:\/\/www.instagram.com\/notibras\/"]},{"@type":"Person","@id":"https:\/\/www.notibras.com\/site\/#\/schema\/person\/36ab0979449956132d3e5b517ea76ac8","name":"Reda\u00e7\u00e3o","image":{"@type":"ImageObject","inLanguage":"pt-BR","@id":"https:\/\/secure.gravatar.com\/avatar\/e0a867bdedb85fd243eadf09663511f96fc81e0720a4a42581f334ad4303aa6b?s=96&d=mm&r=g","url":"https:\/\/secure.gravatar.com\/avatar\/e0a867bdedb85fd243eadf09663511f96fc81e0720a4a42581f334ad4303aa6b?s=96&d=mm&r=g","contentUrl":"https:\/\/secure.gravatar.com\/avatar\/e0a867bdedb85fd243eadf09663511f96fc81e0720a4a42581f334ad4303aa6b?s=96&d=mm&r=g","caption":"Reda\u00e7\u00e3o"}}]}},"amp_enabled":true,"_links":{"self":[{"href":"https:\/\/www.notibras.com\/site\/wp-json\/wp\/v2\/posts\/333390","targetHints":{"allow":["GET"]}}],"collection":[{"href":"https:\/\/www.notibras.com\/site\/wp-json\/wp\/v2\/posts"}],"about":[{"href":"https:\/\/www.notibras.com\/site\/wp-json\/wp\/v2\/types\/post"}],"author":[{"embeddable":true,"href":"https:\/\/www.notibras.com\/site\/wp-json\/wp\/v2\/users\/2"}],"replies":[{"embeddable":true,"href":"https:\/\/www.notibras.com\/site\/wp-json\/wp\/v2\/comments?post=333390"}],"version-history":[{"count":1,"href":"https:\/\/www.notibras.com\/site\/wp-json\/wp\/v2\/posts\/333390\/revisions"}],"predecessor-version":[{"id":333392,"href":"https:\/\/www.notibras.com\/site\/wp-json\/wp\/v2\/posts\/333390\/revisions\/333392"}],"wp:featuredmedia":[{"embeddable":true,"href":"https:\/\/www.notibras.com\/site\/wp-json\/wp\/v2\/media\/333391"}],"wp:attachment":[{"href":"https:\/\/www.notibras.com\/site\/wp-json\/wp\/v2\/media?parent=333390"}],"wp:term":[{"taxonomy":"category","embeddable":true,"href":"https:\/\/www.notibras.com\/site\/wp-json\/wp\/v2\/categories?post=333390"},{"taxonomy":"post_tag","embeddable":true,"href":"https:\/\/www.notibras.com\/site\/wp-json\/wp\/v2\/tags?post=333390"}],"curies":[{"name":"wp","href":"https:\/\/api.w.org\/{rel}","templated":true}]}}