{"id":333396,"date":"2024-07-28T00:00:38","date_gmt":"2024-07-28T03:00:38","guid":{"rendered":"https:\/\/www.notibras.com\/site\/?p=333396"},"modified":"2024-07-28T04:41:50","modified_gmt":"2024-07-28T07:41:50","slug":"predio-da-oab-atingido-por-incendio-tem-cinco-resgatados","status":"publish","type":"post","link":"https:\/\/www.notibras.com\/site\/predio-da-oab-atingido-por-incendio-tem-cinco-resgatados\/","title":{"rendered":"Pr\u00e9dio da OAB atingido por inc\u00eandio tem cinco resgatados"},"content":{"rendered":"<p>O pr\u00e9dio do Conselho Federal da Ordem dos Advogados do Brasil (OAB) foi atingido por um inc\u00eandio neste s\u00e1bado, 27.<\/p>\n<p>Em nota, a entidade informou que o inc\u00eandio come\u00e7ou no terceiro andar, onde est\u00e1 localizado o plen\u00e1rio da OAB. O espa\u00e7o est\u00e1 em reforma.<\/p>\n<p>A entidade tamb\u00e9m informou que cinco pessoas estavam no pr\u00e9dio no momento do inc\u00eandio e foram resgatadas pelos Bombeiros. Duas foram levadas de helic\u00f3ptero para o hospital.<\/p>\n<p>O presidente da OAB, Beto Simonetti, confirmou que o fogo come\u00e7ou nas obras do plen\u00e1rio.<\/p>\n<p>&#8220;Lamentavelmente, um incidente nas obras de melhorias do pleno iniciou um inc\u00eandio no pr\u00e9dio. Os bombeiros j\u00e1 entraram no local e est\u00e3o percorrendo os andares. Ainda h\u00e1 muita fuma\u00e7a, mas eles est\u00e3o debelando os focos de inc\u00eandio&#8221;, informou.<\/p>\n<p>Simonetti tamb\u00e9m disse que as v\u00edtimas n\u00e3o ocorrem risco de morte. &#8220;O mais importante \u00e9 a sa\u00fade e a seguran\u00e7a dos colaboradores e isso foi assegurado. Nenhum ferimento grave nem risco de morte&#8221;, concluiu.<\/p>\n<p>A OAB informou que o datacenter da entidade n\u00e3o foi atingido. Os dados s\u00e3o armazenados no sistema de nuvem. As causas do inc\u00eandio ser\u00e3o apuradas pela Pol\u00edcia Civil e os Bombeiros.<\/p>\n","protected":false},"excerpt":{"rendered":"<p>O pr\u00e9dio do Conselho Federal da Ordem dos Advogados do Brasil (OAB) foi atingido por um inc\u00eandio neste s\u00e1bado, 27. Em nota, a entidade informou que o inc\u00eandio come\u00e7ou no terceiro andar, onde est\u00e1 localizado o plen\u00e1rio da OAB. O espa\u00e7o est\u00e1 em reforma. A entidade tamb\u00e9m informou que cinco pessoas estavam no pr\u00e9dio no [&hellip;]<\/p>\n","protected":false},"author":2,"featured_media":333397,"comment_status":"closed","ping_status":"closed","sticky":false,"template":"","format":"standard","meta":{"_acf_changed":false,"footnotes":""},"categories":[161],"tags":[],"class_list":["post-333396","post","type-post","status-publish","format-standard","has-post-thumbnail","hentry","category-quadradinho-em-foco"],"acf":[],"_links":{"self":[{"href":"https:\/\/www.notibras.com\/site\/wp-json\/wp\/v2\/posts\/333396","targetHints":{"allow":["GET"]}}],"collection":[{"href":"https:\/\/www.notibras.com\/site\/wp-json\/wp\/v2\/posts"}],"about":[{"href":"https:\/\/www.notibras.com\/site\/wp-json\/wp\/v2\/types\/post"}],"author":[{"embeddable":true,"href":"https:\/\/www.notibras.com\/site\/wp-json\/wp\/v2\/users\/2"}],"replies":[{"embeddable":true,"href":"https:\/\/www.notibras.com\/site\/wp-json\/wp\/v2\/comments?post=333396"}],"version-history":[{"count":1,"href":"https:\/\/www.notibras.com\/site\/wp-json\/wp\/v2\/posts\/333396\/revisions"}],"predecessor-version":[{"id":333398,"href":"https:\/\/www.notibras.com\/site\/wp-json\/wp\/v2\/posts\/333396\/revisions\/333398"}],"wp:featuredmedia":[{"embeddable":true,"href":"https:\/\/www.notibras.com\/site\/wp-json\/wp\/v2\/media\/333397"}],"wp:attachment":[{"href":"https:\/\/www.notibras.com\/site\/wp-json\/wp\/v2\/media?parent=333396"}],"wp:term":[{"taxonomy":"category","embeddable":true,"href":"https:\/\/www.notibras.com\/site\/wp-json\/wp\/v2\/categories?post=333396"},{"taxonomy":"post_tag","embeddable":true,"href":"https:\/\/www.notibras.com\/site\/wp-json\/wp\/v2\/tags?post=333396"}],"curies":[{"name":"wp","href":"https:\/\/api.w.org\/{rel}","templated":true}]}}