{"id":333399,"date":"2024-07-28T00:00:48","date_gmt":"2024-07-28T03:00:48","guid":{"rendered":"https:\/\/www.notibras.com\/site\/?p=333399"},"modified":"2024-07-28T04:51:40","modified_gmt":"2024-07-28T07:51:40","slug":"justica-manda-que-85-do-efetivo-do-inss-trabalhe","status":"publish","type":"post","link":"https:\/\/www.notibras.com\/site\/justica-manda-que-85-do-efetivo-do-inss-trabalhe\/","title":{"rendered":"Justi\u00e7a manda que 85% do efetivo do INSS trabalhe"},"content":{"rendered":"<p>A presidente do Superior Tribunal de Justi\u00e7a (STJ), ministra Maria Thereza Moura, determinou que 85% do efetivo de trabalho seja mantido durante a greve dos servidores do Instituto Nacional do Seguro Social (INSS).<\/p>\n<p>Pela decis\u00e3o, o percentual m\u00ednimo dever\u00e1 ser mantido em todas as unidades do \u00f3rg\u00e3o, conforme determina a legisla\u00e7\u00e3o em casos que envolvem servi\u00e7os essenciais. Em caso de descumprimento da determina\u00e7\u00e3o, os sindicatos da categoria dever\u00e3o pagar multa di\u00e1ria de R$ 500 mil.<\/p>\n<p>A decis\u00e3o da ministra foi motivada por uma a\u00e7\u00e3o protocolada pelo INSS para garantir o funcionamento m\u00ednimo durante o movimento paredista, aprovado no dia 16 pela Federa\u00e7\u00e3o Nacional de Sindicatos de Trabalhadores em Sa\u00fade, Trabalho, Previd\u00eancia e Assist\u00eancia Social (Fenasps).<\/p>\n<p>A Fenasps defende a recomposi\u00e7\u00e3o das perdas salariais, reestrutura\u00e7\u00e3o de carreiras, incorpora\u00e7\u00e3o de gratifica\u00e7\u00f5es, jornada de trabalho de 30 horas para todos e cumprimento das jornadas de trabalho previstas em lei, entre outras pautas.<\/p>\n<p><strong>Proposta<\/strong><br \/>\nO Minist\u00e9rio da Gest\u00e3o e Inova\u00e7\u00e3o em Servi\u00e7os P\u00fablicos apresentou uma proposta \u00e0 categoria que prev\u00ea ganho acumulado de 24,8% entre 2023 e 2026 para os servidores ativos e inativos. De acordo com a pasta, esse ganho cobre as perdas inflacion\u00e1rias do governo atual e parte das perdas de gest\u00f5es anteriores.<\/p>\n<p>A atual proposta tamb\u00e9m prev\u00ea alongamento da carreira de 17 padr\u00f5es para 20 padr\u00f5es, manuten\u00e7\u00e3o da remunera\u00e7\u00e3o de ingresso do n\u00edvel superior e n\u00edvel intermedi\u00e1rio com valoriza\u00e7\u00e3o do vencimento b\u00e1sico e cria\u00e7\u00e3o de gratifica\u00e7\u00e3o de atividade em substitui\u00e7\u00e3o \u00e0 Gratifica\u00e7\u00e3o de Atividade Executiva (GAE).<\/p>\n","protected":false},"excerpt":{"rendered":"<p>A presidente do Superior Tribunal de Justi\u00e7a (STJ), ministra Maria Thereza Moura, determinou que 85% do efetivo de trabalho seja mantido durante a greve dos servidores do Instituto Nacional do Seguro Social (INSS). Pela decis\u00e3o, o percentual m\u00ednimo dever\u00e1 ser mantido em todas as unidades do \u00f3rg\u00e3o, conforme determina a legisla\u00e7\u00e3o em casos que envolvem [&hellip;]<\/p>\n","protected":false},"author":2,"featured_media":333400,"comment_status":"closed","ping_status":"closed","sticky":false,"template":"","format":"standard","meta":{"_acf_changed":false,"footnotes":""},"categories":[161],"tags":[],"class_list":["post-333399","post","type-post","status-publish","format-standard","has-post-thumbnail","hentry","category-quadradinho-em-foco"],"acf":[],"_links":{"self":[{"href":"https:\/\/www.notibras.com\/site\/wp-json\/wp\/v2\/posts\/333399","targetHints":{"allow":["GET"]}}],"collection":[{"href":"https:\/\/www.notibras.com\/site\/wp-json\/wp\/v2\/posts"}],"about":[{"href":"https:\/\/www.notibras.com\/site\/wp-json\/wp\/v2\/types\/post"}],"author":[{"embeddable":true,"href":"https:\/\/www.notibras.com\/site\/wp-json\/wp\/v2\/users\/2"}],"replies":[{"embeddable":true,"href":"https:\/\/www.notibras.com\/site\/wp-json\/wp\/v2\/comments?post=333399"}],"version-history":[{"count":1,"href":"https:\/\/www.notibras.com\/site\/wp-json\/wp\/v2\/posts\/333399\/revisions"}],"predecessor-version":[{"id":333401,"href":"https:\/\/www.notibras.com\/site\/wp-json\/wp\/v2\/posts\/333399\/revisions\/333401"}],"wp:featuredmedia":[{"embeddable":true,"href":"https:\/\/www.notibras.com\/site\/wp-json\/wp\/v2\/media\/333400"}],"wp:attachment":[{"href":"https:\/\/www.notibras.com\/site\/wp-json\/wp\/v2\/media?parent=333399"}],"wp:term":[{"taxonomy":"category","embeddable":true,"href":"https:\/\/www.notibras.com\/site\/wp-json\/wp\/v2\/categories?post=333399"},{"taxonomy":"post_tag","embeddable":true,"href":"https:\/\/www.notibras.com\/site\/wp-json\/wp\/v2\/tags?post=333399"}],"curies":[{"name":"wp","href":"https:\/\/api.w.org\/{rel}","templated":true}]}}