{"id":333443,"date":"2024-07-30T06:44:38","date_gmt":"2024-07-30T09:44:38","guid":{"rendered":"https:\/\/www.notibras.com\/site\/?p=333443"},"modified":"2024-07-30T08:39:29","modified_gmt":"2024-07-30T11:39:29","slug":"stones-e-elvis-sao-magicos-mas-alceu-tem-a-cartola","status":"publish","type":"post","link":"https:\/\/www.notibras.com\/site\/stones-e-elvis-sao-magicos-mas-alceu-tem-a-cartola\/","title":{"rendered":"Stones e Elvis s\u00e3o m\u00e1gicos, mas Alceu tem a cartola"},"content":{"rendered":"<p>Cresci nos anos 1970 e 1980, quando o rock and roll ainda era o grande ritmo que embalava boa parcela da popula\u00e7\u00e3o. Obviamente que havia o samba, a bossa nova, a MPB, mas o rock era a grande estrela nas mentes dos jovens. Falar algo assim hoje em dia talvez pare\u00e7a estranho, ainda mais depois que ouvi, h\u00e1 alguns anos, que um colega de trabalho n\u00e3o gostava de rock.<\/p>\n<p>Ali\u00e1s, ele, que estava conversando com outros funcion\u00e1rios, foi at\u00e9 bem espec\u00edfico em rela\u00e7\u00e3o a um artista: &#8220;Odeio o Raul Seixas!&#8221; Isso soou t\u00e3o sem sentido para mim, mas continuei sem participar desse debate. Simplesmente mantive os olhos na tela do computador, simulando que estava lendo algo.<\/p>\n<p>No entanto, a hist\u00f3ria que vou contar aconteceu em 2006, quando The Rolling Stones se apresentaram para mais de um milh\u00e3o de pessoas nas areias da praia de Copacabana. Pois bem, l\u00e1 est\u00e1vamos a minha filha e eu. A multid\u00e3o era tamanha, que, durante alguns momentos do show, tive que coloc\u00e1-la nos meus ombros. Ela adorou a situa\u00e7\u00e3o, pois era uma garotinha de nove anos curtindo umas das maiores bandas de rock da hist\u00f3ria, composta por aqueles m\u00fasicos que embalaram boa parte da minha vida.<\/p>\n<p>Foi legal. Gostei. Mas sem exclama\u00e7\u00f5es. N\u00e3o sei se os Stones estavam cansados de tocar as mesmas coisas durante muitos anos ou, ent\u00e3o, eu que j\u00e1 n\u00e3o fazia parte daquela plateia. Tudo me pareceu t\u00e3o artificial, extremamente t\u00e9cnico, mas n\u00e3o disse isso para a minha filha, pois ela estava t\u00e3o euf\u00f3rica&#8230; Tanto \u00e9 que, logo ap\u00f3s os Stones cantarem &#8220;Satisfaction&#8221; e se despedirem, a minha filha quis telefonar para a minha m\u00e3e. Achamos o primeiro orelh\u00e3o.<\/p>\n<p>\u2014 V\u00f3, advinha quem a gente viu agora?<\/p>\n<p>\u2014 N\u00e3o fa\u00e7o a menor ideia. Quem?<\/p>\n<p>\u2014 Os Stones, v\u00f3!<\/p>\n<p>\u2014 Ah, que legal.<\/p>\n<p>\u2014 Os Stones s\u00e3o bem legais, v\u00f3!<\/p>\n<p>\u2014 \u00c9, eles s\u00e3o legais. Mas o Elvis \u00e9 bem melhor!<\/p>\n<p>A minha filha depois me falou o que a minha m\u00e3e tinha dito. Provavelmente, o Elvis fosse mesmo melhor. N\u00e3o sei. Mas, algum tempo depois, presenciei o maior show da minha vida, quando vi uma apresenta\u00e7\u00e3o do Alceu Valen\u00e7a. Posso afirmar, e que me desculpem os Stones, mas o Alceu me fez acreditar, ali na lona de Vista Alegre, que ele \u00e9 bem melhor.<\/p>\n<p><strong>*Eduardo Mart\u00ednez \u00e9 autor do livro \u201c57 Contos e Cr\u00f4nicas por um Autor muito Velho\u201d.<\/strong><\/p>\n<p>Compre aqui\u00a0<span class=\"x19la9d6 x1fc57z9 x6ikm8r x10wlt62 x19co3pv x1g5zs5t xfibh0p xiy17q3 x1xsqp64 x1lkfr7t xexx8yu x4uap5 x18d9i69 xkhd6sd\"><span class=\"xrtxmta x1bhl96m\"><img decoding=\"async\" class=\"emoji\" role=\"img\" draggable=\"false\" src=\"https:\/\/s.w.org\/images\/core\/emoji\/14.0.0\/svg\/1f447-1f3ff.svg\" alt=\"&#x1f447;&#x1f3ff;\" \/><\/span><\/span><span class=\"x19la9d6 x1fc57z9 x6ikm8r x10wlt62 x19co3pv x1g5zs5t xfibh0p xiy17q3 x1xsqp64 x1lkfr7t xexx8yu x4uap5 x18d9i69 xkhd6sd\"><span class=\"xrtxmta x1bhl96m\"><img decoding=\"async\" class=\"emoji\" role=\"img\" draggable=\"false\" src=\"https:\/\/s.w.org\/images\/core\/emoji\/14.0.0\/svg\/1f447-1f3ff.svg\" alt=\"&#x1f447;&#x1f3ff;\" \/><\/span><\/span><span class=\"x19la9d6 x1fc57z9 x6ikm8r x10wlt62 x19co3pv x1g5zs5t xfibh0p xiy17q3 x1xsqp64 x1lkfr7t xexx8yu x4uap5 x18d9i69 xkhd6sd\"><span class=\"xrtxmta x1bhl96m\"><img decoding=\"async\" class=\"emoji\" role=\"img\" draggable=\"false\" src=\"https:\/\/s.w.org\/images\/core\/emoji\/14.0.0\/svg\/1f447-1f3ff.svg\" alt=\"&#x1f447;&#x1f3ff;\" \/><\/span><\/span><\/p>\n<p><a href=\"http:\/\/www.joanineditora.com.br\/57-contos-e-cronicas-por-um-autor-muito-velho\">http:\/\/www.joanineditora.com.br\/57-contos-e-cronicas-por-um-autor-muito-velho<\/a><\/p>\n","protected":false},"excerpt":{"rendered":"<p>Cresci nos anos 1970 e 1980, quando o rock and roll ainda era o grande ritmo que embalava boa parcela da popula\u00e7\u00e3o. Obviamente que havia o samba, a bossa nova, a MPB, mas o rock era a grande estrela nas mentes dos jovens. Falar algo assim hoje em dia talvez pare\u00e7a estranho, ainda mais depois [&hellip;]<\/p>\n","protected":false},"author":2,"featured_media":333444,"comment_status":"closed","ping_status":"closed","sticky":false,"template":"","format":"standard","meta":{"_acf_changed":false,"footnotes":""},"categories":[161],"tags":[],"class_list":["post-333443","post","type-post","status-publish","format-standard","has-post-thumbnail","hentry","category-quadradinho-em-foco"],"acf":[],"_links":{"self":[{"href":"https:\/\/www.notibras.com\/site\/wp-json\/wp\/v2\/posts\/333443","targetHints":{"allow":["GET"]}}],"collection":[{"href":"https:\/\/www.notibras.com\/site\/wp-json\/wp\/v2\/posts"}],"about":[{"href":"https:\/\/www.notibras.com\/site\/wp-json\/wp\/v2\/types\/post"}],"author":[{"embeddable":true,"href":"https:\/\/www.notibras.com\/site\/wp-json\/wp\/v2\/users\/2"}],"replies":[{"embeddable":true,"href":"https:\/\/www.notibras.com\/site\/wp-json\/wp\/v2\/comments?post=333443"}],"version-history":[{"count":2,"href":"https:\/\/www.notibras.com\/site\/wp-json\/wp\/v2\/posts\/333443\/revisions"}],"predecessor-version":[{"id":333450,"href":"https:\/\/www.notibras.com\/site\/wp-json\/wp\/v2\/posts\/333443\/revisions\/333450"}],"wp:featuredmedia":[{"embeddable":true,"href":"https:\/\/www.notibras.com\/site\/wp-json\/wp\/v2\/media\/333444"}],"wp:attachment":[{"href":"https:\/\/www.notibras.com\/site\/wp-json\/wp\/v2\/media?parent=333443"}],"wp:term":[{"taxonomy":"category","embeddable":true,"href":"https:\/\/www.notibras.com\/site\/wp-json\/wp\/v2\/categories?post=333443"},{"taxonomy":"post_tag","embeddable":true,"href":"https:\/\/www.notibras.com\/site\/wp-json\/wp\/v2\/tags?post=333443"}],"curies":[{"name":"wp","href":"https:\/\/api.w.org\/{rel}","templated":true}]}}