{"id":333451,"date":"2024-07-30T06:42:48","date_gmt":"2024-07-30T09:42:48","guid":{"rendered":"https:\/\/www.notibras.com\/site\/?p=333451"},"modified":"2024-07-30T06:44:10","modified_gmt":"2024-07-30T09:44:10","slug":"estudantes-nordestinos-lideram-grupo-das-olimpiadas-de-astronomia","status":"publish","type":"post","link":"https:\/\/www.notibras.com\/site\/estudantes-nordestinos-lideram-grupo-das-olimpiadas-de-astronomia\/","title":{"rendered":"Estudantes nordestinos lideram grupo das olimp\u00edadas de astronomia"},"content":{"rendered":"<p>De um grupo de 10 estudantes brasileiros que v\u00e3o participar das olimp\u00edadas Internacional de Astronomia e Astrof\u00edsica (IOAA) e Latino-Americana de Astronomia e Astron\u00e1utica (OLAA), seis s\u00e3o do Nordeste. Os alunos que representar\u00e3o o Brasil na IOAA 2024 s\u00e3o Francisco Carluccio de Andrade (SP), 16 anos; Gustavo Mesquita Fran\u00e7a (SP), 18; Heitor Borim Szabo (SP), 17; Lucas Cavalcante Menezes (SE), 17; e Nat\u00e1lia Rosa Vinhaes (MA), 17. A Olimp\u00edada Internacional de Astronomia e Astron\u00e1utica (IOAA) ser\u00e1 realizada no per\u00edodo de 17 a 27 de agosto, nas cidades de Vassouras e Barra do Pira\u00ed (RJ), no interior do estado do Rio de Janeiro. Esta ser\u00e1 a segunda vez que o Brasil sedia a IOAA. A primeira foi em 2012.<\/p>\n<p>J\u00e1 na OLAA, marcada para o per\u00edodo de 25 a 29 de novembro deste ano, na Costa Rica, o pa\u00eds ser\u00e1 representado por Arthur Gomes Gurj\u00e3o (CE), 16 anos; Filipe Ya Hu Dai Lima (PB), 16; Larissa Midori Miamura (CE), 18; Luca Pieroni Pimenta (SP), 17; e Lucas Pra\u00e7a Oliveira (CE), 17. Todos os classificados participaram da Olimp\u00edada Brasileira de Astronomia (OBA) de 2023.<\/p>\n<p>\u201cA prova da OBA \u00e9 o come\u00e7o de tudo\u201d, disse o pesquisador do Observat\u00f3rio Nacional Eug\u00eanio Reis, um dos coordenadores da IOAA. S\u00e3o convidados a participar do processo seletivo da OBA estudantes do ensino m\u00e9dio que receberam na prova nota 7 ou acima de 7; e alunos do 9\u00ba ano do ensino fundamental com notas 9 ou acima de 9. \u201cEstamos falando de milhares de estudantes que s\u00e3o convidados para o processo\u201d, destacou Reis. Essa fase \u00e9 iniciada com tr\u00eas provas online, aplicadas nos tr\u00eas \u00faltimos meses do ano, na pr\u00f3pria escola ou em casa, sem custos para os alunos.<\/p>\n<p>As provas v\u00e3o gradualmente aumentando a dificuldade. \u201cA gente tem que ir preparando os estudantes para enfrentarem quest\u00f5es cada vez mais complicadas de astronomia. As provas online j\u00e1 t\u00eam esse car\u00e1ter de serem cada vez mais dif\u00edceis\u201d, explicou Reis. Ap\u00f3s as provas online, s\u00e3o selecionados entre 150 e 200 melhores estudantes para realizar uma prova presencial, que costuma ser aplicada no Hotel Fazenda Ribeir\u00e3o, localizado em Barra do Pira\u00ed. \u201cEles t\u00eam que estar l\u00e1 pessoalmente. \u00c9 um custo para eles, porque t\u00eam que bancar a passagem.\u201d<\/p>\n<p>Os alunos t\u00eam, nessa etapa, que fazer provas te\u00f3ricas, de planet\u00e1rio, manuseio de telesc\u00f3pio, estudos da carta celeste. \u201cA\u00ed, sim, v\u00e3o ser testados de maneira um pouco mais s\u00e9ria porque, desse pessoal que vai fazer prova presencial \u00e9 que sai a equipe que vai ser treinada. Dos 150 a 200 que a gente chama para fazer essas provas, s\u00e3o selecionados 40 estudantes. Dentro desses 40, h\u00e1 algumas regras para ocupa\u00e7\u00e3o das vagas\u201d, disse o coordenador. Entre essas regras est\u00e1 a participa\u00e7\u00e3o de meninas nas equipes; presen\u00e7a de estudantes de escola p\u00fablica e do 9\u00ba ano do ensino fundamental que, no pr\u00f3ximo ano, j\u00e1 estar\u00e3o no ensino m\u00e9dio. \u201cA gente guarda, dentro desses 40, uma cota para esses estudantes, porque a gente quer que nossas equipes sejam mistas, com meninas e meninos juntos; e privilegia aqueles que s\u00e3o de escola p\u00fablica\u201d. H\u00e1 tamb\u00e9m alunos de institutos federais e escolas militares.<\/p>\n<p>Depois, eles recebem treinamentos, tamb\u00e9m no Hotel Fazenda Ribeir\u00e3o, quando competem entre si em duas fases. Depois da segunda fase de treino, s\u00e3o selecionados os dez estudantes que representar\u00e3o o Brasil na IOAA e na OLAA, e mais cinco suplentes. Este ano, os suplentes s\u00e3o Ana Beatriz Bandeira Martins (SP), Felipe Maia Silva (SP), Franklin da Silva Costa (PE), Henrico Bueno Hirata (CE), Lu\u00eds Fernando de Oliveira Souza (MS) e Maxwell Caciano da Silva (MT).<\/p>\n<p>H\u00e1, ainda, um terceiro treinamento diferenciado, considerando que a olimp\u00edada internacional \u00e9 de astronomia e astrof\u00edsica e a latino-americana, de astronomia e astron\u00e1utica. \u201cA Latino-Americana tem provas de foguetes de garrafa pet. Nos dois primeiros treinamentos, todo mundo constr\u00f3i e lan\u00e7a foguetes. No terceiro treinamento, em que as equipes j\u00e1 est\u00e3o formadas, o pessoal j\u00e1 n\u00e3o precisa mais treinar foguetes\u201d. Os suplentes fazem tudo.<\/p>\n<p>O Brasil lidera o quadro total de medalhas na olimp\u00edada latino-americana. \u201cO Brasil sempre leva medalhas de ouro. Quando n\u00e3o leva cinco medalhas, leva no m\u00ednimo quatro. Isso tem acontecido nos \u00faltimos anos\u201d, ressaltou Reis. Como os treinamentos est\u00e3o sendo aperfei\u00e7oados, a expectativa \u00e9 ganhar medalha de ouro tamb\u00e9m na olimp\u00edada internacional, que, segundo o coordenador, \u201c\u00e9 muito mais dif\u00edcil\u201d. At\u00e9 2021, o Brasil n\u00e3o tinha nenhuma medalha de ouro. \u201cAgora, a gente passou a ganhar tamb\u00e9m na Internacional. Mas s\u00e3o poucas as medalhas de ouro. A gente tem mais prata, bronze e men\u00e7\u00f5es honrosas. Realmente, \u00e9 uma competi\u00e7\u00e3o de alt\u00edssimo n\u00edvel. Muito dif\u00edcil mesmo\u201d, concluiu.<\/p>\n","protected":false},"excerpt":{"rendered":"<p>De um grupo de 10 estudantes brasileiros que v\u00e3o participar das olimp\u00edadas Internacional de Astronomia e Astrof\u00edsica (IOAA) e Latino-Americana de Astronomia e Astron\u00e1utica (OLAA), seis s\u00e3o do Nordeste. Os alunos que representar\u00e3o o Brasil na IOAA 2024 s\u00e3o Francisco Carluccio de Andrade (SP), 16 anos; Gustavo Mesquita Fran\u00e7a (SP), 18; Heitor Borim Szabo (SP), [&hellip;]<\/p>\n","protected":false},"author":2,"featured_media":333452,"comment_status":"closed","ping_status":"closed","sticky":false,"template":"","format":"standard","meta":{"_acf_changed":false,"footnotes":""},"categories":[166,167,168,169,165,170,171,172,173,174],"tags":[],"class_list":["post-333451","post","type-post","status-publish","format-standard","has-post-thumbnail","hentry","category-alagoas","category-bahia","category-ceara","category-maranhao","category-nordeste","category-paraiba-nordeste","category-pernambuco-nordeste","category-piaui","category-rio-grande-do-norte","category-sergipe"],"acf":[],"yoast_head":"<!-- This site is optimized with the Yoast SEO plugin v27.5 - https:\/\/yoast.com\/product\/yoast-seo-wordpress\/ -->\n<title>Estudantes nordestinos lideram grupo das olimp\u00edadas de astronomia - Notibras<\/title>\n<meta name=\"robots\" content=\"index, follow, max-snippet:-1, max-image-preview:large, max-video-preview:-1\" \/>\n<link rel=\"canonical\" href=\"https:\/\/www.notibras.com\/site\/estudantes-nordestinos-lideram-grupo-das-olimpiadas-de-astronomia\/\" \/>\n<meta property=\"og:locale\" content=\"pt_BR\" \/>\n<meta property=\"og:type\" content=\"article\" \/>\n<meta property=\"og:title\" content=\"Estudantes nordestinos lideram grupo das olimp\u00edadas de astronomia - Notibras\" \/>\n<meta property=\"og:description\" content=\"De um grupo de 10 estudantes brasileiros que v\u00e3o participar das olimp\u00edadas Internacional de Astronomia e Astrof\u00edsica (IOAA) e Latino-Americana de Astronomia e Astron\u00e1utica (OLAA), seis s\u00e3o do Nordeste. Os alunos que representar\u00e3o o Brasil na IOAA 2024 s\u00e3o Francisco Carluccio de Andrade (SP), 16 anos; Gustavo Mesquita Fran\u00e7a (SP), 18; Heitor Borim Szabo (SP), [&hellip;]\" \/>\n<meta property=\"og:url\" content=\"https:\/\/www.notibras.com\/site\/estudantes-nordestinos-lideram-grupo-das-olimpiadas-de-astronomia\/\" \/>\n<meta property=\"og:site_name\" content=\"Notibras\" \/>\n<meta property=\"article:publisher\" content=\"https:\/\/www.facebook.com\/notibras\/\" \/>\n<meta property=\"article:published_time\" content=\"2024-07-30T09:42:48+00:00\" \/>\n<meta property=\"article:modified_time\" content=\"2024-07-30T09:44:10+00:00\" \/>\n<meta property=\"og:image\" content=\"https:\/\/www.notibras.com\/site\/wp-content\/uploads\/2024\/07\/estudantesastronomia.ne_.webp\" \/>\n\t<meta property=\"og:image:width\" content=\"1170\" \/>\n\t<meta property=\"og:image:height\" content=\"700\" \/>\n\t<meta property=\"og:image:type\" content=\"image\/webp\" \/>\n<meta name=\"author\" content=\"Reda\u00e7\u00e3o\" \/>\n<meta name=\"twitter:card\" content=\"summary_large_image\" \/>\n<meta name=\"twitter:creator\" content=\"@Notibras\" \/>\n<meta name=\"twitter:site\" content=\"@Notibras\" \/>\n<meta name=\"twitter:label1\" content=\"Escrito por\" \/>\n\t<meta name=\"twitter:data1\" content=\"Reda\u00e7\u00e3o\" \/>\n\t<meta name=\"twitter:label2\" content=\"Est. tempo de leitura\" \/>\n\t<meta name=\"twitter:data2\" content=\"5 minutos\" \/>\n<script type=\"application\/ld+json\" class=\"yoast-schema-graph\">{\"@context\":\"https:\\\/\\\/schema.org\",\"@graph\":[{\"@type\":\"Article\",\"@id\":\"https:\\\/\\\/www.notibras.com\\\/site\\\/estudantes-nordestinos-lideram-grupo-das-olimpiadas-de-astronomia\\\/#article\",\"isPartOf\":{\"@id\":\"https:\\\/\\\/www.notibras.com\\\/site\\\/estudantes-nordestinos-lideram-grupo-das-olimpiadas-de-astronomia\\\/\"},\"author\":{\"name\":\"Reda\u00e7\u00e3o\",\"@id\":\"https:\\\/\\\/www.notibras.com\\\/site\\\/#\\\/schema\\\/person\\\/36ab0979449956132d3e5b517ea76ac8\"},\"headline\":\"Estudantes nordestinos lideram grupo das olimp\u00edadas de astronomia\",\"datePublished\":\"2024-07-30T09:42:48+00:00\",\"dateModified\":\"2024-07-30T09:44:10+00:00\",\"mainEntityOfPage\":{\"@id\":\"https:\\\/\\\/www.notibras.com\\\/site\\\/estudantes-nordestinos-lideram-grupo-das-olimpiadas-de-astronomia\\\/\"},\"wordCount\":813,\"publisher\":{\"@id\":\"https:\\\/\\\/www.notibras.com\\\/site\\\/#organization\"},\"image\":{\"@id\":\"https:\\\/\\\/www.notibras.com\\\/site\\\/estudantes-nordestinos-lideram-grupo-das-olimpiadas-de-astronomia\\\/#primaryimage\"},\"thumbnailUrl\":\"https:\\\/\\\/www.notibras.com\\\/site\\\/wp-content\\\/uploads\\\/2024\\\/07\\\/estudantesastronomia.ne_.webp\",\"articleSection\":[\"Alagoas\",\"Bahia\",\"Cear\u00e1\",\"Maranh\u00e3o\",\"Nordeste\",\"Para\u00edba\",\"Pernambuco\",\"Piau\u00ed\",\"Rio Grande do Norte\",\"Sergipe\"],\"inLanguage\":\"pt-BR\"},{\"@type\":\"WebPage\",\"@id\":\"https:\\\/\\\/www.notibras.com\\\/site\\\/estudantes-nordestinos-lideram-grupo-das-olimpiadas-de-astronomia\\\/\",\"url\":\"https:\\\/\\\/www.notibras.com\\\/site\\\/estudantes-nordestinos-lideram-grupo-das-olimpiadas-de-astronomia\\\/\",\"name\":\"Estudantes nordestinos lideram grupo das olimp\u00edadas de astronomia - Notibras\",\"isPartOf\":{\"@id\":\"https:\\\/\\\/www.notibras.com\\\/site\\\/#website\"},\"primaryImageOfPage\":{\"@id\":\"https:\\\/\\\/www.notibras.com\\\/site\\\/estudantes-nordestinos-lideram-grupo-das-olimpiadas-de-astronomia\\\/#primaryimage\"},\"image\":{\"@id\":\"https:\\\/\\\/www.notibras.com\\\/site\\\/estudantes-nordestinos-lideram-grupo-das-olimpiadas-de-astronomia\\\/#primaryimage\"},\"thumbnailUrl\":\"https:\\\/\\\/www.notibras.com\\\/site\\\/wp-content\\\/uploads\\\/2024\\\/07\\\/estudantesastronomia.ne_.webp\",\"datePublished\":\"2024-07-30T09:42:48+00:00\",\"dateModified\":\"2024-07-30T09:44:10+00:00\",\"breadcrumb\":{\"@id\":\"https:\\\/\\\/www.notibras.com\\\/site\\\/estudantes-nordestinos-lideram-grupo-das-olimpiadas-de-astronomia\\\/#breadcrumb\"},\"inLanguage\":\"pt-BR\",\"potentialAction\":[{\"@type\":\"ReadAction\",\"target\":[\"https:\\\/\\\/www.notibras.com\\\/site\\\/estudantes-nordestinos-lideram-grupo-das-olimpiadas-de-astronomia\\\/\"]}]},{\"@type\":\"ImageObject\",\"inLanguage\":\"pt-BR\",\"@id\":\"https:\\\/\\\/www.notibras.com\\\/site\\\/estudantes-nordestinos-lideram-grupo-das-olimpiadas-de-astronomia\\\/#primaryimage\",\"url\":\"https:\\\/\\\/www.notibras.com\\\/site\\\/wp-content\\\/uploads\\\/2024\\\/07\\\/estudantesastronomia.ne_.webp\",\"contentUrl\":\"https:\\\/\\\/www.notibras.com\\\/site\\\/wp-content\\\/uploads\\\/2024\\\/07\\\/estudantesastronomia.ne_.webp\",\"width\":1170,\"height\":700},{\"@type\":\"BreadcrumbList\",\"@id\":\"https:\\\/\\\/www.notibras.com\\\/site\\\/estudantes-nordestinos-lideram-grupo-das-olimpiadas-de-astronomia\\\/#breadcrumb\",\"itemListElement\":[{\"@type\":\"ListItem\",\"position\":1,\"name\":\"In\u00edcio\",\"item\":\"https:\\\/\\\/www.notibras.com\\\/site\\\/\"},{\"@type\":\"ListItem\",\"position\":2,\"name\":\"Estudantes nordestinos lideram grupo das olimp\u00edadas de astronomia\"}]},{\"@type\":\"WebSite\",\"@id\":\"https:\\\/\\\/www.notibras.com\\\/site\\\/#website\",\"url\":\"https:\\\/\\\/www.notibras.com\\\/site\\\/\",\"name\":\"Notibras\",\"description\":\"Not\u00edcias de Bras\u00edlia, do Brasil e do Mundo\",\"publisher\":{\"@id\":\"https:\\\/\\\/www.notibras.com\\\/site\\\/#organization\"},\"potentialAction\":[{\"@type\":\"SearchAction\",\"target\":{\"@type\":\"EntryPoint\",\"urlTemplate\":\"https:\\\/\\\/www.notibras.com\\\/site\\\/?s={search_term_string}\"},\"query-input\":{\"@type\":\"PropertyValueSpecification\",\"valueRequired\":true,\"valueName\":\"search_term_string\"}}],\"inLanguage\":\"pt-BR\"},{\"@type\":\"Organization\",\"@id\":\"https:\\\/\\\/www.notibras.com\\\/site\\\/#organization\",\"name\":\"Grupo Notibras de Comunica\u00e7\u00e3o\",\"url\":\"https:\\\/\\\/www.notibras.com\\\/site\\\/\",\"logo\":{\"@type\":\"ImageObject\",\"inLanguage\":\"pt-BR\",\"@id\":\"https:\\\/\\\/www.notibras.com\\\/site\\\/#\\\/schema\\\/logo\\\/image\\\/\",\"url\":\"https:\\\/\\\/www.notibras.com\\\/site\\\/wp-content\\\/uploads\\\/2023\\\/01\\\/notibras23.png\",\"contentUrl\":\"https:\\\/\\\/www.notibras.com\\\/site\\\/wp-content\\\/uploads\\\/2023\\\/01\\\/notibras23.png\",\"width\":350,\"height\":87,\"caption\":\"Grupo Notibras de Comunica\u00e7\u00e3o\"},\"image\":{\"@id\":\"https:\\\/\\\/www.notibras.com\\\/site\\\/#\\\/schema\\\/logo\\\/image\\\/\"},\"sameAs\":[\"https:\\\/\\\/www.facebook.com\\\/notibras\\\/\",\"https:\\\/\\\/x.com\\\/Notibras\",\"https:\\\/\\\/www.instagram.com\\\/notibras\\\/\"]},{\"@type\":\"Person\",\"@id\":\"https:\\\/\\\/www.notibras.com\\\/site\\\/#\\\/schema\\\/person\\\/36ab0979449956132d3e5b517ea76ac8\",\"name\":\"Reda\u00e7\u00e3o\",\"image\":{\"@type\":\"ImageObject\",\"inLanguage\":\"pt-BR\",\"@id\":\"https:\\\/\\\/secure.gravatar.com\\\/avatar\\\/e0a867bdedb85fd243eadf09663511f96fc81e0720a4a42581f334ad4303aa6b?s=96&d=mm&r=g\",\"url\":\"https:\\\/\\\/secure.gravatar.com\\\/avatar\\\/e0a867bdedb85fd243eadf09663511f96fc81e0720a4a42581f334ad4303aa6b?s=96&d=mm&r=g\",\"contentUrl\":\"https:\\\/\\\/secure.gravatar.com\\\/avatar\\\/e0a867bdedb85fd243eadf09663511f96fc81e0720a4a42581f334ad4303aa6b?s=96&d=mm&r=g\",\"caption\":\"Reda\u00e7\u00e3o\"}}]}<\/script>\n<!-- \/ Yoast SEO plugin. -->","yoast_head_json":{"title":"Estudantes nordestinos lideram grupo das olimp\u00edadas de astronomia - Notibras","robots":{"index":"index","follow":"follow","max-snippet":"max-snippet:-1","max-image-preview":"max-image-preview:large","max-video-preview":"max-video-preview:-1"},"canonical":"https:\/\/www.notibras.com\/site\/estudantes-nordestinos-lideram-grupo-das-olimpiadas-de-astronomia\/","og_locale":"pt_BR","og_type":"article","og_title":"Estudantes nordestinos lideram grupo das olimp\u00edadas de astronomia - Notibras","og_description":"De um grupo de 10 estudantes brasileiros que v\u00e3o participar das olimp\u00edadas Internacional de Astronomia e Astrof\u00edsica (IOAA) e Latino-Americana de Astronomia e Astron\u00e1utica (OLAA), seis s\u00e3o do Nordeste. Os alunos que representar\u00e3o o Brasil na IOAA 2024 s\u00e3o Francisco Carluccio de Andrade (SP), 16 anos; Gustavo Mesquita Fran\u00e7a (SP), 18; Heitor Borim Szabo (SP), [&hellip;]","og_url":"https:\/\/www.notibras.com\/site\/estudantes-nordestinos-lideram-grupo-das-olimpiadas-de-astronomia\/","og_site_name":"Notibras","article_publisher":"https:\/\/www.facebook.com\/notibras\/","article_published_time":"2024-07-30T09:42:48+00:00","article_modified_time":"2024-07-30T09:44:10+00:00","og_image":[{"width":1170,"height":700,"url":"https:\/\/www.notibras.com\/site\/wp-content\/uploads\/2024\/07\/estudantesastronomia.ne_.webp","type":"image\/webp"}],"author":"Reda\u00e7\u00e3o","twitter_card":"summary_large_image","twitter_creator":"@Notibras","twitter_site":"@Notibras","twitter_misc":{"Escrito por":"Reda\u00e7\u00e3o","Est. tempo de leitura":"5 minutos"},"schema":{"@context":"https:\/\/schema.org","@graph":[{"@type":"Article","@id":"https:\/\/www.notibras.com\/site\/estudantes-nordestinos-lideram-grupo-das-olimpiadas-de-astronomia\/#article","isPartOf":{"@id":"https:\/\/www.notibras.com\/site\/estudantes-nordestinos-lideram-grupo-das-olimpiadas-de-astronomia\/"},"author":{"name":"Reda\u00e7\u00e3o","@id":"https:\/\/www.notibras.com\/site\/#\/schema\/person\/36ab0979449956132d3e5b517ea76ac8"},"headline":"Estudantes nordestinos lideram grupo das olimp\u00edadas de astronomia","datePublished":"2024-07-30T09:42:48+00:00","dateModified":"2024-07-30T09:44:10+00:00","mainEntityOfPage":{"@id":"https:\/\/www.notibras.com\/site\/estudantes-nordestinos-lideram-grupo-das-olimpiadas-de-astronomia\/"},"wordCount":813,"publisher":{"@id":"https:\/\/www.notibras.com\/site\/#organization"},"image":{"@id":"https:\/\/www.notibras.com\/site\/estudantes-nordestinos-lideram-grupo-das-olimpiadas-de-astronomia\/#primaryimage"},"thumbnailUrl":"https:\/\/www.notibras.com\/site\/wp-content\/uploads\/2024\/07\/estudantesastronomia.ne_.webp","articleSection":["Alagoas","Bahia","Cear\u00e1","Maranh\u00e3o","Nordeste","Para\u00edba","Pernambuco","Piau\u00ed","Rio Grande do Norte","Sergipe"],"inLanguage":"pt-BR"},{"@type":"WebPage","@id":"https:\/\/www.notibras.com\/site\/estudantes-nordestinos-lideram-grupo-das-olimpiadas-de-astronomia\/","url":"https:\/\/www.notibras.com\/site\/estudantes-nordestinos-lideram-grupo-das-olimpiadas-de-astronomia\/","name":"Estudantes nordestinos lideram grupo das olimp\u00edadas de astronomia - Notibras","isPartOf":{"@id":"https:\/\/www.notibras.com\/site\/#website"},"primaryImageOfPage":{"@id":"https:\/\/www.notibras.com\/site\/estudantes-nordestinos-lideram-grupo-das-olimpiadas-de-astronomia\/#primaryimage"},"image":{"@id":"https:\/\/www.notibras.com\/site\/estudantes-nordestinos-lideram-grupo-das-olimpiadas-de-astronomia\/#primaryimage"},"thumbnailUrl":"https:\/\/www.notibras.com\/site\/wp-content\/uploads\/2024\/07\/estudantesastronomia.ne_.webp","datePublished":"2024-07-30T09:42:48+00:00","dateModified":"2024-07-30T09:44:10+00:00","breadcrumb":{"@id":"https:\/\/www.notibras.com\/site\/estudantes-nordestinos-lideram-grupo-das-olimpiadas-de-astronomia\/#breadcrumb"},"inLanguage":"pt-BR","potentialAction":[{"@type":"ReadAction","target":["https:\/\/www.notibras.com\/site\/estudantes-nordestinos-lideram-grupo-das-olimpiadas-de-astronomia\/"]}]},{"@type":"ImageObject","inLanguage":"pt-BR","@id":"https:\/\/www.notibras.com\/site\/estudantes-nordestinos-lideram-grupo-das-olimpiadas-de-astronomia\/#primaryimage","url":"https:\/\/www.notibras.com\/site\/wp-content\/uploads\/2024\/07\/estudantesastronomia.ne_.webp","contentUrl":"https:\/\/www.notibras.com\/site\/wp-content\/uploads\/2024\/07\/estudantesastronomia.ne_.webp","width":1170,"height":700},{"@type":"BreadcrumbList","@id":"https:\/\/www.notibras.com\/site\/estudantes-nordestinos-lideram-grupo-das-olimpiadas-de-astronomia\/#breadcrumb","itemListElement":[{"@type":"ListItem","position":1,"name":"In\u00edcio","item":"https:\/\/www.notibras.com\/site\/"},{"@type":"ListItem","position":2,"name":"Estudantes nordestinos lideram grupo das olimp\u00edadas de astronomia"}]},{"@type":"WebSite","@id":"https:\/\/www.notibras.com\/site\/#website","url":"https:\/\/www.notibras.com\/site\/","name":"Notibras","description":"Not\u00edcias de Bras\u00edlia, do Brasil e do Mundo","publisher":{"@id":"https:\/\/www.notibras.com\/site\/#organization"},"potentialAction":[{"@type":"SearchAction","target":{"@type":"EntryPoint","urlTemplate":"https:\/\/www.notibras.com\/site\/?s={search_term_string}"},"query-input":{"@type":"PropertyValueSpecification","valueRequired":true,"valueName":"search_term_string"}}],"inLanguage":"pt-BR"},{"@type":"Organization","@id":"https:\/\/www.notibras.com\/site\/#organization","name":"Grupo Notibras de Comunica\u00e7\u00e3o","url":"https:\/\/www.notibras.com\/site\/","logo":{"@type":"ImageObject","inLanguage":"pt-BR","@id":"https:\/\/www.notibras.com\/site\/#\/schema\/logo\/image\/","url":"https:\/\/www.notibras.com\/site\/wp-content\/uploads\/2023\/01\/notibras23.png","contentUrl":"https:\/\/www.notibras.com\/site\/wp-content\/uploads\/2023\/01\/notibras23.png","width":350,"height":87,"caption":"Grupo Notibras de Comunica\u00e7\u00e3o"},"image":{"@id":"https:\/\/www.notibras.com\/site\/#\/schema\/logo\/image\/"},"sameAs":["https:\/\/www.facebook.com\/notibras\/","https:\/\/x.com\/Notibras","https:\/\/www.instagram.com\/notibras\/"]},{"@type":"Person","@id":"https:\/\/www.notibras.com\/site\/#\/schema\/person\/36ab0979449956132d3e5b517ea76ac8","name":"Reda\u00e7\u00e3o","image":{"@type":"ImageObject","inLanguage":"pt-BR","@id":"https:\/\/secure.gravatar.com\/avatar\/e0a867bdedb85fd243eadf09663511f96fc81e0720a4a42581f334ad4303aa6b?s=96&d=mm&r=g","url":"https:\/\/secure.gravatar.com\/avatar\/e0a867bdedb85fd243eadf09663511f96fc81e0720a4a42581f334ad4303aa6b?s=96&d=mm&r=g","contentUrl":"https:\/\/secure.gravatar.com\/avatar\/e0a867bdedb85fd243eadf09663511f96fc81e0720a4a42581f334ad4303aa6b?s=96&d=mm&r=g","caption":"Reda\u00e7\u00e3o"}}]}},"amp_enabled":true,"_links":{"self":[{"href":"https:\/\/www.notibras.com\/site\/wp-json\/wp\/v2\/posts\/333451","targetHints":{"allow":["GET"]}}],"collection":[{"href":"https:\/\/www.notibras.com\/site\/wp-json\/wp\/v2\/posts"}],"about":[{"href":"https:\/\/www.notibras.com\/site\/wp-json\/wp\/v2\/types\/post"}],"author":[{"embeddable":true,"href":"https:\/\/www.notibras.com\/site\/wp-json\/wp\/v2\/users\/2"}],"replies":[{"embeddable":true,"href":"https:\/\/www.notibras.com\/site\/wp-json\/wp\/v2\/comments?post=333451"}],"version-history":[{"count":3,"href":"https:\/\/www.notibras.com\/site\/wp-json\/wp\/v2\/posts\/333451\/revisions"}],"predecessor-version":[{"id":333455,"href":"https:\/\/www.notibras.com\/site\/wp-json\/wp\/v2\/posts\/333451\/revisions\/333455"}],"wp:featuredmedia":[{"embeddable":true,"href":"https:\/\/www.notibras.com\/site\/wp-json\/wp\/v2\/media\/333452"}],"wp:attachment":[{"href":"https:\/\/www.notibras.com\/site\/wp-json\/wp\/v2\/media?parent=333451"}],"wp:term":[{"taxonomy":"category","embeddable":true,"href":"https:\/\/www.notibras.com\/site\/wp-json\/wp\/v2\/categories?post=333451"},{"taxonomy":"post_tag","embeddable":true,"href":"https:\/\/www.notibras.com\/site\/wp-json\/wp\/v2\/tags?post=333451"}],"curies":[{"name":"wp","href":"https:\/\/api.w.org\/{rel}","templated":true}]}}