{"id":333456,"date":"2024-07-30T00:03:55","date_gmt":"2024-07-30T03:03:55","guid":{"rendered":"https:\/\/www.notibras.com\/site\/?p=333456"},"modified":"2024-07-30T06:55:39","modified_gmt":"2024-07-30T09:55:39","slug":"justica-da-holanda-condena-braskem-a-indenizar-vitimas","status":"publish","type":"post","link":"https:\/\/www.notibras.com\/site\/justica-da-holanda-condena-braskem-a-indenizar-vitimas\/","title":{"rendered":"Justi\u00e7a da Holanda condena Braskem a indenizar v\u00edtimas"},"content":{"rendered":"<p>A petroqu\u00edmica Braskem foi condenada por um Tribunal da Holanda a indenizar nove v\u00edtimas do afundamento provocado pela extra\u00e7\u00e3o de sal-gema em Macei\u00f3.<\/p>\n<p>Na decis\u00e3o, a justi\u00e7a holandesa n\u00e3o fixou um valor a ser pago, mas determinou que as partes entrem em acordo sobre o quanto deve ser indenizado. A Braskem ainda pode recorrer da decis\u00e3o.<\/p>\n<p>A a\u00e7\u00e3o \u00e9 individual, ajuizada por nove pessoas, poder\u00e1 servir de base para outros processos, como explica o advogado das v\u00edtimas, Silvio Almena.<\/p>\n<p>&#8220;Essa decis\u00e3o da Corte holandesa \u00e9 uma grande conquista para as v\u00edtimas, sem precedentes. Afinal, uma Corte internacional reconheceu que a Braskem \u00e9 sim respons\u00e1vel pelos danos sofridos pelas v\u00edtimas. \u00c9 um lembrete para que todas as empresas multinacionais que atuam em territ\u00f3rio brasileiro venham atuar de acordo com a legisla\u00e7\u00e3o sem causar qualquer preju\u00edzo \u00e0s v\u00edtimas&#8221;, disse o advogado.<\/p>\n<p>As v\u00edtimas alegam que a Braskem e suas subsidi\u00e1rias nos Pa\u00edses Baixos se beneficiaram dos lucros das atividades de minera\u00e7\u00e3o no Brasil. Desde 2019, mais de 60 mil pessoas tiveram que ser removidas de cinco bairros na capital alagoana por causa do afundamento do solo decorrente da minera\u00e7\u00e3o de sal-gema, usado na produ\u00e7\u00e3o de soda c\u00e1ustica, \u00e1cido clor\u00eddrico, bicarbonato de s\u00f3dio, sab\u00e3o, detergente e pasta de dente.<\/p>\n<p><strong>Braskem<\/strong><br \/>\nEm nota, a Braskem informou que tomou conhecimento da decis\u00e3o e que o tribunal holand\u00eas concluiu pela inexist\u00eancia de conex\u00e3o entre as subsidi\u00e1rias da companhia naquele pa\u00eds e o evento em Alagoas.<\/p>\n<p>A Petroqu\u00edmica disse que j\u00e1 foram pagos valores superiores a R$ 4 bilh\u00f5es em indeniza\u00e7\u00f5es e que os nove autores da a\u00e7\u00e3o j\u00e1 receberam proposta de compensa\u00e7\u00e3o financeira.<\/p>\n","protected":false},"excerpt":{"rendered":"<p>A petroqu\u00edmica Braskem foi condenada por um Tribunal da Holanda a indenizar nove v\u00edtimas do afundamento provocado pela extra\u00e7\u00e3o de sal-gema em Macei\u00f3. Na decis\u00e3o, a justi\u00e7a holandesa n\u00e3o fixou um valor a ser pago, mas determinou que as partes entrem em acordo sobre o quanto deve ser indenizado. A Braskem ainda pode recorrer da [&hellip;]<\/p>\n","protected":false},"author":2,"featured_media":333457,"comment_status":"closed","ping_status":"closed","sticky":false,"template":"","format":"standard","meta":{"_acf_changed":false,"footnotes":""},"categories":[166,165],"tags":[],"class_list":["post-333456","post","type-post","status-publish","format-standard","has-post-thumbnail","hentry","category-alagoas","category-nordeste"],"acf":[],"_links":{"self":[{"href":"https:\/\/www.notibras.com\/site\/wp-json\/wp\/v2\/posts\/333456","targetHints":{"allow":["GET"]}}],"collection":[{"href":"https:\/\/www.notibras.com\/site\/wp-json\/wp\/v2\/posts"}],"about":[{"href":"https:\/\/www.notibras.com\/site\/wp-json\/wp\/v2\/types\/post"}],"author":[{"embeddable":true,"href":"https:\/\/www.notibras.com\/site\/wp-json\/wp\/v2\/users\/2"}],"replies":[{"embeddable":true,"href":"https:\/\/www.notibras.com\/site\/wp-json\/wp\/v2\/comments?post=333456"}],"version-history":[{"count":1,"href":"https:\/\/www.notibras.com\/site\/wp-json\/wp\/v2\/posts\/333456\/revisions"}],"predecessor-version":[{"id":333458,"href":"https:\/\/www.notibras.com\/site\/wp-json\/wp\/v2\/posts\/333456\/revisions\/333458"}],"wp:featuredmedia":[{"embeddable":true,"href":"https:\/\/www.notibras.com\/site\/wp-json\/wp\/v2\/media\/333457"}],"wp:attachment":[{"href":"https:\/\/www.notibras.com\/site\/wp-json\/wp\/v2\/media?parent=333456"}],"wp:term":[{"taxonomy":"category","embeddable":true,"href":"https:\/\/www.notibras.com\/site\/wp-json\/wp\/v2\/categories?post=333456"},{"taxonomy":"post_tag","embeddable":true,"href":"https:\/\/www.notibras.com\/site\/wp-json\/wp\/v2\/tags?post=333456"}],"curies":[{"name":"wp","href":"https:\/\/api.w.org\/{rel}","templated":true}]}}