{"id":333484,"date":"2024-07-30T00:00:36","date_gmt":"2024-07-30T03:00:36","guid":{"rendered":"https:\/\/www.notibras.com\/site\/?p=333484"},"modified":"2024-07-30T08:54:16","modified_gmt":"2024-07-30T11:54:16","slug":"especialistas-orientam-cuidados-para-a-prevencao-de-afogamentos","status":"publish","type":"post","link":"https:\/\/www.notibras.com\/site\/especialistas-orientam-cuidados-para-a-prevencao-de-afogamentos\/","title":{"rendered":"Especialistas orientam cuidados para a preven\u00e7\u00e3o de afogamentos"},"content":{"rendered":"<p>Afogamentos est\u00e3o entre as dez principais causas mundiais de morte de crian\u00e7as e jovens de 1 a 24 anos. Segundo a Organiza\u00e7\u00e3o Mundial da Sa\u00fade (OMS), anualmente, nos \u00faltimos 10 anos, quase 250 mil pessoas perderam a vida por afogamento, sendo quase 82 mil delas crian\u00e7as de 1 a 14 anos. Apenas em 2019, mais de 235 mil pessoas no mundo morreram desta forma.<\/p>\n<p>Diretor do Servi\u00e7o de Atendimento M\u00f3vel de Urg\u00eancia (Samu) do Distrito Federal, Victor Arimatea ressalta que, apesar de toda tecnologia implementada nas centrais de regula\u00e7\u00e3o, com viaturas avan\u00e7adas e opera\u00e7\u00f5es de resgate aerom\u00e9dico, as estat\u00edsticas de salvamento envolvendo afogamentos causam preocupa\u00e7\u00e3o e \u00e9 preciso responsabilidade por parte da popula\u00e7\u00e3o. \u201c\u00c9 um apelo nosso pela preven\u00e7\u00e3o. Hoje temos n\u00fameros menores em rela\u00e7\u00e3o ao passado, mas claro que o nosso objetivo \u00e9 que seja zero, que qualquer tipo de situa\u00e7\u00e3o de afogamento seja evitada\u201d.<\/p>\n<p><strong>Lago Parano\u00e1<\/strong><br \/>\nCom o calor e a seca enfrentados na capital, o Lago Parano\u00e1, um dos pontos tur\u00edsticos de Bras\u00edlia mais requisitados para os que desejam se refrescar, tamb\u00e9m \u00e9 um local onde os casos de afogamento e acidentes s\u00e3o frequentes.<\/p>\n<p>No domingo, 27, um idoso de 60 anos morreu afogado ao tentar atravessar um ponto do Lago Parano\u00e1. Uma semana antes, um homem de 27 anos tamb\u00e9m faleceu ap\u00f3s cair de uma embarca\u00e7\u00e3o, pr\u00f3ximo \u00e0 Ponte JK.<\/p>\n<p>Desde o come\u00e7o deste ano at\u00e9 junho, o Samu registrou 27.241 atua\u00e7\u00f5es em interven\u00e7\u00f5es m\u00f3veis de urg\u00eancia e emerg\u00eancia por unidades m\u00f3veis, dos quais sete foram casos de afogamento, todos do sexo masculino. Em 2023, foram 64 mil registros de atendimento, dos quais 15 foram casos de afogamentos. Dez das v\u00edtimas eram homens.<\/p>\n<p>Al\u00e9m de mortes, os acidentes constituem importante causa de sequelas neurol\u00f3gicas. Para ajudar a evitar mortes e aumentar a conscientiza\u00e7\u00e3o, o dia 25 de julho foi escolhido como o Dia Mundial de Preven\u00e7\u00e3o do Afogamento.<\/p>\n<p>Em agosto de 2017, Alice, ent\u00e3o com um ano de idade, se afogou em um balde com \u00e1gua enquanto a m\u00e3e, Luana Agatha, 34 anos, preparava o almo\u00e7o. A crian\u00e7a foi atendida pela equipe do Samu de Taguatinga e reanimada ap\u00f3s duas paradas cardiorrespirat\u00f3rias. Diagnosticada com paralisia cerebral, hoje Alice tem 8 anos e faz acompanhamento com fisioterapeuta, fonoaudi\u00f3loga, terapeuta ocupacional e psic\u00f3loga.<\/p>\n<p>A chefe do N\u00facleo de Educa\u00e7\u00e3o em Urg\u00eancias do Samu-DF, Carolina Azevedo, refor\u00e7a a necessidade de aten\u00e7\u00e3o redobrada com os beb\u00eas e crian\u00e7as pr\u00f3ximas \u00e0 \u00e1gua, e alerta adultos para fatores de risco como o uso de bebida alco\u00f3lica em ambientes aqu\u00e1ticos, que causa o comprometimento do equil\u00edbrio, da coordena\u00e7\u00e3o e da velocidade de rea\u00e7\u00e3o do indiv\u00edduo, at\u00e9 mesmo para quem sabe nadar, aumentando as chances de acidentes.<\/p>\n<p>\u201cO afogamento ocorre quando menos se espera. Qualquer reservat\u00f3rio de l\u00edquidos precisa ser esvaziado ap\u00f3s o uso. \u00c9 preciso manter cisternas, po\u00e7os e outros reservat\u00f3rios dom\u00e9sticos trancados ou com alguma prote\u00e7\u00e3o. Os tripulantes de embarca\u00e7\u00f5es devem utilizar colete salva-vidas. E se fizer ingest\u00e3o de \u00e1lcool, n\u00e3o entre na \u00e1gua\u201d, aponta.<\/p>\n<p><strong>Como ajudar<\/strong><br \/>\nCaso o indiv\u00edduo esteja em uma piscina ou em profundidade que seja poss\u00edvel alcan\u00e7ar, \u00e9 preciso retir\u00e1-lo da \u00e1gua o mais r\u00e1pido poss\u00edvel. Se n\u00e3o, \u00e9 preciso pedir ajuda para resgat\u00e1-lo com seguran\u00e7a ligando para o Samu pelo 192 ou Corpo de Bombeiros Militar do Distrito Federal (CBMDF) pelo 193.<\/p>\n<p>\u201cA pessoa pode jogar algo flutuante como uma boia, uma garrafa pet vazia tampada ou uma tampa de isopor, para apoio da v\u00edtima e ligar para o Samu ou Bombeiros. Ao retir\u00e1-la da \u00e1gua, verifique se est\u00e1 respirando. Caso esteja, deite-a de lado \u00e0 direita. Se a v\u00edtima n\u00e3o responder e n\u00e3o respirar, inicie as compress\u00f5es conforme orienta\u00e7\u00e3o da regula\u00e7\u00e3o m\u00e9dica a ser repassada pelo Samu pelo telefone\u201d, ensina Azevedo.<\/p>\n","protected":false},"excerpt":{"rendered":"<p>Afogamentos est\u00e3o entre as dez principais causas mundiais de morte de crian\u00e7as e jovens de 1 a 24 anos. Segundo a Organiza\u00e7\u00e3o Mundial da Sa\u00fade (OMS), anualmente, nos \u00faltimos 10 anos, quase 250 mil pessoas perderam a vida por afogamento, sendo quase 82 mil delas crian\u00e7as de 1 a 14 anos. Apenas em 2019, mais [&hellip;]<\/p>\n","protected":false},"author":2,"featured_media":333485,"comment_status":"closed","ping_status":"closed","sticky":false,"template":"","format":"standard","meta":{"_acf_changed":false,"footnotes":""},"categories":[161],"tags":[],"class_list":["post-333484","post","type-post","status-publish","format-standard","has-post-thumbnail","hentry","category-quadradinho-em-foco"],"acf":[],"_links":{"self":[{"href":"https:\/\/www.notibras.com\/site\/wp-json\/wp\/v2\/posts\/333484","targetHints":{"allow":["GET"]}}],"collection":[{"href":"https:\/\/www.notibras.com\/site\/wp-json\/wp\/v2\/posts"}],"about":[{"href":"https:\/\/www.notibras.com\/site\/wp-json\/wp\/v2\/types\/post"}],"author":[{"embeddable":true,"href":"https:\/\/www.notibras.com\/site\/wp-json\/wp\/v2\/users\/2"}],"replies":[{"embeddable":true,"href":"https:\/\/www.notibras.com\/site\/wp-json\/wp\/v2\/comments?post=333484"}],"version-history":[{"count":1,"href":"https:\/\/www.notibras.com\/site\/wp-json\/wp\/v2\/posts\/333484\/revisions"}],"predecessor-version":[{"id":333486,"href":"https:\/\/www.notibras.com\/site\/wp-json\/wp\/v2\/posts\/333484\/revisions\/333486"}],"wp:featuredmedia":[{"embeddable":true,"href":"https:\/\/www.notibras.com\/site\/wp-json\/wp\/v2\/media\/333485"}],"wp:attachment":[{"href":"https:\/\/www.notibras.com\/site\/wp-json\/wp\/v2\/media?parent=333484"}],"wp:term":[{"taxonomy":"category","embeddable":true,"href":"https:\/\/www.notibras.com\/site\/wp-json\/wp\/v2\/categories?post=333484"},{"taxonomy":"post_tag","embeddable":true,"href":"https:\/\/www.notibras.com\/site\/wp-json\/wp\/v2\/tags?post=333484"}],"curies":[{"name":"wp","href":"https:\/\/api.w.org\/{rel}","templated":true}]}}