{"id":333545,"date":"2024-07-31T00:10:30","date_gmt":"2024-07-31T03:10:30","guid":{"rendered":"https:\/\/www.notibras.com\/site\/?p=333545"},"modified":"2024-07-31T08:12:24","modified_gmt":"2024-07-31T11:12:24","slug":"operacao-mau-negocio-pega-receptador-de-celular-roubado","status":"publish","type":"post","link":"https:\/\/www.notibras.com\/site\/operacao-mau-negocio-pega-receptador-de-celular-roubado\/","title":{"rendered":"Opera\u00e7\u00e3o Mau Neg\u00f3cio pega receptador de celular roubado"},"content":{"rendered":"<p>Agentes da 15\u00aa DP, em Ceil\u00e2ndia, deflagraram nova fase da opera\u00e7\u00e3o Mau Neg\u00f3cio e prenderam em flagrante um homem de 44 anos pelo crime de recepta\u00e7\u00e3o qualificada. Elke comprava aparelhos roubados, &#8216;limpava&#8217; e revendia.<\/p>\n<p>A a\u00e7\u00e3o policial foi realizada ap\u00f3s o recebimento de uma den\u00fancia an\u00f4nima, indicando que no endere\u00e7o do criminoso, na QNM, eram escondidos celulares produtos de crimes sob um colch\u00e3o e em uma caixa de energia dentro do terreno. Para evitar que os equipamentos fossem detectados, eram envelopados em papel alum\u00ednio.<\/p>\n<p>Os aparelhos roubados eram desbloqueados e vendidos na Feira do Rolo e na feira de Ceil\u00e2ndia. Na resid\u00eancia do detido foram encontrados sete celulares escondidos. O criminosos \u00e9 t\u00e9cnico em manuten\u00e7\u00e3o de equipamentos eletr\u00f4nicos. Ele j\u00e1 havia sido preso em 2021, pelo crime de recepta\u00e7\u00e3o.<\/p>\n","protected":false},"excerpt":{"rendered":"<p>Agentes da 15\u00aa DP, em Ceil\u00e2ndia, deflagraram nova fase da opera\u00e7\u00e3o Mau Neg\u00f3cio e prenderam em flagrante um homem de 44 anos pelo crime de recepta\u00e7\u00e3o qualificada. Elke comprava aparelhos roubados, &#8216;limpava&#8217; e revendia. A a\u00e7\u00e3o policial foi realizada ap\u00f3s o recebimento de uma den\u00fancia an\u00f4nima, indicando que no endere\u00e7o do criminoso, na QNM, eram [&hellip;]<\/p>\n","protected":false},"author":2,"featured_media":333546,"comment_status":"closed","ping_status":"closed","sticky":false,"template":"","format":"standard","meta":{"_acf_changed":false,"footnotes":""},"categories":[161],"tags":[],"class_list":["post-333545","post","type-post","status-publish","format-standard","has-post-thumbnail","hentry","category-quadradinho-em-foco"],"acf":[],"_links":{"self":[{"href":"https:\/\/www.notibras.com\/site\/wp-json\/wp\/v2\/posts\/333545","targetHints":{"allow":["GET"]}}],"collection":[{"href":"https:\/\/www.notibras.com\/site\/wp-json\/wp\/v2\/posts"}],"about":[{"href":"https:\/\/www.notibras.com\/site\/wp-json\/wp\/v2\/types\/post"}],"author":[{"embeddable":true,"href":"https:\/\/www.notibras.com\/site\/wp-json\/wp\/v2\/users\/2"}],"replies":[{"embeddable":true,"href":"https:\/\/www.notibras.com\/site\/wp-json\/wp\/v2\/comments?post=333545"}],"version-history":[{"count":1,"href":"https:\/\/www.notibras.com\/site\/wp-json\/wp\/v2\/posts\/333545\/revisions"}],"predecessor-version":[{"id":333547,"href":"https:\/\/www.notibras.com\/site\/wp-json\/wp\/v2\/posts\/333545\/revisions\/333547"}],"wp:featuredmedia":[{"embeddable":true,"href":"https:\/\/www.notibras.com\/site\/wp-json\/wp\/v2\/media\/333546"}],"wp:attachment":[{"href":"https:\/\/www.notibras.com\/site\/wp-json\/wp\/v2\/media?parent=333545"}],"wp:term":[{"taxonomy":"category","embeddable":true,"href":"https:\/\/www.notibras.com\/site\/wp-json\/wp\/v2\/categories?post=333545"},{"taxonomy":"post_tag","embeddable":true,"href":"https:\/\/www.notibras.com\/site\/wp-json\/wp\/v2\/tags?post=333545"}],"curies":[{"name":"wp","href":"https:\/\/api.w.org\/{rel}","templated":true}]}}