{"id":333548,"date":"2024-07-31T08:26:47","date_gmt":"2024-07-31T11:26:47","guid":{"rendered":"https:\/\/www.notibras.com\/site\/?p=333548"},"modified":"2024-07-31T08:26:47","modified_gmt":"2024-07-31T11:26:47","slug":"princesinha-do-mar-essa-praia-e-cheia-de-luz","status":"publish","type":"post","link":"https:\/\/www.notibras.com\/site\/princesinha-do-mar-essa-praia-e-cheia-de-luz\/","title":{"rendered":"Princesinha do mar, essa praia \u00e9 cheia de luz"},"content":{"rendered":"<p>Os meus amigos mais pr\u00f3ximos sabem que eu nasci em Botafogo, morei em Botafogo e n\u00e3o teria como tamb\u00e9m n\u00e3o ser Botafogo. Todavia, migrei para o bairro ao lado, Copacabana. Ali\u00e1s, bairro \u00e9 muito pouco para esse lugar t\u00e3o diversificado. Copa vai muito al\u00e9m de ser o mais famoso bairro do Rio. Tudo acontece em Copacabana! Tudo mesmo!!!<\/p>\n<p>Tem gente que prefere Ipanema, que \u00e9 mais chique ou, ent\u00e3o, o Leblon, ainda mais elitizado. Outros falam que a Barra da Tijuca \u00e9 que \u00e9 melhor. Gosto \u00e9 gosto, mas esses outros bairros (sim, s\u00e3o bairros e nada mais) parecem que n\u00e3o possuem vida pr\u00f3pria. Todos eles necessitam de algo que os impulsionem.<\/p>\n<p>Copacabana tem o seu pr\u00f3prio motor, que seja at\u00e9 a vapor, isso n\u00e3o importa. E essa for\u00e7a propulsora d\u00e1 vida a esse lugar m\u00e1gico, onde milhares de pessoas diariamente se esbarram nas ruas, seja a caminho da praia, seja rumo ao trabalho, seja apenas para bater perna. E n\u00e3o h\u00e1 lugar no mundo onde se bata perna com tanta energia como em Copacabana. Ah, isso \u00e9 uma das coisas mais incr\u00edveis que acontecem por aqui.<\/p>\n<p>\u00c0 noite, Copacabana continua \u00fanica. Para os que a visitam pela primeira vez, pode parecer que se trata de outro lugar. No entanto, para n\u00f3s, copacabanenses de cora\u00e7\u00e3o, essa lux\u00faria \u00e9 outra faceta desse local. As lantejoulas nas esquinas refletem os far\u00f3is dos carros, enquanto senhoras passeiam com seus c\u00e3es.<\/p>\n<p>Logo ali nas areias da praia, grupos diversos se divertem jogando bola ou, ent\u00e3o, tomam mais um chope ao som de um cavaquinho ou de uma batucada. Copacabana \u00e9 bastante sonora! E que me desculpem os outros lugares, mas Copa \u00e9 Copa! Todos os caminhos, no Rio, levam a Copacabana!<\/p>\n<p>Os artistas da noite, depois de uma longa jornada de expediente, mostram m\u00faltiplos talentos sobre os palcos dos bares, das boates, das ruas. E as pessoas daqui, cada qual no seu ritmo, embalam e s\u00e3o embaladas pelos movimentos das ondas do mar, de onde \u00e9 emanado aquele cheiro maravilhoso da maresia.<\/p>\n<p>Ah, como eu adoro esse aroma!!! Todas essas coisas se entrela\u00e7am nesse mosaico de cores t\u00e3o incomuns. Isso tudo me faz lembrar das palavras do meu av\u00f4: &#8220;Copacabana \u00e9 o pior bairro do Rio. Mas tamb\u00e9m \u00e9 o melhor!&#8221;<\/p>\n<p><strong>*Eduardo Mart\u00ednez \u00e9 autor do livro \u201c57 Contos e Cr\u00f4nicas por um Autor muito Velho\u201d.<\/strong><\/p>\n<p>Compre aqui\u00a0<span class=\"x19la9d6 x1fc57z9 x6ikm8r x10wlt62 x19co3pv x1g5zs5t xfibh0p xiy17q3 x1xsqp64 x1lkfr7t xexx8yu x4uap5 x18d9i69 xkhd6sd\"><span class=\"xrtxmta x1bhl96m\"><img decoding=\"async\" class=\"emoji\" role=\"img\" draggable=\"false\" src=\"https:\/\/s.w.org\/images\/core\/emoji\/14.0.0\/svg\/1f447-1f3ff.svg\" alt=\"&#x1f447;&#x1f3ff;\" \/><\/span><\/span><span class=\"x19la9d6 x1fc57z9 x6ikm8r x10wlt62 x19co3pv x1g5zs5t xfibh0p xiy17q3 x1xsqp64 x1lkfr7t xexx8yu x4uap5 x18d9i69 xkhd6sd\"><span class=\"xrtxmta x1bhl96m\"><img decoding=\"async\" class=\"emoji\" role=\"img\" draggable=\"false\" src=\"https:\/\/s.w.org\/images\/core\/emoji\/14.0.0\/svg\/1f447-1f3ff.svg\" alt=\"&#x1f447;&#x1f3ff;\" \/><\/span><\/span><span class=\"x19la9d6 x1fc57z9 x6ikm8r x10wlt62 x19co3pv x1g5zs5t xfibh0p xiy17q3 x1xsqp64 x1lkfr7t xexx8yu x4uap5 x18d9i69 xkhd6sd\"><span class=\"xrtxmta x1bhl96m\"><img decoding=\"async\" class=\"emoji\" role=\"img\" draggable=\"false\" src=\"https:\/\/s.w.org\/images\/core\/emoji\/14.0.0\/svg\/1f447-1f3ff.svg\" alt=\"&#x1f447;&#x1f3ff;\" \/><\/span><\/span><\/p>\n<p><a href=\"http:\/\/www.joanineditora.com.br\/57-contos-e-cronicas-por-um-autor-muito-velho\">http:\/\/www.joanineditora.com.br\/57-contos-e-cronicas-por-um-autor-muito-velho<\/a><\/p>\n<div id=\"wpdevar_comment_4\"><\/div>\n","protected":false},"excerpt":{"rendered":"<p>Os meus amigos mais pr\u00f3ximos sabem que eu nasci em Botafogo, morei em Botafogo e n\u00e3o teria como tamb\u00e9m n\u00e3o ser Botafogo. Todavia, migrei para o bairro ao lado, Copacabana. Ali\u00e1s, bairro \u00e9 muito pouco para esse lugar t\u00e3o diversificado. Copa vai muito al\u00e9m de ser o mais famoso bairro do Rio. Tudo acontece em [&hellip;]<\/p>\n","protected":false},"author":2,"featured_media":333549,"comment_status":"closed","ping_status":"closed","sticky":false,"template":"","format":"standard","meta":{"_acf_changed":false,"footnotes":""},"categories":[161],"tags":[],"class_list":["post-333548","post","type-post","status-publish","format-standard","has-post-thumbnail","hentry","category-quadradinho-em-foco"],"acf":[],"_links":{"self":[{"href":"https:\/\/www.notibras.com\/site\/wp-json\/wp\/v2\/posts\/333548","targetHints":{"allow":["GET"]}}],"collection":[{"href":"https:\/\/www.notibras.com\/site\/wp-json\/wp\/v2\/posts"}],"about":[{"href":"https:\/\/www.notibras.com\/site\/wp-json\/wp\/v2\/types\/post"}],"author":[{"embeddable":true,"href":"https:\/\/www.notibras.com\/site\/wp-json\/wp\/v2\/users\/2"}],"replies":[{"embeddable":true,"href":"https:\/\/www.notibras.com\/site\/wp-json\/wp\/v2\/comments?post=333548"}],"version-history":[{"count":1,"href":"https:\/\/www.notibras.com\/site\/wp-json\/wp\/v2\/posts\/333548\/revisions"}],"predecessor-version":[{"id":333550,"href":"https:\/\/www.notibras.com\/site\/wp-json\/wp\/v2\/posts\/333548\/revisions\/333550"}],"wp:featuredmedia":[{"embeddable":true,"href":"https:\/\/www.notibras.com\/site\/wp-json\/wp\/v2\/media\/333549"}],"wp:attachment":[{"href":"https:\/\/www.notibras.com\/site\/wp-json\/wp\/v2\/media?parent=333548"}],"wp:term":[{"taxonomy":"category","embeddable":true,"href":"https:\/\/www.notibras.com\/site\/wp-json\/wp\/v2\/categories?post=333548"},{"taxonomy":"post_tag","embeddable":true,"href":"https:\/\/www.notibras.com\/site\/wp-json\/wp\/v2\/tags?post=333548"}],"curies":[{"name":"wp","href":"https:\/\/api.w.org\/{rel}","templated":true}]}}