{"id":333559,"date":"2024-07-31T00:54:21","date_gmt":"2024-07-31T03:54:21","guid":{"rendered":"https:\/\/www.notibras.com\/site\/?p=333559"},"modified":"2024-07-31T08:56:09","modified_gmt":"2024-07-31T11:56:09","slug":"desenrola-fies-alcanca-mais-de-340-mil-acordos-para-pagar-atrasados","status":"publish","type":"post","link":"https:\/\/www.notibras.com\/site\/desenrola-fies-alcanca-mais-de-340-mil-acordos-para-pagar-atrasados\/","title":{"rendered":"Desenrola Fies alcan\u00e7a mais de 340 mil acordos para pagar atrasados"},"content":{"rendered":"<p>O programa de renegocia\u00e7\u00e3o de d\u00edvidas do Fundo de Financiamento Estudantil (Fies), o Desenrola Fies, obteve a marca de 343,1 mil solicita\u00e7\u00f5es de ades\u00e3o ao programa at\u00e9 a \u00faltima segunda-feira (29). Renegocia\u00e7\u00f5es representam R$ 655 milh\u00f5es de retorno para os cofres p\u00fablicos.<\/p>\n<p>No fim de maio, o Comit\u00ea Gestor do Fies (GT-Fies) anunciou o adiamento do fim do prazo para ades\u00e3o ao Desenrola Fies, conforme a Resolu\u00e7\u00e3o n\u00ba 59, de 23 de maio de 2024, publicada no Di\u00e1rio Oficial da Uni\u00e3o. Com isso, os estudantes de ensino superior interessados t\u00eam at\u00e9 31 de agosto deste ano para aderir ao programa.<\/p>\n<p><strong>Desenrola Fies <\/strong><br \/>\nO Desenrola Fies \u00e9 destinado a ajudar na renegocia\u00e7\u00e3o de contratos de financiamento fechados at\u00e9 o fim de 2017. As parcelas atrasadas devem ser anteriores a 30 de junho de 2023. Os descontos e condi\u00e7\u00f5es variam de acordo com o perfil do estudante, de acordo com a Serasa.<\/p>\n<p>Os interessados podem buscar atendimento Minist\u00e9rio da Educa\u00e7\u00e3o (MEC), Fundo Nacional de Desenvolvimento da Educa\u00e7\u00e3o (FNDE), Caixa Econ\u00f4mica Federal e o Banco do Brasil.<\/p>\n","protected":false},"excerpt":{"rendered":"<p>O programa de renegocia\u00e7\u00e3o de d\u00edvidas do Fundo de Financiamento Estudantil (Fies), o Desenrola Fies, obteve a marca de 343,1 mil solicita\u00e7\u00f5es de ades\u00e3o ao programa at\u00e9 a \u00faltima segunda-feira (29). Renegocia\u00e7\u00f5es representam R$ 655 milh\u00f5es de retorno para os cofres p\u00fablicos. No fim de maio, o Comit\u00ea Gestor do Fies (GT-Fies) anunciou o adiamento [&hellip;]<\/p>\n","protected":false},"author":2,"featured_media":333560,"comment_status":"closed","ping_status":"closed","sticky":false,"template":"","format":"standard","meta":{"_acf_changed":false,"footnotes":""},"categories":[161],"tags":[],"class_list":["post-333559","post","type-post","status-publish","format-standard","has-post-thumbnail","hentry","category-quadradinho-em-foco"],"acf":[],"_links":{"self":[{"href":"https:\/\/www.notibras.com\/site\/wp-json\/wp\/v2\/posts\/333559","targetHints":{"allow":["GET"]}}],"collection":[{"href":"https:\/\/www.notibras.com\/site\/wp-json\/wp\/v2\/posts"}],"about":[{"href":"https:\/\/www.notibras.com\/site\/wp-json\/wp\/v2\/types\/post"}],"author":[{"embeddable":true,"href":"https:\/\/www.notibras.com\/site\/wp-json\/wp\/v2\/users\/2"}],"replies":[{"embeddable":true,"href":"https:\/\/www.notibras.com\/site\/wp-json\/wp\/v2\/comments?post=333559"}],"version-history":[{"count":1,"href":"https:\/\/www.notibras.com\/site\/wp-json\/wp\/v2\/posts\/333559\/revisions"}],"predecessor-version":[{"id":333561,"href":"https:\/\/www.notibras.com\/site\/wp-json\/wp\/v2\/posts\/333559\/revisions\/333561"}],"wp:featuredmedia":[{"embeddable":true,"href":"https:\/\/www.notibras.com\/site\/wp-json\/wp\/v2\/media\/333560"}],"wp:attachment":[{"href":"https:\/\/www.notibras.com\/site\/wp-json\/wp\/v2\/media?parent=333559"}],"wp:term":[{"taxonomy":"category","embeddable":true,"href":"https:\/\/www.notibras.com\/site\/wp-json\/wp\/v2\/categories?post=333559"},{"taxonomy":"post_tag","embeddable":true,"href":"https:\/\/www.notibras.com\/site\/wp-json\/wp\/v2\/tags?post=333559"}],"curies":[{"name":"wp","href":"https:\/\/api.w.org\/{rel}","templated":true}]}}