{"id":333568,"date":"2024-07-31T00:04:21","date_gmt":"2024-07-31T03:04:21","guid":{"rendered":"https:\/\/www.notibras.com\/site\/?p=333568"},"modified":"2024-07-31T10:07:44","modified_gmt":"2024-07-31T13:07:44","slug":"justica-lanca-documento-sobre-uso-de-cameras-por-policiais","status":"publish","type":"post","link":"https:\/\/www.notibras.com\/site\/justica-lanca-documento-sobre-uso-de-cameras-por-policiais\/","title":{"rendered":"Justi\u00e7a lan\u00e7a documento sobre uso de c\u00e2meras por policiais"},"content":{"rendered":"<p>Baseado em evid\u00eancias e na aplica\u00e7\u00e3o em mais de 40 pa\u00edses, o Minist\u00e9rio da Justi\u00e7a e Seguran\u00e7a lan\u00e7ou o documento C\u00e2meras Corporais: Uma Revis\u00e3o Documental e Bibliogr\u00e1fica. De autoria do consultor Pedro Souza, professor de Economia da universidade Queen Mary, de Londres. O objetivo da publica\u00e7\u00e3o \u00e9 oferecer subs\u00eddios para a formula\u00e7\u00e3o de pol\u00edticas p\u00fablicas nos estados e munic\u00edpios, contribuir para melhorar as pr\u00e1ticas policiais e fortalecer a confian\u00e7a da sociedade nas institui\u00e7\u00f5es de seguran\u00e7a p\u00fablica.<\/p>\n<p>Em sua apresenta\u00e7\u00e3o, Pedro Souza disse que as c\u00e2meras policiais s\u00e3o usadas em mais de 40 pa\u00edses e que as evid\u00eancias ao redor do mundo indicam melhora no desempenho atua\u00e7\u00e3o das pol\u00edcias e em seu relacionamento com a sociedade. Para ele, as c\u00e2meras corporais contribu\u00edram para redu\u00e7\u00e3o da letalidade policial. No caso da Pol\u00edcia Militar (PM) de S\u00e3o Paulo, o estudo revela que o &#8220;efeito c\u00e2mera corporal&#8221; reduziu em 57% a letalidade contra a popula\u00e7\u00e3o negra.<\/p>\n<p>Elaborado em parceria com o Programa das Na\u00e7\u00f5es Unidas para o Desenvolvimento (PNUD) e a Ag\u00eancia Brasileira de Coopera\u00e7\u00e3o (ABC), o diagn\u00f3stico \u00e9 um dos produtos contratados por meio do acordo de coopera\u00e7\u00e3o t\u00e9cnica internacional firmado por meio da Diretoria do Sistema \u00danico de Seguran\u00e7a (Dsusp). &#8220;O diagn\u00f3stico \u00e9 um recurso valioso para pesquisadores, gestores p\u00fablicos e todos os interessados no tema da seguran\u00e7a p\u00fablica e na promo\u00e7\u00e3o de uma atua\u00e7\u00e3o policial mais transparente e justa&#8221;, disse a diretora da Dsusp, Isabel Figueiredo.<\/p>\n<p>O estudo inclui an\u00e1lise bibliogr\u00e1fica das pr\u00e1ticas nacionais e internacionais que envolvem o uso de c\u00e2meras corporais por agentes de seguran\u00e7a p\u00fablica, al\u00e9m de uma avalia\u00e7\u00e3o documental e normativa das diretrizes e pr\u00e1ticas das organiza\u00e7\u00f5es de seguran\u00e7a p\u00fablica internacionais e nacionais sobre a utiliza\u00e7\u00e3o dos dispositivos.<\/p>\n<p>Em maio, o ministro da Justi\u00e7a e Seguran\u00e7a P\u00fablica, Ricardo Lewandowski, comandou o lan\u00e7amento das novas diretrizes sobre o uso de c\u00e2meras corporais pelos profissionais da seguran\u00e7a p\u00fablica, e classificou a iniciativa de um \u201csalto civilizat\u00f3rio, no que diz respeito \u00e0 garantia dos direitos fundamentais\u201d. Segundo o ministro, o projeto das novas diretrizes foi fruto de v\u00e1rios meses de estudos cient\u00edficos, an\u00e1lises, audi\u00eancias p\u00fablicas e encontros com especialistas.<\/p>\n<p><strong>Nova diretriz <\/strong><br \/>\nPela nova diretriz, os dispositivos devem ser usados pelos integrantes das Pol\u00edcias Federal; Rodovi\u00e1ria Federal; Penal Federal; pol\u00edcias militares; corpos de bombeiros militares; pol\u00edcias civis; pol\u00edcias penais estaduais e guardas municipais, entre outras corpora\u00e7\u00f5es, bem como agentes mobilizados pela For\u00e7a Nacional de Seguran\u00e7a P\u00fablica e pela For\u00e7a Penal Nacional.<\/p>\n<p><strong>Quando e como usar as c\u00e2meras<\/strong><br \/>\nEm atividades que demandem atua\u00e7\u00e3o ostensiva, seja ordin\u00e1ria, extraordin\u00e1ria ou especializada; na identifica\u00e7\u00e3o e checagem de bens; durante buscas pessoais, veiculares ou domiciliares; ao longo de a\u00e7\u00f5es operacionais, inclusive as que envolvam manifesta\u00e7\u00f5es, controle de dist\u00farbios civis, interdi\u00e7\u00f5es ou reintegra\u00e7\u00f5es possess\u00f3rias; cumprimento de determina\u00e7\u00f5es de autoridades policiais ou judici\u00e1rias e de mandados judiciais; per\u00edcias externas; atividades de fiscaliza\u00e7\u00e3o e vistoria t\u00e9cnica; a\u00e7\u00f5es de busca, salvamento e resgate.<\/p>\n<p>Equipamento deve ser usado tamb\u00e9m na escolta de custodiados; em todas as intera\u00e7\u00f5es entre policiais e custodiados, dentro ou fora do ambiente prisional; durante atividades carcer\u00e1rias de rotina, inclusive no atendimento aos visitantes e advogados; em interven\u00e7\u00f5es e resolu\u00e7\u00e3o de crises, motins e rebeli\u00f5es no sistema prisional; situa\u00e7\u00f5es de oposi\u00e7\u00e3o \u00e0 atua\u00e7\u00e3o policial, de potencial confronto ou de uso de for\u00e7a f\u00edsica; acidentes de tr\u00e2nsito e patrulhamento preventivo e ostensivo, ou na execu\u00e7\u00e3o de dilig\u00eancias de rotina em que ocorram ou possam ocorrer pris\u00f5es, atos de viol\u00eancia, les\u00f5es corporais ou mortes.<\/p>\n<p>A grava\u00e7\u00e3o das c\u00e2meras corporais ser\u00e1 realizada de acordo com as regras estabelecidas pelos \u00f3rg\u00e3os de seguran\u00e7a p\u00fablica, podendo ocorrer de forma alternativa ou, ao mesmo tempo, por acionamento autom\u00e1tico, remoto ou pelos pr\u00f3prios integrantes dos \u00f3rg\u00e3os de seguran\u00e7a p\u00fablica.<\/p>\n","protected":false},"excerpt":{"rendered":"<p>Baseado em evid\u00eancias e na aplica\u00e7\u00e3o em mais de 40 pa\u00edses, o Minist\u00e9rio da Justi\u00e7a e Seguran\u00e7a lan\u00e7ou o documento C\u00e2meras Corporais: Uma Revis\u00e3o Documental e Bibliogr\u00e1fica. De autoria do consultor Pedro Souza, professor de Economia da universidade Queen Mary, de Londres. O objetivo da publica\u00e7\u00e3o \u00e9 oferecer subs\u00eddios para a formula\u00e7\u00e3o de pol\u00edticas p\u00fablicas [&hellip;]<\/p>\n","protected":false},"author":2,"featured_media":333570,"comment_status":"closed","ping_status":"closed","sticky":false,"template":"","format":"standard","meta":{"_acf_changed":false,"footnotes":""},"categories":[166,167,168,169,165,170,171,172,173,174],"tags":[],"class_list":["post-333568","post","type-post","status-publish","format-standard","has-post-thumbnail","hentry","category-alagoas","category-bahia","category-ceara","category-maranhao","category-nordeste","category-paraiba-nordeste","category-pernambuco-nordeste","category-piaui","category-rio-grande-do-norte","category-sergipe"],"acf":[],"yoast_head":"<!-- This site is optimized with the Yoast SEO plugin v27.5 - https:\/\/yoast.com\/product\/yoast-seo-wordpress\/ -->\n<title>Justi\u00e7a lan\u00e7a documento sobre uso de c\u00e2meras por policiais - Notibras<\/title>\n<meta name=\"robots\" content=\"index, follow, max-snippet:-1, max-image-preview:large, max-video-preview:-1\" \/>\n<link rel=\"canonical\" href=\"https:\/\/www.notibras.com\/site\/justica-lanca-documento-sobre-uso-de-cameras-por-policiais\/\" \/>\n<meta property=\"og:locale\" content=\"pt_BR\" \/>\n<meta property=\"og:type\" content=\"article\" \/>\n<meta property=\"og:title\" content=\"Justi\u00e7a lan\u00e7a documento sobre uso de c\u00e2meras por policiais - Notibras\" \/>\n<meta property=\"og:description\" content=\"Baseado em evid\u00eancias e na aplica\u00e7\u00e3o em mais de 40 pa\u00edses, o Minist\u00e9rio da Justi\u00e7a e Seguran\u00e7a lan\u00e7ou o documento C\u00e2meras Corporais: Uma Revis\u00e3o Documental e Bibliogr\u00e1fica. De autoria do consultor Pedro Souza, professor de Economia da universidade Queen Mary, de Londres. O objetivo da publica\u00e7\u00e3o \u00e9 oferecer subs\u00eddios para a formula\u00e7\u00e3o de pol\u00edticas p\u00fablicas [&hellip;]\" \/>\n<meta property=\"og:url\" content=\"https:\/\/www.notibras.com\/site\/justica-lanca-documento-sobre-uso-de-cameras-por-policiais\/\" \/>\n<meta property=\"og:site_name\" content=\"Notibras\" \/>\n<meta property=\"article:publisher\" content=\"https:\/\/www.facebook.com\/notibras\/\" \/>\n<meta property=\"article:published_time\" content=\"2024-07-31T03:04:21+00:00\" \/>\n<meta property=\"article:modified_time\" content=\"2024-07-31T13:07:44+00:00\" \/>\n<meta property=\"og:image\" content=\"https:\/\/www.notibras.com\/site\/wp-content\/uploads\/2024\/07\/prfcamera.webp\" \/>\n\t<meta property=\"og:image:width\" content=\"1170\" \/>\n\t<meta property=\"og:image:height\" content=\"700\" \/>\n\t<meta property=\"og:image:type\" content=\"image\/webp\" \/>\n<meta name=\"author\" content=\"Reda\u00e7\u00e3o\" \/>\n<meta name=\"twitter:card\" content=\"summary_large_image\" \/>\n<meta name=\"twitter:creator\" content=\"@Notibras\" \/>\n<meta name=\"twitter:site\" content=\"@Notibras\" \/>\n<meta name=\"twitter:label1\" content=\"Escrito por\" \/>\n\t<meta name=\"twitter:data1\" content=\"Reda\u00e7\u00e3o\" \/>\n\t<meta name=\"twitter:label2\" content=\"Est. tempo de leitura\" \/>\n\t<meta name=\"twitter:data2\" content=\"4 minutos\" \/>\n<script type=\"application\/ld+json\" class=\"yoast-schema-graph\">{\"@context\":\"https:\\\/\\\/schema.org\",\"@graph\":[{\"@type\":\"Article\",\"@id\":\"https:\\\/\\\/www.notibras.com\\\/site\\\/justica-lanca-documento-sobre-uso-de-cameras-por-policiais\\\/#article\",\"isPartOf\":{\"@id\":\"https:\\\/\\\/www.notibras.com\\\/site\\\/justica-lanca-documento-sobre-uso-de-cameras-por-policiais\\\/\"},\"author\":{\"name\":\"Reda\u00e7\u00e3o\",\"@id\":\"https:\\\/\\\/www.notibras.com\\\/site\\\/#\\\/schema\\\/person\\\/36ab0979449956132d3e5b517ea76ac8\"},\"headline\":\"Justi\u00e7a lan\u00e7a documento sobre uso de c\u00e2meras por policiais\",\"datePublished\":\"2024-07-31T03:04:21+00:00\",\"dateModified\":\"2024-07-31T13:07:44+00:00\",\"mainEntityOfPage\":{\"@id\":\"https:\\\/\\\/www.notibras.com\\\/site\\\/justica-lanca-documento-sobre-uso-de-cameras-por-policiais\\\/\"},\"wordCount\":736,\"publisher\":{\"@id\":\"https:\\\/\\\/www.notibras.com\\\/site\\\/#organization\"},\"image\":{\"@id\":\"https:\\\/\\\/www.notibras.com\\\/site\\\/justica-lanca-documento-sobre-uso-de-cameras-por-policiais\\\/#primaryimage\"},\"thumbnailUrl\":\"https:\\\/\\\/www.notibras.com\\\/site\\\/wp-content\\\/uploads\\\/2024\\\/07\\\/prfcamera.webp\",\"articleSection\":[\"Alagoas\",\"Bahia\",\"Cear\u00e1\",\"Maranh\u00e3o\",\"Nordeste\",\"Para\u00edba\",\"Pernambuco\",\"Piau\u00ed\",\"Rio Grande do Norte\",\"Sergipe\"],\"inLanguage\":\"pt-BR\"},{\"@type\":\"WebPage\",\"@id\":\"https:\\\/\\\/www.notibras.com\\\/site\\\/justica-lanca-documento-sobre-uso-de-cameras-por-policiais\\\/\",\"url\":\"https:\\\/\\\/www.notibras.com\\\/site\\\/justica-lanca-documento-sobre-uso-de-cameras-por-policiais\\\/\",\"name\":\"Justi\u00e7a lan\u00e7a documento sobre uso de c\u00e2meras por policiais - Notibras\",\"isPartOf\":{\"@id\":\"https:\\\/\\\/www.notibras.com\\\/site\\\/#website\"},\"primaryImageOfPage\":{\"@id\":\"https:\\\/\\\/www.notibras.com\\\/site\\\/justica-lanca-documento-sobre-uso-de-cameras-por-policiais\\\/#primaryimage\"},\"image\":{\"@id\":\"https:\\\/\\\/www.notibras.com\\\/site\\\/justica-lanca-documento-sobre-uso-de-cameras-por-policiais\\\/#primaryimage\"},\"thumbnailUrl\":\"https:\\\/\\\/www.notibras.com\\\/site\\\/wp-content\\\/uploads\\\/2024\\\/07\\\/prfcamera.webp\",\"datePublished\":\"2024-07-31T03:04:21+00:00\",\"dateModified\":\"2024-07-31T13:07:44+00:00\",\"breadcrumb\":{\"@id\":\"https:\\\/\\\/www.notibras.com\\\/site\\\/justica-lanca-documento-sobre-uso-de-cameras-por-policiais\\\/#breadcrumb\"},\"inLanguage\":\"pt-BR\",\"potentialAction\":[{\"@type\":\"ReadAction\",\"target\":[\"https:\\\/\\\/www.notibras.com\\\/site\\\/justica-lanca-documento-sobre-uso-de-cameras-por-policiais\\\/\"]}]},{\"@type\":\"ImageObject\",\"inLanguage\":\"pt-BR\",\"@id\":\"https:\\\/\\\/www.notibras.com\\\/site\\\/justica-lanca-documento-sobre-uso-de-cameras-por-policiais\\\/#primaryimage\",\"url\":\"https:\\\/\\\/www.notibras.com\\\/site\\\/wp-content\\\/uploads\\\/2024\\\/07\\\/prfcamera.webp\",\"contentUrl\":\"https:\\\/\\\/www.notibras.com\\\/site\\\/wp-content\\\/uploads\\\/2024\\\/07\\\/prfcamera.webp\",\"width\":1170,\"height\":700},{\"@type\":\"BreadcrumbList\",\"@id\":\"https:\\\/\\\/www.notibras.com\\\/site\\\/justica-lanca-documento-sobre-uso-de-cameras-por-policiais\\\/#breadcrumb\",\"itemListElement\":[{\"@type\":\"ListItem\",\"position\":1,\"name\":\"In\u00edcio\",\"item\":\"https:\\\/\\\/www.notibras.com\\\/site\\\/\"},{\"@type\":\"ListItem\",\"position\":2,\"name\":\"Justi\u00e7a lan\u00e7a documento sobre uso de c\u00e2meras por policiais\"}]},{\"@type\":\"WebSite\",\"@id\":\"https:\\\/\\\/www.notibras.com\\\/site\\\/#website\",\"url\":\"https:\\\/\\\/www.notibras.com\\\/site\\\/\",\"name\":\"Notibras\",\"description\":\"Not\u00edcias de Bras\u00edlia, do Brasil e do Mundo\",\"publisher\":{\"@id\":\"https:\\\/\\\/www.notibras.com\\\/site\\\/#organization\"},\"potentialAction\":[{\"@type\":\"SearchAction\",\"target\":{\"@type\":\"EntryPoint\",\"urlTemplate\":\"https:\\\/\\\/www.notibras.com\\\/site\\\/?s={search_term_string}\"},\"query-input\":{\"@type\":\"PropertyValueSpecification\",\"valueRequired\":true,\"valueName\":\"search_term_string\"}}],\"inLanguage\":\"pt-BR\"},{\"@type\":\"Organization\",\"@id\":\"https:\\\/\\\/www.notibras.com\\\/site\\\/#organization\",\"name\":\"Grupo Notibras de Comunica\u00e7\u00e3o\",\"url\":\"https:\\\/\\\/www.notibras.com\\\/site\\\/\",\"logo\":{\"@type\":\"ImageObject\",\"inLanguage\":\"pt-BR\",\"@id\":\"https:\\\/\\\/www.notibras.com\\\/site\\\/#\\\/schema\\\/logo\\\/image\\\/\",\"url\":\"https:\\\/\\\/www.notibras.com\\\/site\\\/wp-content\\\/uploads\\\/2023\\\/01\\\/notibras23.png\",\"contentUrl\":\"https:\\\/\\\/www.notibras.com\\\/site\\\/wp-content\\\/uploads\\\/2023\\\/01\\\/notibras23.png\",\"width\":350,\"height\":87,\"caption\":\"Grupo Notibras de Comunica\u00e7\u00e3o\"},\"image\":{\"@id\":\"https:\\\/\\\/www.notibras.com\\\/site\\\/#\\\/schema\\\/logo\\\/image\\\/\"},\"sameAs\":[\"https:\\\/\\\/www.facebook.com\\\/notibras\\\/\",\"https:\\\/\\\/x.com\\\/Notibras\",\"https:\\\/\\\/www.instagram.com\\\/notibras\\\/\"]},{\"@type\":\"Person\",\"@id\":\"https:\\\/\\\/www.notibras.com\\\/site\\\/#\\\/schema\\\/person\\\/36ab0979449956132d3e5b517ea76ac8\",\"name\":\"Reda\u00e7\u00e3o\",\"image\":{\"@type\":\"ImageObject\",\"inLanguage\":\"pt-BR\",\"@id\":\"https:\\\/\\\/secure.gravatar.com\\\/avatar\\\/e0a867bdedb85fd243eadf09663511f96fc81e0720a4a42581f334ad4303aa6b?s=96&d=mm&r=g\",\"url\":\"https:\\\/\\\/secure.gravatar.com\\\/avatar\\\/e0a867bdedb85fd243eadf09663511f96fc81e0720a4a42581f334ad4303aa6b?s=96&d=mm&r=g\",\"contentUrl\":\"https:\\\/\\\/secure.gravatar.com\\\/avatar\\\/e0a867bdedb85fd243eadf09663511f96fc81e0720a4a42581f334ad4303aa6b?s=96&d=mm&r=g\",\"caption\":\"Reda\u00e7\u00e3o\"}}]}<\/script>\n<!-- \/ Yoast SEO plugin. -->","yoast_head_json":{"title":"Justi\u00e7a lan\u00e7a documento sobre uso de c\u00e2meras por policiais - Notibras","robots":{"index":"index","follow":"follow","max-snippet":"max-snippet:-1","max-image-preview":"max-image-preview:large","max-video-preview":"max-video-preview:-1"},"canonical":"https:\/\/www.notibras.com\/site\/justica-lanca-documento-sobre-uso-de-cameras-por-policiais\/","og_locale":"pt_BR","og_type":"article","og_title":"Justi\u00e7a lan\u00e7a documento sobre uso de c\u00e2meras por policiais - Notibras","og_description":"Baseado em evid\u00eancias e na aplica\u00e7\u00e3o em mais de 40 pa\u00edses, o Minist\u00e9rio da Justi\u00e7a e Seguran\u00e7a lan\u00e7ou o documento C\u00e2meras Corporais: Uma Revis\u00e3o Documental e Bibliogr\u00e1fica. De autoria do consultor Pedro Souza, professor de Economia da universidade Queen Mary, de Londres. O objetivo da publica\u00e7\u00e3o \u00e9 oferecer subs\u00eddios para a formula\u00e7\u00e3o de pol\u00edticas p\u00fablicas [&hellip;]","og_url":"https:\/\/www.notibras.com\/site\/justica-lanca-documento-sobre-uso-de-cameras-por-policiais\/","og_site_name":"Notibras","article_publisher":"https:\/\/www.facebook.com\/notibras\/","article_published_time":"2024-07-31T03:04:21+00:00","article_modified_time":"2024-07-31T13:07:44+00:00","og_image":[{"width":1170,"height":700,"url":"https:\/\/www.notibras.com\/site\/wp-content\/uploads\/2024\/07\/prfcamera.webp","type":"image\/webp"}],"author":"Reda\u00e7\u00e3o","twitter_card":"summary_large_image","twitter_creator":"@Notibras","twitter_site":"@Notibras","twitter_misc":{"Escrito por":"Reda\u00e7\u00e3o","Est. tempo de leitura":"4 minutos"},"schema":{"@context":"https:\/\/schema.org","@graph":[{"@type":"Article","@id":"https:\/\/www.notibras.com\/site\/justica-lanca-documento-sobre-uso-de-cameras-por-policiais\/#article","isPartOf":{"@id":"https:\/\/www.notibras.com\/site\/justica-lanca-documento-sobre-uso-de-cameras-por-policiais\/"},"author":{"name":"Reda\u00e7\u00e3o","@id":"https:\/\/www.notibras.com\/site\/#\/schema\/person\/36ab0979449956132d3e5b517ea76ac8"},"headline":"Justi\u00e7a lan\u00e7a documento sobre uso de c\u00e2meras por policiais","datePublished":"2024-07-31T03:04:21+00:00","dateModified":"2024-07-31T13:07:44+00:00","mainEntityOfPage":{"@id":"https:\/\/www.notibras.com\/site\/justica-lanca-documento-sobre-uso-de-cameras-por-policiais\/"},"wordCount":736,"publisher":{"@id":"https:\/\/www.notibras.com\/site\/#organization"},"image":{"@id":"https:\/\/www.notibras.com\/site\/justica-lanca-documento-sobre-uso-de-cameras-por-policiais\/#primaryimage"},"thumbnailUrl":"https:\/\/www.notibras.com\/site\/wp-content\/uploads\/2024\/07\/prfcamera.webp","articleSection":["Alagoas","Bahia","Cear\u00e1","Maranh\u00e3o","Nordeste","Para\u00edba","Pernambuco","Piau\u00ed","Rio Grande do Norte","Sergipe"],"inLanguage":"pt-BR"},{"@type":"WebPage","@id":"https:\/\/www.notibras.com\/site\/justica-lanca-documento-sobre-uso-de-cameras-por-policiais\/","url":"https:\/\/www.notibras.com\/site\/justica-lanca-documento-sobre-uso-de-cameras-por-policiais\/","name":"Justi\u00e7a lan\u00e7a documento sobre uso de c\u00e2meras por policiais - Notibras","isPartOf":{"@id":"https:\/\/www.notibras.com\/site\/#website"},"primaryImageOfPage":{"@id":"https:\/\/www.notibras.com\/site\/justica-lanca-documento-sobre-uso-de-cameras-por-policiais\/#primaryimage"},"image":{"@id":"https:\/\/www.notibras.com\/site\/justica-lanca-documento-sobre-uso-de-cameras-por-policiais\/#primaryimage"},"thumbnailUrl":"https:\/\/www.notibras.com\/site\/wp-content\/uploads\/2024\/07\/prfcamera.webp","datePublished":"2024-07-31T03:04:21+00:00","dateModified":"2024-07-31T13:07:44+00:00","breadcrumb":{"@id":"https:\/\/www.notibras.com\/site\/justica-lanca-documento-sobre-uso-de-cameras-por-policiais\/#breadcrumb"},"inLanguage":"pt-BR","potentialAction":[{"@type":"ReadAction","target":["https:\/\/www.notibras.com\/site\/justica-lanca-documento-sobre-uso-de-cameras-por-policiais\/"]}]},{"@type":"ImageObject","inLanguage":"pt-BR","@id":"https:\/\/www.notibras.com\/site\/justica-lanca-documento-sobre-uso-de-cameras-por-policiais\/#primaryimage","url":"https:\/\/www.notibras.com\/site\/wp-content\/uploads\/2024\/07\/prfcamera.webp","contentUrl":"https:\/\/www.notibras.com\/site\/wp-content\/uploads\/2024\/07\/prfcamera.webp","width":1170,"height":700},{"@type":"BreadcrumbList","@id":"https:\/\/www.notibras.com\/site\/justica-lanca-documento-sobre-uso-de-cameras-por-policiais\/#breadcrumb","itemListElement":[{"@type":"ListItem","position":1,"name":"In\u00edcio","item":"https:\/\/www.notibras.com\/site\/"},{"@type":"ListItem","position":2,"name":"Justi\u00e7a lan\u00e7a documento sobre uso de c\u00e2meras por policiais"}]},{"@type":"WebSite","@id":"https:\/\/www.notibras.com\/site\/#website","url":"https:\/\/www.notibras.com\/site\/","name":"Notibras","description":"Not\u00edcias de Bras\u00edlia, do Brasil e do Mundo","publisher":{"@id":"https:\/\/www.notibras.com\/site\/#organization"},"potentialAction":[{"@type":"SearchAction","target":{"@type":"EntryPoint","urlTemplate":"https:\/\/www.notibras.com\/site\/?s={search_term_string}"},"query-input":{"@type":"PropertyValueSpecification","valueRequired":true,"valueName":"search_term_string"}}],"inLanguage":"pt-BR"},{"@type":"Organization","@id":"https:\/\/www.notibras.com\/site\/#organization","name":"Grupo Notibras de Comunica\u00e7\u00e3o","url":"https:\/\/www.notibras.com\/site\/","logo":{"@type":"ImageObject","inLanguage":"pt-BR","@id":"https:\/\/www.notibras.com\/site\/#\/schema\/logo\/image\/","url":"https:\/\/www.notibras.com\/site\/wp-content\/uploads\/2023\/01\/notibras23.png","contentUrl":"https:\/\/www.notibras.com\/site\/wp-content\/uploads\/2023\/01\/notibras23.png","width":350,"height":87,"caption":"Grupo Notibras de Comunica\u00e7\u00e3o"},"image":{"@id":"https:\/\/www.notibras.com\/site\/#\/schema\/logo\/image\/"},"sameAs":["https:\/\/www.facebook.com\/notibras\/","https:\/\/x.com\/Notibras","https:\/\/www.instagram.com\/notibras\/"]},{"@type":"Person","@id":"https:\/\/www.notibras.com\/site\/#\/schema\/person\/36ab0979449956132d3e5b517ea76ac8","name":"Reda\u00e7\u00e3o","image":{"@type":"ImageObject","inLanguage":"pt-BR","@id":"https:\/\/secure.gravatar.com\/avatar\/e0a867bdedb85fd243eadf09663511f96fc81e0720a4a42581f334ad4303aa6b?s=96&d=mm&r=g","url":"https:\/\/secure.gravatar.com\/avatar\/e0a867bdedb85fd243eadf09663511f96fc81e0720a4a42581f334ad4303aa6b?s=96&d=mm&r=g","contentUrl":"https:\/\/secure.gravatar.com\/avatar\/e0a867bdedb85fd243eadf09663511f96fc81e0720a4a42581f334ad4303aa6b?s=96&d=mm&r=g","caption":"Reda\u00e7\u00e3o"}}]}},"amp_enabled":true,"_links":{"self":[{"href":"https:\/\/www.notibras.com\/site\/wp-json\/wp\/v2\/posts\/333568","targetHints":{"allow":["GET"]}}],"collection":[{"href":"https:\/\/www.notibras.com\/site\/wp-json\/wp\/v2\/posts"}],"about":[{"href":"https:\/\/www.notibras.com\/site\/wp-json\/wp\/v2\/types\/post"}],"author":[{"embeddable":true,"href":"https:\/\/www.notibras.com\/site\/wp-json\/wp\/v2\/users\/2"}],"replies":[{"embeddable":true,"href":"https:\/\/www.notibras.com\/site\/wp-json\/wp\/v2\/comments?post=333568"}],"version-history":[{"count":1,"href":"https:\/\/www.notibras.com\/site\/wp-json\/wp\/v2\/posts\/333568\/revisions"}],"predecessor-version":[{"id":333571,"href":"https:\/\/www.notibras.com\/site\/wp-json\/wp\/v2\/posts\/333568\/revisions\/333571"}],"wp:featuredmedia":[{"embeddable":true,"href":"https:\/\/www.notibras.com\/site\/wp-json\/wp\/v2\/media\/333570"}],"wp:attachment":[{"href":"https:\/\/www.notibras.com\/site\/wp-json\/wp\/v2\/media?parent=333568"}],"wp:term":[{"taxonomy":"category","embeddable":true,"href":"https:\/\/www.notibras.com\/site\/wp-json\/wp\/v2\/categories?post=333568"},{"taxonomy":"post_tag","embeddable":true,"href":"https:\/\/www.notibras.com\/site\/wp-json\/wp\/v2\/tags?post=333568"}],"curies":[{"name":"wp","href":"https:\/\/api.w.org\/{rel}","templated":true}]}}