{"id":33359,"date":"2015-01-08T10:12:13","date_gmt":"2015-01-08T13:12:13","guid":{"rendered":"http:\/\/www.notibras.com\/site\/?p=33359"},"modified":"2015-01-08T15:57:50","modified_gmt":"2015-01-08T18:57:50","slug":"novo-ministro-de-dilma-ja-foi-condenado-em-2a-instancia","status":"publish","type":"post","link":"https:\/\/www.notibras.com\/site\/novo-ministro-de-dilma-ja-foi-condenado-em-2a-instancia\/","title":{"rendered":"Novo ministro de Dilma j\u00e1 foi condenado em 2\u00aa inst\u00e2ncia"},"content":{"rendered":"<p class=\"text\">O novo ministro da Secretaria de Portos, Edinho Ara\u00fajo (PMDB), possui em sua ficha uma condena\u00e7\u00e3o em segunda inst\u00e2ncia por improbidade administrativa, segundo informou o jornal <em>Folha de S. Paulo<\/em>. Nome indicado pelo vice-presidente, Michel Temer (PMDB), Ara\u00fajo tamb\u00e9m j\u00e1 foi punido pelo Tribunal de Contas do Estado de S\u00e3o Paulo (TCE-SP) por dispensa de licita\u00e7\u00e3o.<\/p>\n<p class=\"text\">A condena\u00e7\u00e3o ocorreu em dezembro de 2012 e seria suficiente para enquadrar Ara\u00fajo como ficha-suja pelos crit\u00e9rios da Lei da Ficha Limpa. O caso julgado ocorreu quando ele era prefeito na cidade paulista de S\u00e3o Jos\u00e9 do Rio Preto. Apesar do processo julgado, Edinho conseguiu se reeleger como deputado federal em 2014 por causa de uma liminar no Superior Tribunal de Justi\u00e7a (STJ), que suspendeu os efeitos da condena\u00e7\u00e3o.<\/p>\n<blockquote>\n<p class=\"text\">Segundo a publica\u00e7\u00e3o, Ara\u00fajo foi condenado porque autorizou que empresas quitassem d\u00edvidas com a prefeitura realizando obras de pavimenta\u00e7\u00e3o asf\u00e1ltica, em vez de pagar o valor devido. O novo ministro foi condenado \u00e0 perda dos direitos pol\u00edticos por cinco anos e multa no valor de duas vezes o dano ao er\u00e1rio, que ainda n\u00e3o foi calculado.<\/p>\n<\/blockquote>\n<p class=\"text\">Contr\u00e1rio \u00e0 decis\u00e3o do julgamento, o STJ entendeu que n\u00e3o haveria comprova\u00e7\u00e3o de dolo (inten\u00e7\u00e3o) do ex-prefeito e que n\u00e3o teria sido comprovado o dano ao er\u00e1rio.<\/p>\n<p class=\"text\">Procurado, o ministro disse por meio de sua assessoria que \u201cdeixou um legado de honestidade\u201d na prefeitura e negou qualquer irregularidade nos contratos citados. &#8220;Fui prefeito (&#8230;) por oito anos seguidos. Foram mais de 600 obras, reconstruindo a cidade e deixando um legado de honestidade e respeito ao dinheiro p\u00fablico&#8221;, disse.<\/p>\n<p class=\"text\">Sobre a puni\u00e7\u00e3o do TCE, ele afirmou que a jurisprud\u00eancia reconhecia a dispensa de licita\u00e7\u00e3o e que est\u00e1 recorrendo no caso.<\/p>\n","protected":false},"excerpt":{"rendered":"<p>O novo ministro da Secretaria de Portos, Edinho Ara\u00fajo (PMDB), possui em sua ficha uma condena\u00e7\u00e3o em segunda inst\u00e2ncia por improbidade administrativa, segundo informou o jornal Folha de S. Paulo. Nome indicado pelo vice-presidente, Michel Temer (PMDB), Ara\u00fajo tamb\u00e9m j\u00e1 foi punido pelo Tribunal de Contas do Estado de S\u00e3o Paulo (TCE-SP) por dispensa de [&hellip;]<\/p>\n","protected":false},"author":1,"featured_media":33360,"comment_status":"open","ping_status":"closed","sticky":false,"template":"","format":"standard","meta":{"_acf_changed":false,"footnotes":""},"categories":[16],"tags":[],"class_list":["post-33359","post","type-post","status-publish","format-standard","has-post-thumbnail","hentry","category-brasil"],"acf":[],"yoast_head":"<!-- This site is optimized with the Yoast SEO plugin v27.2 - https:\/\/yoast.com\/product\/yoast-seo-wordpress\/ -->\n<title>Novo ministro de Dilma j\u00e1 foi condenado em 2\u00aa inst\u00e2ncia - Notibras<\/title>\n<meta name=\"robots\" content=\"index, follow, max-snippet:-1, max-image-preview:large, max-video-preview:-1\" \/>\n<link rel=\"canonical\" href=\"https:\/\/www.notibras.com\/site\/novo-ministro-de-dilma-ja-foi-condenado-em-2a-instancia\/\" \/>\n<meta property=\"og:locale\" content=\"pt_BR\" \/>\n<meta property=\"og:type\" content=\"article\" \/>\n<meta property=\"og:title\" content=\"Novo ministro de Dilma j\u00e1 foi condenado em 2\u00aa inst\u00e2ncia - Notibras\" \/>\n<meta property=\"og:description\" content=\"O novo ministro da Secretaria de Portos, Edinho Ara\u00fajo (PMDB), possui em sua ficha uma condena\u00e7\u00e3o em segunda inst\u00e2ncia por improbidade administrativa, segundo informou o jornal Folha de S. Paulo. Nome indicado pelo vice-presidente, Michel Temer (PMDB), Ara\u00fajo tamb\u00e9m j\u00e1 foi punido pelo Tribunal de Contas do Estado de S\u00e3o Paulo (TCE-SP) por dispensa de [&hellip;]\" \/>\n<meta property=\"og:url\" content=\"https:\/\/www.notibras.com\/site\/novo-ministro-de-dilma-ja-foi-condenado-em-2a-instancia\/\" \/>\n<meta property=\"og:site_name\" content=\"Notibras\" \/>\n<meta property=\"article:publisher\" content=\"https:\/\/www.facebook.com\/notibras\/\" \/>\n<meta property=\"article:published_time\" content=\"2015-01-08T13:12:13+00:00\" \/>\n<meta property=\"article:modified_time\" content=\"2015-01-08T18:57:50+00:00\" \/>\n<meta property=\"og:image\" content=\"https:\/\/www.notibras.com\/site\/wp-content\/uploads\/2015\/01\/Sem-t\u00edtulo-131.jpg\" \/>\n\t<meta property=\"og:image:width\" content=\"350\" \/>\n\t<meta property=\"og:image:height\" content=\"228\" \/>\n\t<meta property=\"og:image:type\" content=\"image\/jpeg\" \/>\n<meta name=\"author\" content=\"Reda\u00e7\u00e3o\" \/>\n<meta name=\"twitter:card\" content=\"summary_large_image\" \/>\n<meta name=\"twitter:creator\" content=\"@Notibras\" \/>\n<meta name=\"twitter:site\" content=\"@Notibras\" \/>\n<meta name=\"twitter:label1\" content=\"Escrito por\" \/>\n\t<meta name=\"twitter:data1\" content=\"Reda\u00e7\u00e3o\" \/>\n\t<meta name=\"twitter:label2\" content=\"Est. tempo de leitura\" \/>\n\t<meta name=\"twitter:data2\" content=\"2 minutos\" \/>\n<script type=\"application\/ld+json\" class=\"yoast-schema-graph\">{\"@context\":\"https:\/\/schema.org\",\"@graph\":[{\"@type\":\"Article\",\"@id\":\"https:\/\/www.notibras.com\/site\/novo-ministro-de-dilma-ja-foi-condenado-em-2a-instancia\/#article\",\"isPartOf\":{\"@id\":\"https:\/\/www.notibras.com\/site\/novo-ministro-de-dilma-ja-foi-condenado-em-2a-instancia\/\"},\"author\":{\"name\":\"Reda\u00e7\u00e3o\",\"@id\":\"https:\/\/www.notibras.com\/site\/#\/schema\/person\/00b8e1aa08f9ef6563e878c5159d01cf\"},\"headline\":\"Novo ministro de Dilma j\u00e1 foi condenado em 2\u00aa inst\u00e2ncia\",\"datePublished\":\"2015-01-08T13:12:13+00:00\",\"dateModified\":\"2015-01-08T18:57:50+00:00\",\"mainEntityOfPage\":{\"@id\":\"https:\/\/www.notibras.com\/site\/novo-ministro-de-dilma-ja-foi-condenado-em-2a-instancia\/\"},\"wordCount\":316,\"commentCount\":0,\"publisher\":{\"@id\":\"https:\/\/www.notibras.com\/site\/#organization\"},\"image\":{\"@id\":\"https:\/\/www.notibras.com\/site\/novo-ministro-de-dilma-ja-foi-condenado-em-2a-instancia\/#primaryimage\"},\"thumbnailUrl\":\"https:\/\/www.notibras.com\/site\/wp-content\/uploads\/2015\/01\/Sem-t\u00edtulo-131.jpg\",\"articleSection\":[\"Brasil\"],\"inLanguage\":\"pt-BR\",\"potentialAction\":[{\"@type\":\"CommentAction\",\"name\":\"Comment\",\"target\":[\"https:\/\/www.notibras.com\/site\/novo-ministro-de-dilma-ja-foi-condenado-em-2a-instancia\/#respond\"]}]},{\"@type\":\"WebPage\",\"@id\":\"https:\/\/www.notibras.com\/site\/novo-ministro-de-dilma-ja-foi-condenado-em-2a-instancia\/\",\"url\":\"https:\/\/www.notibras.com\/site\/novo-ministro-de-dilma-ja-foi-condenado-em-2a-instancia\/\",\"name\":\"Novo ministro de Dilma j\u00e1 foi condenado em 2\u00aa inst\u00e2ncia - Notibras\",\"isPartOf\":{\"@id\":\"https:\/\/www.notibras.com\/site\/#website\"},\"primaryImageOfPage\":{\"@id\":\"https:\/\/www.notibras.com\/site\/novo-ministro-de-dilma-ja-foi-condenado-em-2a-instancia\/#primaryimage\"},\"image\":{\"@id\":\"https:\/\/www.notibras.com\/site\/novo-ministro-de-dilma-ja-foi-condenado-em-2a-instancia\/#primaryimage\"},\"thumbnailUrl\":\"https:\/\/www.notibras.com\/site\/wp-content\/uploads\/2015\/01\/Sem-t\u00edtulo-131.jpg\",\"datePublished\":\"2015-01-08T13:12:13+00:00\",\"dateModified\":\"2015-01-08T18:57:50+00:00\",\"breadcrumb\":{\"@id\":\"https:\/\/www.notibras.com\/site\/novo-ministro-de-dilma-ja-foi-condenado-em-2a-instancia\/#breadcrumb\"},\"inLanguage\":\"pt-BR\",\"potentialAction\":[{\"@type\":\"ReadAction\",\"target\":[\"https:\/\/www.notibras.com\/site\/novo-ministro-de-dilma-ja-foi-condenado-em-2a-instancia\/\"]}]},{\"@type\":\"ImageObject\",\"inLanguage\":\"pt-BR\",\"@id\":\"https:\/\/www.notibras.com\/site\/novo-ministro-de-dilma-ja-foi-condenado-em-2a-instancia\/#primaryimage\",\"url\":\"https:\/\/www.notibras.com\/site\/wp-content\/uploads\/2015\/01\/Sem-t\u00edtulo-131.jpg\",\"contentUrl\":\"https:\/\/www.notibras.com\/site\/wp-content\/uploads\/2015\/01\/Sem-t\u00edtulo-131.jpg\",\"width\":350,\"height\":228},{\"@type\":\"BreadcrumbList\",\"@id\":\"https:\/\/www.notibras.com\/site\/novo-ministro-de-dilma-ja-foi-condenado-em-2a-instancia\/#breadcrumb\",\"itemListElement\":[{\"@type\":\"ListItem\",\"position\":1,\"name\":\"In\u00edcio\",\"item\":\"https:\/\/www.notibras.com\/site\/\"},{\"@type\":\"ListItem\",\"position\":2,\"name\":\"Novo ministro de Dilma j\u00e1 foi condenado em 2\u00aa inst\u00e2ncia\"}]},{\"@type\":\"WebSite\",\"@id\":\"https:\/\/www.notibras.com\/site\/#website\",\"url\":\"https:\/\/www.notibras.com\/site\/\",\"name\":\"Notibras\",\"description\":\"Not\u00edcias de Bras\u00edlia, do Brasil e do Mundo\",\"publisher\":{\"@id\":\"https:\/\/www.notibras.com\/site\/#organization\"},\"potentialAction\":[{\"@type\":\"SearchAction\",\"target\":{\"@type\":\"EntryPoint\",\"urlTemplate\":\"https:\/\/www.notibras.com\/site\/?s={search_term_string}\"},\"query-input\":{\"@type\":\"PropertyValueSpecification\",\"valueRequired\":true,\"valueName\":\"search_term_string\"}}],\"inLanguage\":\"pt-BR\"},{\"@type\":\"Organization\",\"@id\":\"https:\/\/www.notibras.com\/site\/#organization\",\"name\":\"Grupo Notibras de Comunica\u00e7\u00e3o\",\"url\":\"https:\/\/www.notibras.com\/site\/\",\"logo\":{\"@type\":\"ImageObject\",\"inLanguage\":\"pt-BR\",\"@id\":\"https:\/\/www.notibras.com\/site\/#\/schema\/logo\/image\/\",\"url\":\"https:\/\/www.notibras.com\/site\/wp-content\/uploads\/2023\/01\/notibras23.png\",\"contentUrl\":\"https:\/\/www.notibras.com\/site\/wp-content\/uploads\/2023\/01\/notibras23.png\",\"width\":350,\"height\":87,\"caption\":\"Grupo Notibras de Comunica\u00e7\u00e3o\"},\"image\":{\"@id\":\"https:\/\/www.notibras.com\/site\/#\/schema\/logo\/image\/\"},\"sameAs\":[\"https:\/\/www.facebook.com\/notibras\/\",\"https:\/\/x.com\/Notibras\",\"https:\/\/www.instagram.com\/notibras\/\"]},{\"@type\":\"Person\",\"@id\":\"https:\/\/www.notibras.com\/site\/#\/schema\/person\/00b8e1aa08f9ef6563e878c5159d01cf\",\"name\":\"Reda\u00e7\u00e3o\",\"image\":{\"@type\":\"ImageObject\",\"inLanguage\":\"pt-BR\",\"@id\":\"https:\/\/secure.gravatar.com\/avatar\/ac5a707d5b47784a5ed426c6e213e201423c750890f64e4c379114dade67dfb9?s=96&d=mm&r=g\",\"url\":\"https:\/\/secure.gravatar.com\/avatar\/ac5a707d5b47784a5ed426c6e213e201423c750890f64e4c379114dade67dfb9?s=96&d=mm&r=g\",\"contentUrl\":\"https:\/\/secure.gravatar.com\/avatar\/ac5a707d5b47784a5ed426c6e213e201423c750890f64e4c379114dade67dfb9?s=96&d=mm&r=g\",\"caption\":\"Reda\u00e7\u00e3o\"}}]}<\/script>\n<!-- \/ Yoast SEO plugin. -->","yoast_head_json":{"title":"Novo ministro de Dilma j\u00e1 foi condenado em 2\u00aa inst\u00e2ncia - Notibras","robots":{"index":"index","follow":"follow","max-snippet":"max-snippet:-1","max-image-preview":"max-image-preview:large","max-video-preview":"max-video-preview:-1"},"canonical":"https:\/\/www.notibras.com\/site\/novo-ministro-de-dilma-ja-foi-condenado-em-2a-instancia\/","og_locale":"pt_BR","og_type":"article","og_title":"Novo ministro de Dilma j\u00e1 foi condenado em 2\u00aa inst\u00e2ncia - Notibras","og_description":"O novo ministro da Secretaria de Portos, Edinho Ara\u00fajo (PMDB), possui em sua ficha uma condena\u00e7\u00e3o em segunda inst\u00e2ncia por improbidade administrativa, segundo informou o jornal Folha de S. Paulo. Nome indicado pelo vice-presidente, Michel Temer (PMDB), Ara\u00fajo tamb\u00e9m j\u00e1 foi punido pelo Tribunal de Contas do Estado de S\u00e3o Paulo (TCE-SP) por dispensa de [&hellip;]","og_url":"https:\/\/www.notibras.com\/site\/novo-ministro-de-dilma-ja-foi-condenado-em-2a-instancia\/","og_site_name":"Notibras","article_publisher":"https:\/\/www.facebook.com\/notibras\/","article_published_time":"2015-01-08T13:12:13+00:00","article_modified_time":"2015-01-08T18:57:50+00:00","og_image":[{"width":350,"height":228,"url":"https:\/\/www.notibras.com\/site\/wp-content\/uploads\/2015\/01\/Sem-t\u00edtulo-131.jpg","type":"image\/jpeg"}],"author":"Reda\u00e7\u00e3o","twitter_card":"summary_large_image","twitter_creator":"@Notibras","twitter_site":"@Notibras","twitter_misc":{"Escrito por":"Reda\u00e7\u00e3o","Est. tempo de leitura":"2 minutos"},"schema":{"@context":"https:\/\/schema.org","@graph":[{"@type":"Article","@id":"https:\/\/www.notibras.com\/site\/novo-ministro-de-dilma-ja-foi-condenado-em-2a-instancia\/#article","isPartOf":{"@id":"https:\/\/www.notibras.com\/site\/novo-ministro-de-dilma-ja-foi-condenado-em-2a-instancia\/"},"author":{"name":"Reda\u00e7\u00e3o","@id":"https:\/\/www.notibras.com\/site\/#\/schema\/person\/00b8e1aa08f9ef6563e878c5159d01cf"},"headline":"Novo ministro de Dilma j\u00e1 foi condenado em 2\u00aa inst\u00e2ncia","datePublished":"2015-01-08T13:12:13+00:00","dateModified":"2015-01-08T18:57:50+00:00","mainEntityOfPage":{"@id":"https:\/\/www.notibras.com\/site\/novo-ministro-de-dilma-ja-foi-condenado-em-2a-instancia\/"},"wordCount":316,"commentCount":0,"publisher":{"@id":"https:\/\/www.notibras.com\/site\/#organization"},"image":{"@id":"https:\/\/www.notibras.com\/site\/novo-ministro-de-dilma-ja-foi-condenado-em-2a-instancia\/#primaryimage"},"thumbnailUrl":"https:\/\/www.notibras.com\/site\/wp-content\/uploads\/2015\/01\/Sem-t\u00edtulo-131.jpg","articleSection":["Brasil"],"inLanguage":"pt-BR","potentialAction":[{"@type":"CommentAction","name":"Comment","target":["https:\/\/www.notibras.com\/site\/novo-ministro-de-dilma-ja-foi-condenado-em-2a-instancia\/#respond"]}]},{"@type":"WebPage","@id":"https:\/\/www.notibras.com\/site\/novo-ministro-de-dilma-ja-foi-condenado-em-2a-instancia\/","url":"https:\/\/www.notibras.com\/site\/novo-ministro-de-dilma-ja-foi-condenado-em-2a-instancia\/","name":"Novo ministro de Dilma j\u00e1 foi condenado em 2\u00aa inst\u00e2ncia - Notibras","isPartOf":{"@id":"https:\/\/www.notibras.com\/site\/#website"},"primaryImageOfPage":{"@id":"https:\/\/www.notibras.com\/site\/novo-ministro-de-dilma-ja-foi-condenado-em-2a-instancia\/#primaryimage"},"image":{"@id":"https:\/\/www.notibras.com\/site\/novo-ministro-de-dilma-ja-foi-condenado-em-2a-instancia\/#primaryimage"},"thumbnailUrl":"https:\/\/www.notibras.com\/site\/wp-content\/uploads\/2015\/01\/Sem-t\u00edtulo-131.jpg","datePublished":"2015-01-08T13:12:13+00:00","dateModified":"2015-01-08T18:57:50+00:00","breadcrumb":{"@id":"https:\/\/www.notibras.com\/site\/novo-ministro-de-dilma-ja-foi-condenado-em-2a-instancia\/#breadcrumb"},"inLanguage":"pt-BR","potentialAction":[{"@type":"ReadAction","target":["https:\/\/www.notibras.com\/site\/novo-ministro-de-dilma-ja-foi-condenado-em-2a-instancia\/"]}]},{"@type":"ImageObject","inLanguage":"pt-BR","@id":"https:\/\/www.notibras.com\/site\/novo-ministro-de-dilma-ja-foi-condenado-em-2a-instancia\/#primaryimage","url":"https:\/\/www.notibras.com\/site\/wp-content\/uploads\/2015\/01\/Sem-t\u00edtulo-131.jpg","contentUrl":"https:\/\/www.notibras.com\/site\/wp-content\/uploads\/2015\/01\/Sem-t\u00edtulo-131.jpg","width":350,"height":228},{"@type":"BreadcrumbList","@id":"https:\/\/www.notibras.com\/site\/novo-ministro-de-dilma-ja-foi-condenado-em-2a-instancia\/#breadcrumb","itemListElement":[{"@type":"ListItem","position":1,"name":"In\u00edcio","item":"https:\/\/www.notibras.com\/site\/"},{"@type":"ListItem","position":2,"name":"Novo ministro de Dilma j\u00e1 foi condenado em 2\u00aa inst\u00e2ncia"}]},{"@type":"WebSite","@id":"https:\/\/www.notibras.com\/site\/#website","url":"https:\/\/www.notibras.com\/site\/","name":"Notibras","description":"Not\u00edcias de Bras\u00edlia, do Brasil e do Mundo","publisher":{"@id":"https:\/\/www.notibras.com\/site\/#organization"},"potentialAction":[{"@type":"SearchAction","target":{"@type":"EntryPoint","urlTemplate":"https:\/\/www.notibras.com\/site\/?s={search_term_string}"},"query-input":{"@type":"PropertyValueSpecification","valueRequired":true,"valueName":"search_term_string"}}],"inLanguage":"pt-BR"},{"@type":"Organization","@id":"https:\/\/www.notibras.com\/site\/#organization","name":"Grupo Notibras de Comunica\u00e7\u00e3o","url":"https:\/\/www.notibras.com\/site\/","logo":{"@type":"ImageObject","inLanguage":"pt-BR","@id":"https:\/\/www.notibras.com\/site\/#\/schema\/logo\/image\/","url":"https:\/\/www.notibras.com\/site\/wp-content\/uploads\/2023\/01\/notibras23.png","contentUrl":"https:\/\/www.notibras.com\/site\/wp-content\/uploads\/2023\/01\/notibras23.png","width":350,"height":87,"caption":"Grupo Notibras de Comunica\u00e7\u00e3o"},"image":{"@id":"https:\/\/www.notibras.com\/site\/#\/schema\/logo\/image\/"},"sameAs":["https:\/\/www.facebook.com\/notibras\/","https:\/\/x.com\/Notibras","https:\/\/www.instagram.com\/notibras\/"]},{"@type":"Person","@id":"https:\/\/www.notibras.com\/site\/#\/schema\/person\/00b8e1aa08f9ef6563e878c5159d01cf","name":"Reda\u00e7\u00e3o","image":{"@type":"ImageObject","inLanguage":"pt-BR","@id":"https:\/\/secure.gravatar.com\/avatar\/ac5a707d5b47784a5ed426c6e213e201423c750890f64e4c379114dade67dfb9?s=96&d=mm&r=g","url":"https:\/\/secure.gravatar.com\/avatar\/ac5a707d5b47784a5ed426c6e213e201423c750890f64e4c379114dade67dfb9?s=96&d=mm&r=g","contentUrl":"https:\/\/secure.gravatar.com\/avatar\/ac5a707d5b47784a5ed426c6e213e201423c750890f64e4c379114dade67dfb9?s=96&d=mm&r=g","caption":"Reda\u00e7\u00e3o"}}]}},"amp_enabled":true,"_links":{"self":[{"href":"https:\/\/www.notibras.com\/site\/wp-json\/wp\/v2\/posts\/33359","targetHints":{"allow":["GET"]}}],"collection":[{"href":"https:\/\/www.notibras.com\/site\/wp-json\/wp\/v2\/posts"}],"about":[{"href":"https:\/\/www.notibras.com\/site\/wp-json\/wp\/v2\/types\/post"}],"author":[{"embeddable":true,"href":"https:\/\/www.notibras.com\/site\/wp-json\/wp\/v2\/users\/1"}],"replies":[{"embeddable":true,"href":"https:\/\/www.notibras.com\/site\/wp-json\/wp\/v2\/comments?post=33359"}],"version-history":[{"count":0,"href":"https:\/\/www.notibras.com\/site\/wp-json\/wp\/v2\/posts\/33359\/revisions"}],"wp:featuredmedia":[{"embeddable":true,"href":"https:\/\/www.notibras.com\/site\/wp-json\/wp\/v2\/media\/33360"}],"wp:attachment":[{"href":"https:\/\/www.notibras.com\/site\/wp-json\/wp\/v2\/media?parent=33359"}],"wp:term":[{"taxonomy":"category","embeddable":true,"href":"https:\/\/www.notibras.com\/site\/wp-json\/wp\/v2\/categories?post=33359"},{"taxonomy":"post_tag","embeddable":true,"href":"https:\/\/www.notibras.com\/site\/wp-json\/wp\/v2\/tags?post=33359"}],"curies":[{"name":"wp","href":"https:\/\/api.w.org\/{rel}","templated":true}]}}