{"id":3336,"date":"2014-03-03T11:00:44","date_gmt":"2014-03-03T14:00:44","guid":{"rendered":"http:\/\/www.notibras.com\/site\/?p=3336"},"modified":"2014-03-03T11:00:44","modified_gmt":"2014-03-03T14:00:44","slug":"a-acao-dos-americanos-a-queda-de-uns-a-ameaca-a-outros","status":"publish","type":"post","link":"https:\/\/www.notibras.com\/site\/a-acao-dos-americanos-a-queda-de-uns-a-ameaca-a-outros\/","title":{"rendered":"A a\u00e7\u00e3o dos americanos, a queda de uns, a amea\u00e7a a outros"},"content":{"rendered":"<p>O polit\u00f3logo residente na Alemanha Luiz Alberto Moniz Bandeira, autor do livro A Segunda Guerra Fria, analisou nesta entrevista com o embaixador Samuel Pinheiro Guimar\u00e3es e os jornalistas Beto Almeida e FC Leite Filho,\u00a0 da TV Cidade Livre de Bras\u00edlia e do blog cafenapolitica.com.br, os acontecimentos recentes na Ucr\u00e2nia, que afastaram o presidente Viktor Ianukovitch, e na Venezuela. que, mais uma vez fracassaram na tentativa de derrocar o regime bolivariano, implantado pelo falecido presidente Hugo Ch\u00e1vez.<\/p>\n<p>Moniz explica didaticamente que esses movimentos s\u00e3o produto do m\u00e9todo do professor norte-americano Gene Sharp, autor do manual From Democracy to Dictartoship, que a\u00e7ulam as massas contra os governos progressistas, atrav\u00e9s de a\u00e7\u00f5es de rua e de opini\u00e3o, tendo a m\u00eddia como principal arauto, com o pretexto da defesa de direitos fundamentais e como objetivo manter a hegemonia dos Estados Unidos sobre o mundo.<\/p>\n<p>Essas a\u00e7\u00f5es, segundo o cientista pol\u00eetico brasileiro, se traduziram na invas\u00e3o pura e simples das tropas da OTAN, alian\u00e7a militar dos Estados Unidos com a Uni\u00e3o Europeia,\u00a0 como no Iraque, Afeganist\u00e3o e na L\u00edbia, e quando n\u00e3o podem, provocam a deposi\u00e7\u00e3o de presidentes, como agora ocorreu na Ucr\u00e2nia, cujo presidente n\u00e3o renunciou e tenta resistir na pen\u00ednsula da Crimeia, de popula\u00e7\u00e3o de origem majoritariamente russa. A t\u00edtulo de exemplo, ele disse que se Nicol\u00e1s Maduro, da Venezuela, tivesse ca\u00eddo, as press\u00f5es logo viriam sobre a Argentina e, em seguida, o Brasil.<\/p>\n<p>&#8211; O Brasil precisa ter cuidado \u2013 enfatizou Moniz Bandeira \u2013 porque essas manifesta\u00e7\u00f5es dos chamados black blocs podem estar sendo instrumentalizadas por determinados interesses internacionais de ONGs e ag\u00eancias americanas como a NED (National Endowement for Democracy), USAID, e outras ag\u00eancias estatais e funda\u00e7\u00f5es privadas.<\/p>\n<p>J\u00e1 o embaixador Samuel Pinheiro Guimar\u00e3es, ex-secret\u00e1rio-geral do Itamaraty e alto comissariado do Mercosul, alertou para o acordo de livre com\u00e9rcio desta \u00faltima entidade com a Uni\u00e3o Europeia, o qual, no seu entendimento, significar\u00e1 o fim do mercado comum que une Brasil, Argentina, Paraguai, Uruguai e Venezuela, pois implicar\u00e1 no fim da uni\u00e3o aduaneira de que desfrutam nossas empresas contra as megaempresas europeias. Estas, no seu entender, poder\u00e3o at\u00e9 fechar suas filiais por aqui. Depois deste acordo com a Europa, acredita Samuel, vir\u00e3o inevitavelmente outros TLCs com os Estados Unidos e com a China, inibindo todo o esfor\u00e7o brasileiro de promo\u00e7\u00e3o social e de inser\u00e7\u00e3o no mercado internacional.<\/p>\n<p>Na sua an\u00e1lise, Moniz Bandeira ainda explica que os Estados Unidos tentam seu dom\u00ednio sobre o Brasil desde 1889, lembrando frase atribu\u00edda ao Visconde de Ouro Preto, \u00faltimo chefe do governo do imp\u00e9rio, quando disse que os americanos estavam por tr\u00e1s da proclama\u00e7\u00e3o da Rep\u00fablica.<\/p>\n<p><strong>cafenapolitica.com.br<\/strong><\/p>\n","protected":false},"excerpt":{"rendered":"<p>O polit\u00f3logo residente na Alemanha Luiz Alberto Moniz Bandeira, autor do livro A Segunda Guerra Fria, analisou nesta entrevista com o embaixador Samuel Pinheiro Guimar\u00e3es e os jornalistas Beto Almeida e FC Leite Filho,\u00a0 da TV Cidade Livre de Bras\u00edlia e do blog cafenapolitica.com.br, os acontecimentos recentes na Ucr\u00e2nia, que afastaram o presidente Viktor Ianukovitch, [&hellip;]<\/p>\n","protected":false},"author":2,"featured_media":3337,"comment_status":"open","ping_status":"closed","sticky":false,"template":"","format":"standard","meta":{"_acf_changed":false,"footnotes":""},"categories":[25],"tags":[],"class_list":["post-3336","post","type-post","status-publish","format-standard","has-post-thumbnail","hentry","category-opina-ai"],"acf":[],"yoast_head":"<!-- This site is optimized with the Yoast SEO plugin v27.5 - https:\/\/yoast.com\/product\/yoast-seo-wordpress\/ -->\n<title>A a\u00e7\u00e3o dos americanos, a queda de uns, a amea\u00e7a a outros - Notibras<\/title>\n<meta name=\"robots\" content=\"index, follow, max-snippet:-1, max-image-preview:large, max-video-preview:-1\" \/>\n<link rel=\"canonical\" href=\"https:\/\/www.notibras.com\/site\/a-acao-dos-americanos-a-queda-de-uns-a-ameaca-a-outros\/\" \/>\n<meta property=\"og:locale\" content=\"pt_BR\" \/>\n<meta property=\"og:type\" content=\"article\" \/>\n<meta property=\"og:title\" content=\"A a\u00e7\u00e3o dos americanos, a queda de uns, a amea\u00e7a a outros - Notibras\" \/>\n<meta property=\"og:description\" content=\"O polit\u00f3logo residente na Alemanha Luiz Alberto Moniz Bandeira, autor do livro A Segunda Guerra Fria, analisou nesta entrevista com o embaixador Samuel Pinheiro Guimar\u00e3es e os jornalistas Beto Almeida e FC Leite Filho,\u00a0 da TV Cidade Livre de Bras\u00edlia e do blog cafenapolitica.com.br, os acontecimentos recentes na Ucr\u00e2nia, que afastaram o presidente Viktor Ianukovitch, [&hellip;]\" \/>\n<meta property=\"og:url\" content=\"https:\/\/www.notibras.com\/site\/a-acao-dos-americanos-a-queda-de-uns-a-ameaca-a-outros\/\" \/>\n<meta property=\"og:site_name\" content=\"Notibras\" \/>\n<meta property=\"article:publisher\" content=\"https:\/\/www.facebook.com\/notibras\/\" \/>\n<meta property=\"article:published_time\" content=\"2014-03-03T14:00:44+00:00\" \/>\n<meta property=\"og:image\" content=\"https:\/\/www.notibras.com\/site\/wp-content\/uploads\/2014\/03\/opi.jpg\" \/>\n\t<meta property=\"og:image:width\" content=\"400\" \/>\n\t<meta property=\"og:image:height\" content=\"315\" \/>\n\t<meta property=\"og:image:type\" content=\"image\/jpeg\" \/>\n<meta name=\"author\" content=\"Reda\u00e7\u00e3o\" \/>\n<meta name=\"twitter:card\" content=\"summary_large_image\" \/>\n<meta name=\"twitter:creator\" content=\"@Notibras\" \/>\n<meta name=\"twitter:site\" content=\"@Notibras\" \/>\n<meta name=\"twitter:label1\" content=\"Escrito por\" \/>\n\t<meta name=\"twitter:data1\" content=\"Reda\u00e7\u00e3o\" \/>\n\t<meta name=\"twitter:label2\" content=\"Est. tempo de leitura\" \/>\n\t<meta name=\"twitter:data2\" content=\"2 minutos\" \/>\n<script type=\"application\/ld+json\" class=\"yoast-schema-graph\">{\"@context\":\"https:\\\/\\\/schema.org\",\"@graph\":[{\"@type\":\"Article\",\"@id\":\"https:\\\/\\\/www.notibras.com\\\/site\\\/a-acao-dos-americanos-a-queda-de-uns-a-ameaca-a-outros\\\/#article\",\"isPartOf\":{\"@id\":\"https:\\\/\\\/www.notibras.com\\\/site\\\/a-acao-dos-americanos-a-queda-de-uns-a-ameaca-a-outros\\\/\"},\"author\":{\"name\":\"Reda\u00e7\u00e3o\",\"@id\":\"https:\\\/\\\/www.notibras.com\\\/site\\\/#\\\/schema\\\/person\\\/36ab0979449956132d3e5b517ea76ac8\"},\"headline\":\"A a\u00e7\u00e3o dos americanos, a queda de uns, a amea\u00e7a a outros\",\"datePublished\":\"2014-03-03T14:00:44+00:00\",\"mainEntityOfPage\":{\"@id\":\"https:\\\/\\\/www.notibras.com\\\/site\\\/a-acao-dos-americanos-a-queda-de-uns-a-ameaca-a-outros\\\/\"},\"wordCount\":496,\"commentCount\":0,\"publisher\":{\"@id\":\"https:\\\/\\\/www.notibras.com\\\/site\\\/#organization\"},\"image\":{\"@id\":\"https:\\\/\\\/www.notibras.com\\\/site\\\/a-acao-dos-americanos-a-queda-de-uns-a-ameaca-a-outros\\\/#primaryimage\"},\"thumbnailUrl\":\"https:\\\/\\\/www.notibras.com\\\/site\\\/wp-content\\\/uploads\\\/2014\\\/03\\\/opi.jpg\",\"articleSection\":[\"Opina a\u00ed\"],\"inLanguage\":\"pt-BR\",\"potentialAction\":[{\"@type\":\"CommentAction\",\"name\":\"Comment\",\"target\":[\"https:\\\/\\\/www.notibras.com\\\/site\\\/a-acao-dos-americanos-a-queda-de-uns-a-ameaca-a-outros\\\/#respond\"]}]},{\"@type\":\"WebPage\",\"@id\":\"https:\\\/\\\/www.notibras.com\\\/site\\\/a-acao-dos-americanos-a-queda-de-uns-a-ameaca-a-outros\\\/\",\"url\":\"https:\\\/\\\/www.notibras.com\\\/site\\\/a-acao-dos-americanos-a-queda-de-uns-a-ameaca-a-outros\\\/\",\"name\":\"A a\u00e7\u00e3o dos americanos, a queda de uns, a amea\u00e7a a outros - Notibras\",\"isPartOf\":{\"@id\":\"https:\\\/\\\/www.notibras.com\\\/site\\\/#website\"},\"primaryImageOfPage\":{\"@id\":\"https:\\\/\\\/www.notibras.com\\\/site\\\/a-acao-dos-americanos-a-queda-de-uns-a-ameaca-a-outros\\\/#primaryimage\"},\"image\":{\"@id\":\"https:\\\/\\\/www.notibras.com\\\/site\\\/a-acao-dos-americanos-a-queda-de-uns-a-ameaca-a-outros\\\/#primaryimage\"},\"thumbnailUrl\":\"https:\\\/\\\/www.notibras.com\\\/site\\\/wp-content\\\/uploads\\\/2014\\\/03\\\/opi.jpg\",\"datePublished\":\"2014-03-03T14:00:44+00:00\",\"breadcrumb\":{\"@id\":\"https:\\\/\\\/www.notibras.com\\\/site\\\/a-acao-dos-americanos-a-queda-de-uns-a-ameaca-a-outros\\\/#breadcrumb\"},\"inLanguage\":\"pt-BR\",\"potentialAction\":[{\"@type\":\"ReadAction\",\"target\":[\"https:\\\/\\\/www.notibras.com\\\/site\\\/a-acao-dos-americanos-a-queda-de-uns-a-ameaca-a-outros\\\/\"]}]},{\"@type\":\"ImageObject\",\"inLanguage\":\"pt-BR\",\"@id\":\"https:\\\/\\\/www.notibras.com\\\/site\\\/a-acao-dos-americanos-a-queda-de-uns-a-ameaca-a-outros\\\/#primaryimage\",\"url\":\"https:\\\/\\\/www.notibras.com\\\/site\\\/wp-content\\\/uploads\\\/2014\\\/03\\\/opi.jpg\",\"contentUrl\":\"https:\\\/\\\/www.notibras.com\\\/site\\\/wp-content\\\/uploads\\\/2014\\\/03\\\/opi.jpg\",\"width\":400,\"height\":315},{\"@type\":\"BreadcrumbList\",\"@id\":\"https:\\\/\\\/www.notibras.com\\\/site\\\/a-acao-dos-americanos-a-queda-de-uns-a-ameaca-a-outros\\\/#breadcrumb\",\"itemListElement\":[{\"@type\":\"ListItem\",\"position\":1,\"name\":\"In\u00edcio\",\"item\":\"https:\\\/\\\/www.notibras.com\\\/site\\\/\"},{\"@type\":\"ListItem\",\"position\":2,\"name\":\"A a\u00e7\u00e3o dos americanos, a queda de uns, a amea\u00e7a a outros\"}]},{\"@type\":\"WebSite\",\"@id\":\"https:\\\/\\\/www.notibras.com\\\/site\\\/#website\",\"url\":\"https:\\\/\\\/www.notibras.com\\\/site\\\/\",\"name\":\"Notibras\",\"description\":\"Not\u00edcias de Bras\u00edlia, do Brasil e do Mundo\",\"publisher\":{\"@id\":\"https:\\\/\\\/www.notibras.com\\\/site\\\/#organization\"},\"potentialAction\":[{\"@type\":\"SearchAction\",\"target\":{\"@type\":\"EntryPoint\",\"urlTemplate\":\"https:\\\/\\\/www.notibras.com\\\/site\\\/?s={search_term_string}\"},\"query-input\":{\"@type\":\"PropertyValueSpecification\",\"valueRequired\":true,\"valueName\":\"search_term_string\"}}],\"inLanguage\":\"pt-BR\"},{\"@type\":\"Organization\",\"@id\":\"https:\\\/\\\/www.notibras.com\\\/site\\\/#organization\",\"name\":\"Grupo Notibras de Comunica\u00e7\u00e3o\",\"url\":\"https:\\\/\\\/www.notibras.com\\\/site\\\/\",\"logo\":{\"@type\":\"ImageObject\",\"inLanguage\":\"pt-BR\",\"@id\":\"https:\\\/\\\/www.notibras.com\\\/site\\\/#\\\/schema\\\/logo\\\/image\\\/\",\"url\":\"https:\\\/\\\/www.notibras.com\\\/site\\\/wp-content\\\/uploads\\\/2023\\\/01\\\/notibras23.png\",\"contentUrl\":\"https:\\\/\\\/www.notibras.com\\\/site\\\/wp-content\\\/uploads\\\/2023\\\/01\\\/notibras23.png\",\"width\":350,\"height\":87,\"caption\":\"Grupo Notibras de Comunica\u00e7\u00e3o\"},\"image\":{\"@id\":\"https:\\\/\\\/www.notibras.com\\\/site\\\/#\\\/schema\\\/logo\\\/image\\\/\"},\"sameAs\":[\"https:\\\/\\\/www.facebook.com\\\/notibras\\\/\",\"https:\\\/\\\/x.com\\\/Notibras\",\"https:\\\/\\\/www.instagram.com\\\/notibras\\\/\"]},{\"@type\":\"Person\",\"@id\":\"https:\\\/\\\/www.notibras.com\\\/site\\\/#\\\/schema\\\/person\\\/36ab0979449956132d3e5b517ea76ac8\",\"name\":\"Reda\u00e7\u00e3o\",\"image\":{\"@type\":\"ImageObject\",\"inLanguage\":\"pt-BR\",\"@id\":\"https:\\\/\\\/secure.gravatar.com\\\/avatar\\\/e0a867bdedb85fd243eadf09663511f96fc81e0720a4a42581f334ad4303aa6b?s=96&d=mm&r=g\",\"url\":\"https:\\\/\\\/secure.gravatar.com\\\/avatar\\\/e0a867bdedb85fd243eadf09663511f96fc81e0720a4a42581f334ad4303aa6b?s=96&d=mm&r=g\",\"contentUrl\":\"https:\\\/\\\/secure.gravatar.com\\\/avatar\\\/e0a867bdedb85fd243eadf09663511f96fc81e0720a4a42581f334ad4303aa6b?s=96&d=mm&r=g\",\"caption\":\"Reda\u00e7\u00e3o\"}}]}<\/script>\n<!-- \/ Yoast SEO plugin. -->","yoast_head_json":{"title":"A a\u00e7\u00e3o dos americanos, a queda de uns, a amea\u00e7a a outros - Notibras","robots":{"index":"index","follow":"follow","max-snippet":"max-snippet:-1","max-image-preview":"max-image-preview:large","max-video-preview":"max-video-preview:-1"},"canonical":"https:\/\/www.notibras.com\/site\/a-acao-dos-americanos-a-queda-de-uns-a-ameaca-a-outros\/","og_locale":"pt_BR","og_type":"article","og_title":"A a\u00e7\u00e3o dos americanos, a queda de uns, a amea\u00e7a a outros - Notibras","og_description":"O polit\u00f3logo residente na Alemanha Luiz Alberto Moniz Bandeira, autor do livro A Segunda Guerra Fria, analisou nesta entrevista com o embaixador Samuel Pinheiro Guimar\u00e3es e os jornalistas Beto Almeida e FC Leite Filho,\u00a0 da TV Cidade Livre de Bras\u00edlia e do blog cafenapolitica.com.br, os acontecimentos recentes na Ucr\u00e2nia, que afastaram o presidente Viktor Ianukovitch, [&hellip;]","og_url":"https:\/\/www.notibras.com\/site\/a-acao-dos-americanos-a-queda-de-uns-a-ameaca-a-outros\/","og_site_name":"Notibras","article_publisher":"https:\/\/www.facebook.com\/notibras\/","article_published_time":"2014-03-03T14:00:44+00:00","og_image":[{"width":400,"height":315,"url":"https:\/\/www.notibras.com\/site\/wp-content\/uploads\/2014\/03\/opi.jpg","type":"image\/jpeg"}],"author":"Reda\u00e7\u00e3o","twitter_card":"summary_large_image","twitter_creator":"@Notibras","twitter_site":"@Notibras","twitter_misc":{"Escrito por":"Reda\u00e7\u00e3o","Est. tempo de leitura":"2 minutos"},"schema":{"@context":"https:\/\/schema.org","@graph":[{"@type":"Article","@id":"https:\/\/www.notibras.com\/site\/a-acao-dos-americanos-a-queda-de-uns-a-ameaca-a-outros\/#article","isPartOf":{"@id":"https:\/\/www.notibras.com\/site\/a-acao-dos-americanos-a-queda-de-uns-a-ameaca-a-outros\/"},"author":{"name":"Reda\u00e7\u00e3o","@id":"https:\/\/www.notibras.com\/site\/#\/schema\/person\/36ab0979449956132d3e5b517ea76ac8"},"headline":"A a\u00e7\u00e3o dos americanos, a queda de uns, a amea\u00e7a a outros","datePublished":"2014-03-03T14:00:44+00:00","mainEntityOfPage":{"@id":"https:\/\/www.notibras.com\/site\/a-acao-dos-americanos-a-queda-de-uns-a-ameaca-a-outros\/"},"wordCount":496,"commentCount":0,"publisher":{"@id":"https:\/\/www.notibras.com\/site\/#organization"},"image":{"@id":"https:\/\/www.notibras.com\/site\/a-acao-dos-americanos-a-queda-de-uns-a-ameaca-a-outros\/#primaryimage"},"thumbnailUrl":"https:\/\/www.notibras.com\/site\/wp-content\/uploads\/2014\/03\/opi.jpg","articleSection":["Opina a\u00ed"],"inLanguage":"pt-BR","potentialAction":[{"@type":"CommentAction","name":"Comment","target":["https:\/\/www.notibras.com\/site\/a-acao-dos-americanos-a-queda-de-uns-a-ameaca-a-outros\/#respond"]}]},{"@type":"WebPage","@id":"https:\/\/www.notibras.com\/site\/a-acao-dos-americanos-a-queda-de-uns-a-ameaca-a-outros\/","url":"https:\/\/www.notibras.com\/site\/a-acao-dos-americanos-a-queda-de-uns-a-ameaca-a-outros\/","name":"A a\u00e7\u00e3o dos americanos, a queda de uns, a amea\u00e7a a outros - Notibras","isPartOf":{"@id":"https:\/\/www.notibras.com\/site\/#website"},"primaryImageOfPage":{"@id":"https:\/\/www.notibras.com\/site\/a-acao-dos-americanos-a-queda-de-uns-a-ameaca-a-outros\/#primaryimage"},"image":{"@id":"https:\/\/www.notibras.com\/site\/a-acao-dos-americanos-a-queda-de-uns-a-ameaca-a-outros\/#primaryimage"},"thumbnailUrl":"https:\/\/www.notibras.com\/site\/wp-content\/uploads\/2014\/03\/opi.jpg","datePublished":"2014-03-03T14:00:44+00:00","breadcrumb":{"@id":"https:\/\/www.notibras.com\/site\/a-acao-dos-americanos-a-queda-de-uns-a-ameaca-a-outros\/#breadcrumb"},"inLanguage":"pt-BR","potentialAction":[{"@type":"ReadAction","target":["https:\/\/www.notibras.com\/site\/a-acao-dos-americanos-a-queda-de-uns-a-ameaca-a-outros\/"]}]},{"@type":"ImageObject","inLanguage":"pt-BR","@id":"https:\/\/www.notibras.com\/site\/a-acao-dos-americanos-a-queda-de-uns-a-ameaca-a-outros\/#primaryimage","url":"https:\/\/www.notibras.com\/site\/wp-content\/uploads\/2014\/03\/opi.jpg","contentUrl":"https:\/\/www.notibras.com\/site\/wp-content\/uploads\/2014\/03\/opi.jpg","width":400,"height":315},{"@type":"BreadcrumbList","@id":"https:\/\/www.notibras.com\/site\/a-acao-dos-americanos-a-queda-de-uns-a-ameaca-a-outros\/#breadcrumb","itemListElement":[{"@type":"ListItem","position":1,"name":"In\u00edcio","item":"https:\/\/www.notibras.com\/site\/"},{"@type":"ListItem","position":2,"name":"A a\u00e7\u00e3o dos americanos, a queda de uns, a amea\u00e7a a outros"}]},{"@type":"WebSite","@id":"https:\/\/www.notibras.com\/site\/#website","url":"https:\/\/www.notibras.com\/site\/","name":"Notibras","description":"Not\u00edcias de Bras\u00edlia, do Brasil e do Mundo","publisher":{"@id":"https:\/\/www.notibras.com\/site\/#organization"},"potentialAction":[{"@type":"SearchAction","target":{"@type":"EntryPoint","urlTemplate":"https:\/\/www.notibras.com\/site\/?s={search_term_string}"},"query-input":{"@type":"PropertyValueSpecification","valueRequired":true,"valueName":"search_term_string"}}],"inLanguage":"pt-BR"},{"@type":"Organization","@id":"https:\/\/www.notibras.com\/site\/#organization","name":"Grupo Notibras de Comunica\u00e7\u00e3o","url":"https:\/\/www.notibras.com\/site\/","logo":{"@type":"ImageObject","inLanguage":"pt-BR","@id":"https:\/\/www.notibras.com\/site\/#\/schema\/logo\/image\/","url":"https:\/\/www.notibras.com\/site\/wp-content\/uploads\/2023\/01\/notibras23.png","contentUrl":"https:\/\/www.notibras.com\/site\/wp-content\/uploads\/2023\/01\/notibras23.png","width":350,"height":87,"caption":"Grupo Notibras de Comunica\u00e7\u00e3o"},"image":{"@id":"https:\/\/www.notibras.com\/site\/#\/schema\/logo\/image\/"},"sameAs":["https:\/\/www.facebook.com\/notibras\/","https:\/\/x.com\/Notibras","https:\/\/www.instagram.com\/notibras\/"]},{"@type":"Person","@id":"https:\/\/www.notibras.com\/site\/#\/schema\/person\/36ab0979449956132d3e5b517ea76ac8","name":"Reda\u00e7\u00e3o","image":{"@type":"ImageObject","inLanguage":"pt-BR","@id":"https:\/\/secure.gravatar.com\/avatar\/e0a867bdedb85fd243eadf09663511f96fc81e0720a4a42581f334ad4303aa6b?s=96&d=mm&r=g","url":"https:\/\/secure.gravatar.com\/avatar\/e0a867bdedb85fd243eadf09663511f96fc81e0720a4a42581f334ad4303aa6b?s=96&d=mm&r=g","contentUrl":"https:\/\/secure.gravatar.com\/avatar\/e0a867bdedb85fd243eadf09663511f96fc81e0720a4a42581f334ad4303aa6b?s=96&d=mm&r=g","caption":"Reda\u00e7\u00e3o"}}]}},"amp_enabled":true,"_links":{"self":[{"href":"https:\/\/www.notibras.com\/site\/wp-json\/wp\/v2\/posts\/3336","targetHints":{"allow":["GET"]}}],"collection":[{"href":"https:\/\/www.notibras.com\/site\/wp-json\/wp\/v2\/posts"}],"about":[{"href":"https:\/\/www.notibras.com\/site\/wp-json\/wp\/v2\/types\/post"}],"author":[{"embeddable":true,"href":"https:\/\/www.notibras.com\/site\/wp-json\/wp\/v2\/users\/2"}],"replies":[{"embeddable":true,"href":"https:\/\/www.notibras.com\/site\/wp-json\/wp\/v2\/comments?post=3336"}],"version-history":[{"count":0,"href":"https:\/\/www.notibras.com\/site\/wp-json\/wp\/v2\/posts\/3336\/revisions"}],"wp:featuredmedia":[{"embeddable":true,"href":"https:\/\/www.notibras.com\/site\/wp-json\/wp\/v2\/media\/3337"}],"wp:attachment":[{"href":"https:\/\/www.notibras.com\/site\/wp-json\/wp\/v2\/media?parent=3336"}],"wp:term":[{"taxonomy":"category","embeddable":true,"href":"https:\/\/www.notibras.com\/site\/wp-json\/wp\/v2\/categories?post=3336"},{"taxonomy":"post_tag","embeddable":true,"href":"https:\/\/www.notibras.com\/site\/wp-json\/wp\/v2\/tags?post=3336"}],"curies":[{"name":"wp","href":"https:\/\/api.w.org\/{rel}","templated":true}]}}