{"id":333617,"date":"2024-07-31T14:30:30","date_gmt":"2024-07-31T17:30:30","guid":{"rendered":"https:\/\/www.notibras.com\/site\/?p=333617"},"modified":"2024-07-31T14:31:24","modified_gmt":"2024-07-31T17:31:24","slug":"sabado-e-dia-de-mpb-e-outros-estilos-no-terraco","status":"publish","type":"post","link":"https:\/\/www.notibras.com\/site\/sabado-e-dia-de-mpb-e-outros-estilos-no-terraco\/","title":{"rendered":"S\u00e1bado \u00e9 dia de MPB e outros estilos no Terra\u00e7o"},"content":{"rendered":"<p>O Terra\u00e7o Shopping traz todos os meses uma programa\u00e7\u00e3o cuidadosamente selecionada para o projeto S\u00e1bado Cultural. E o m\u00eas de agosto come\u00e7ar\u00e1 com a cantora Patr\u00edcia Medeiros, no dia 3, \u00e0s 19h30. Seu amor pela m\u00fasica \u00e9 de ber\u00e7o e sua carreira come\u00e7ou quando ainda era crian\u00e7a, em igrejas. Aos 19 anos, j\u00e1 cantava profissionalmente em bandas de baile e, desde ent\u00e3o, tem chamado aten\u00e7\u00e3o no cen\u00e1rio art\u00edstico por seu talento, bom gosto e carisma. No repert\u00f3rio da apresenta\u00e7\u00e3o, a cantora traz um bossa lounge, estilo que re\u00fane sucessos internacionais no ritmo brasileiro e com influ\u00eancia do jazz norte-americano, com can\u00e7\u00f5es de Michael Jackson, Madonna, Bob Marley, A-ha, Lady Gaga, Frank Sinatra, David Guetta, dentre outros.<\/p>\n<p>No s\u00e1bado seguinte (10), Stephen Ulrich, m\u00fasico baiano, traz para Bras\u00edlia seu show recheado de estilo. Apresentando vers\u00f5es e interpreta\u00e7\u00f5es de m\u00fasicas que variam entre jovem guarda, rock e pop rock, mesclando repert\u00f3rio cover com autoral, ele cantar\u00e1 Beatles, Sixpence None The Richer, Erasmo Carlos, Nando Reis, Oasis, Skank e muitos outros artistas e bandas.<\/p>\n<p>J\u00e1 no s\u00e1bado, 17 de agosto, ser\u00e1 a vez de Meolly subir ao palco do Terra\u00e7o. O fundador do bloco carnavalesco brasiliense Eduardo e M\u00f4nica traz em seu trabalho solo can\u00e7\u00f5es do cotidiano e m\u00fasicas de sua playlist. Dentre elas est\u00e3o cl\u00e1ssicos de artistas como F\u00e1bio Jr, Nando Reis, Skank, Frejat, Legi\u00e3o Urbana, Wando, Jota Quest, Tim Maia e at\u00e9 mesmo Chit\u00e3ozinho e Xoror\u00f3, al\u00e9m de grandes sucessos da atualidade.<\/p>\n<p>E encerrando o m\u00eas, no dia 24, ser\u00e1 a vez do Carlinhos Veiga Trio. Artista goiano erradicado em Bras\u00edlia h\u00e1 27 anos, Carlinhos tem seu trabalho musical marcado pela linguagem brasileira, com boas doses de regionalismo. No formato de trio, Carlinhos Veiga canta e toca viola e viol\u00e3o, Leo Barbosa fica na percuss\u00e3o e Diogo Agum toca baixo. O repert\u00f3rio inclui can\u00e7\u00f5es autorais, al\u00e9m de m\u00fasicas conhecidas da MPB.<\/p>\n<p><strong>Servi\u00e7o:<\/strong><br \/>\nS\u00e1bado Cultural<br \/>\nPra\u00e7a Central, \u00e0s 19h30<br \/>\n03\/08 \u2013 Patr\u00edcia Medeiros<br \/>\n10\/08 \u2013 Stephen Ulrich<br \/>\n17\/08 \u2013 Meolly<br \/>\n24\/08 \u2013 Carlinhos Veiga Trio<\/p>\n","protected":false},"excerpt":{"rendered":"<p>O Terra\u00e7o Shopping traz todos os meses uma programa\u00e7\u00e3o cuidadosamente selecionada para o projeto S\u00e1bado Cultural. E o m\u00eas de agosto come\u00e7ar\u00e1 com a cantora Patr\u00edcia Medeiros, no dia 3, \u00e0s 19h30. Seu amor pela m\u00fasica \u00e9 de ber\u00e7o e sua carreira come\u00e7ou quando ainda era crian\u00e7a, em igrejas. Aos 19 anos, j\u00e1 cantava profissionalmente [&hellip;]<\/p>\n","protected":false},"author":2,"featured_media":333618,"comment_status":"closed","ping_status":"closed","sticky":false,"template":"","format":"standard","meta":{"_acf_changed":false,"footnotes":""},"categories":[161],"tags":[],"class_list":["post-333617","post","type-post","status-publish","format-standard","has-post-thumbnail","hentry","category-quadradinho-em-foco"],"acf":[],"_links":{"self":[{"href":"https:\/\/www.notibras.com\/site\/wp-json\/wp\/v2\/posts\/333617","targetHints":{"allow":["GET"]}}],"collection":[{"href":"https:\/\/www.notibras.com\/site\/wp-json\/wp\/v2\/posts"}],"about":[{"href":"https:\/\/www.notibras.com\/site\/wp-json\/wp\/v2\/types\/post"}],"author":[{"embeddable":true,"href":"https:\/\/www.notibras.com\/site\/wp-json\/wp\/v2\/users\/2"}],"replies":[{"embeddable":true,"href":"https:\/\/www.notibras.com\/site\/wp-json\/wp\/v2\/comments?post=333617"}],"version-history":[{"count":2,"href":"https:\/\/www.notibras.com\/site\/wp-json\/wp\/v2\/posts\/333617\/revisions"}],"predecessor-version":[{"id":333620,"href":"https:\/\/www.notibras.com\/site\/wp-json\/wp\/v2\/posts\/333617\/revisions\/333620"}],"wp:featuredmedia":[{"embeddable":true,"href":"https:\/\/www.notibras.com\/site\/wp-json\/wp\/v2\/media\/333618"}],"wp:attachment":[{"href":"https:\/\/www.notibras.com\/site\/wp-json\/wp\/v2\/media?parent=333617"}],"wp:term":[{"taxonomy":"category","embeddable":true,"href":"https:\/\/www.notibras.com\/site\/wp-json\/wp\/v2\/categories?post=333617"},{"taxonomy":"post_tag","embeddable":true,"href":"https:\/\/www.notibras.com\/site\/wp-json\/wp\/v2\/tags?post=333617"}],"curies":[{"name":"wp","href":"https:\/\/api.w.org\/{rel}","templated":true}]}}