{"id":333628,"date":"2024-07-31T18:58:22","date_gmt":"2024-07-31T21:58:22","guid":{"rendered":"https:\/\/www.notibras.com\/site\/?p=333628"},"modified":"2024-07-31T19:06:54","modified_gmt":"2024-07-31T22:06:54","slug":"333628-2","status":"publish","type":"post","link":"https:\/\/www.notibras.com\/site\/333628-2\/","title":{"rendered":"Bia vive doce jornada que come\u00e7ou na pandemia"},"content":{"rendered":"<p>Durante o per\u00edodo de desafios da pandemia de Covid-19, muitos buscaram novas formas de se adaptar e encontrar prop\u00f3sito em tempos de incerteza. Foi nesse contexto que Bia Furtado, uma jovem doceira, encontrou seu caminho. Com a cozinha de casa como ponto de partida, ela come\u00e7ou a criar guloseimas que n\u00e3o apenas ado\u00e7aram a vida de sua fam\u00edlia, mas que abriram portas para um futuro promissor.<\/p>\n<p>Tudo come\u00e7ou de maneira despretensiosa. Bia, confinada no apartamento dos pais, como tantas outras pessoas, decidiu explorar sua paix\u00e3o pela confeitaria. O que inicialmente era um hobby, uma maneira de lidar com o estresse e a monotonia do isolamento, rapidamente se transformou em algo mais.<\/p>\n<p>Usando ingredientes simples e t\u00e9cnicas aprendidas em tutoriais online, Bia encheu posteriormente sua bagagem at\u00e9 a borda, com conhecimentos adquiridos no curso <em>Tiramisu<\/em> tradicional e <em>Tiramisu<\/em> de pistache, tudo na l\u00edngua original e geogr\u00e1fica. Depois, mais um passo. E a doceira come\u00e7ou a criar bolos, tortas e muitas iguarias que encantaram n\u00e3o s\u00f3 sua fam\u00edlia, mas tamb\u00e9m a vizinhan\u00e7a e gente do universo do seu mundinho todo especial.<\/p>\n<p>A not\u00edcia sobre suas del\u00edcias se espalhou rapidamente. As redes sociais se tornaram sua vitrine, onde ela compartilha fotos de suas cria\u00e7\u00f5es. No in\u00edcio, os pedidos chegavam timidamente, at\u00e9 ganhar um ritmo mais constante. Bia percebeu que tinha algo especial em m\u00e3os. A cozinha de casa, antes apenas um espa\u00e7o comum, se transformou em seu ateli\u00ea gastron\u00f4mico, onde cada forminha era vista como uma pedra preciosa.<\/p>\n<p>Com o aumento da demanda, Bia decidiu se profissionalizar. Ela investiu em mais cursos de confeitaria, aprendeu sobre t\u00e9cnicas avan\u00e7adas, gest\u00e3o de neg\u00f3cios e marketing digital. Cada novo conhecimento adquirido refletia-se em suas cria\u00e7\u00f5es, que se tornavam cada vez mais sofisticadas e saborosas.<\/p>\n<p>A dedica\u00e7\u00e3o e o talento de Bia n\u00e3o passaram despercebidos. Convites para eventos no campo da gastronomia come\u00e7aram a surgir. Ela foi destaque em reportagens sobre a \u00e1rea em que atua, apresentando habilidades amplamente elogiadas. O que come\u00e7ou como uma atividade simples para passar o tempo durante a pandemia agora transforma a doceira numa promissora carreira de chef.<\/p>\n<p>Hoje, Bia Furtado \u00e9 mais do que uma jovem doceira; ela \u00e9 uma inspira\u00e7\u00e3o. Sua hist\u00f3ria \u00e9 um lembrete poderoso de como a paix\u00e3o e a determina\u00e7\u00e3o podem transformar tempos dif\u00edceis em oportunidades avan\u00e7adas. As portas do mundo da gastronomia est\u00e3o abertas para ela. E l\u00e1 vai Bia caminhando com confian\u00e7a, agora em dire\u00e7\u00e3o, neste fim de semana, do Arena Noivas. Ela leva nas m\u00e3os n\u00e3o apenas suas deliciosas cria\u00e7\u00f5es, mas tamb\u00e9m uma hist\u00f3ria de resili\u00eancia e sucesso que ado\u00e7a a vida de todos.<\/p>\n","protected":false},"excerpt":{"rendered":"<p>Durante o per\u00edodo de desafios da pandemia de Covid-19, muitos buscaram novas formas de se adaptar e encontrar prop\u00f3sito em tempos de incerteza. Foi nesse contexto que Bia Furtado, uma jovem doceira, encontrou seu caminho. Com a cozinha de casa como ponto de partida, ela come\u00e7ou a criar guloseimas que n\u00e3o apenas ado\u00e7aram a vida [&hellip;]<\/p>\n","protected":false},"author":2,"featured_media":333629,"comment_status":"closed","ping_status":"closed","sticky":false,"template":"","format":"standard","meta":{"_acf_changed":false,"footnotes":""},"categories":[161],"tags":[],"class_list":["post-333628","post","type-post","status-publish","format-standard","has-post-thumbnail","hentry","category-quadradinho-em-foco"],"acf":[],"_links":{"self":[{"href":"https:\/\/www.notibras.com\/site\/wp-json\/wp\/v2\/posts\/333628","targetHints":{"allow":["GET"]}}],"collection":[{"href":"https:\/\/www.notibras.com\/site\/wp-json\/wp\/v2\/posts"}],"about":[{"href":"https:\/\/www.notibras.com\/site\/wp-json\/wp\/v2\/types\/post"}],"author":[{"embeddable":true,"href":"https:\/\/www.notibras.com\/site\/wp-json\/wp\/v2\/users\/2"}],"replies":[{"embeddable":true,"href":"https:\/\/www.notibras.com\/site\/wp-json\/wp\/v2\/comments?post=333628"}],"version-history":[{"count":5,"href":"https:\/\/www.notibras.com\/site\/wp-json\/wp\/v2\/posts\/333628\/revisions"}],"predecessor-version":[{"id":333634,"href":"https:\/\/www.notibras.com\/site\/wp-json\/wp\/v2\/posts\/333628\/revisions\/333634"}],"wp:featuredmedia":[{"embeddable":true,"href":"https:\/\/www.notibras.com\/site\/wp-json\/wp\/v2\/media\/333629"}],"wp:attachment":[{"href":"https:\/\/www.notibras.com\/site\/wp-json\/wp\/v2\/media?parent=333628"}],"wp:term":[{"taxonomy":"category","embeddable":true,"href":"https:\/\/www.notibras.com\/site\/wp-json\/wp\/v2\/categories?post=333628"},{"taxonomy":"post_tag","embeddable":true,"href":"https:\/\/www.notibras.com\/site\/wp-json\/wp\/v2\/tags?post=333628"}],"curies":[{"name":"wp","href":"https:\/\/api.w.org\/{rel}","templated":true}]}}