{"id":333667,"date":"2024-08-01T00:04:03","date_gmt":"2024-08-01T03:04:03","guid":{"rendered":"https:\/\/www.notibras.com\/site\/?p=333667"},"modified":"2024-08-01T09:07:25","modified_gmt":"2024-08-01T12:07:25","slug":"capital-cria-mais-de-27-mil-vagas-de-emprego-formal-no-1o-semestre","status":"publish","type":"post","link":"https:\/\/www.notibras.com\/site\/capital-cria-mais-de-27-mil-vagas-de-emprego-formal-no-1o-semestre\/","title":{"rendered":"Capital cria mais de 27 mil vagas de emprego formal no 1\u00ba semestre"},"content":{"rendered":"<p>O Distrito Federal abriu 3.176 vagas de emprego formais em junho. De acordo com o Novo Cadastro Geral de Empregados e Desempregados (Caged), do Minist\u00e9rio do Trabalho e Emprego, foram 35.542 admiss\u00f5es e 32.366 desligamentos no m\u00eas. No acumulado do ano, j\u00e1 s\u00e3o 27.595 vagas criadas. Com esse acr\u00e9scimo, o DF chegou a 995.377 pessoas com carteira assinada.<\/p>\n<p>\u201cO Novo Caged demonstra mais uma vez que o esfor\u00e7o do GDF para criar emprego e renda para a popula\u00e7\u00e3o est\u00e1 dando certo. Atuamos em diversas frentes, que v\u00e3o de cursos de qualifica\u00e7\u00e3o para a popula\u00e7\u00e3o mais vulner\u00e1vel at\u00e9 o interm\u00e9dio de vagas, que incluem orienta\u00e7\u00f5es para os trabalhadores para que possam se adequar ao que os empregadores precisam. Assim, aquecemos a economia ao mesmo tempo que levamos dignidade para as pessoas\u201d, aponta a vice-governadora do DF, Celina Le\u00e3o.<\/p>\n<p>O n\u00famero de admiss\u00f5es em junho deste ano \u00e9 o melhor para o m\u00eas desde a institui\u00e7\u00e3o do Novo Caged, em 2020. J\u00e1 o saldo entre admiss\u00f5es e desligamentos apresentou alta de 20,1% em rela\u00e7\u00e3o ao mesmo per\u00edodo do ano passado, quando foi de 2.644.<\/p>\n<p>Entre as pessoas contratadas em junho deste ano, 19.982 s\u00e3o homens (equivalente a 56,22% do total) e 15.560, mulheres (43,78%). A maioria (22.591 ou 63,5%) tem Ensino M\u00e9dio Completo e quase metade (17.457 ou 49,1%) tem entre 18 e 29 anos. Tamb\u00e9m houve um n\u00famero expressivo de contrata\u00e7\u00e3o de pessoas com mais de 40 anos: 8.063 ou 22,6%. Em rela\u00e7\u00e3o aos setores, o de servi\u00e7os foi o que mais contratou, com 20.343 admiss\u00f5es (57,2%), seguido por com\u00e9rcio (9.405 ou 26,4%), constru\u00e7\u00e3o (3.784 ou 10,6%), ind\u00fastria (1.768 ou 4,9%) e agropecu\u00e1ria (242 ou 0,6%)<\/p>\n<p>Em todo o Brasil, foram contabilizados 2.071.649 admiss\u00f5es e 1.869.944 desligamentos em junho, o que resultou em um saldo de 201.705 empregos criados. Hoje, 46.817.319 pessoas trabalham com carteira assinada no pa\u00eds. Na compara\u00e7\u00e3o com outras unidades da Federa\u00e7\u00e3o, o DF se destaca em rela\u00e7\u00e3o ao sal\u00e1rio m\u00e9dio de admiss\u00e3o, que, aqui, \u00e9 de R$ 2.197,59, o maior do Centro-Oeste e segundo no ranking nacional, atr\u00e1s apenas de S\u00e3o Paulo, onde o valor \u00e9 de R$ 2.428,77.<\/p>\n<p><strong>Programas<\/strong><br \/>\nO secret\u00e1rio de Economia, Ney Ferraz, destaca a import\u00e2ncia dos programas do Governo do Distrito Federal para o aquecimento do mercado de trabalho no DF: \u201cTivemos um bom resultado em junho, com a cria\u00e7\u00e3o de mais de 3 mil empregos com carteira assinada. Esse crescimento \u00e9 resultado da economia local, que tem sido estimulada pelo governo com os programas sociais, de empreendedorismo e ainda com os programas de capacita\u00e7\u00e3o. O DF est\u00e1 \u00e0 frente de v\u00e1rias outras capitais, porque o governador Ibaneis tem consolidado uma gest\u00e3o austera de est\u00edmulo aos setores produtivos, com controle dos gastos p\u00fablicos e investimentos s\u00f3lidos de desenvolvimento em \u00e1reas fundamentais como sa\u00fade, educa\u00e7\u00e3o, seguran\u00e7a e mobilidade\u201d.<\/p>\n<p>Entre os programas, est\u00e1 o QualificaDF, que promove cursos profissionalizantes gratuitos nas \u00e1reas de agroneg\u00f3cio, com\u00e9rcio, servi\u00e7os, sa\u00fade e inform\u00e1tica. Outro \u00e9 o RenovaDF, cujo intuito \u00e9 promover a forma\u00e7\u00e3o profissional da popula\u00e7\u00e3o, ao mesmo tempo em que propicia a reforma de espa\u00e7os p\u00fablicos. O programa oferece aux\u00edlio de um sal\u00e1rio m\u00ednimo para os participantes, al\u00e9m de vale-transporte e seguro contra acidentes pessoais. Nele, s\u00e3o abordadas t\u00e9cnicas de alvenaria, carpintaria, el\u00e9trica, hidr\u00e1ulica, jardinagem, paisagismo, pintura, serralheria e seguran\u00e7a no ambiente de trabalho.<\/p>\n<p>Ap\u00f3s a forma\u00e7\u00e3o em qualquer um dos programas, o cidad\u00e3o que est\u00e1 em busca de uma oportunidade \u00e9 encaminhado a uma das 14 ag\u00eancias do trabalhador espalhadas pelo DF.<\/p>\n","protected":false},"excerpt":{"rendered":"<p>O Distrito Federal abriu 3.176 vagas de emprego formais em junho. De acordo com o Novo Cadastro Geral de Empregados e Desempregados (Caged), do Minist\u00e9rio do Trabalho e Emprego, foram 35.542 admiss\u00f5es e 32.366 desligamentos no m\u00eas. No acumulado do ano, j\u00e1 s\u00e3o 27.595 vagas criadas. Com esse acr\u00e9scimo, o DF chegou a 995.377 pessoas [&hellip;]<\/p>\n","protected":false},"author":2,"featured_media":333668,"comment_status":"closed","ping_status":"closed","sticky":false,"template":"","format":"standard","meta":{"_acf_changed":false,"footnotes":""},"categories":[161],"tags":[],"class_list":["post-333667","post","type-post","status-publish","format-standard","has-post-thumbnail","hentry","category-quadradinho-em-foco"],"acf":[],"_links":{"self":[{"href":"https:\/\/www.notibras.com\/site\/wp-json\/wp\/v2\/posts\/333667","targetHints":{"allow":["GET"]}}],"collection":[{"href":"https:\/\/www.notibras.com\/site\/wp-json\/wp\/v2\/posts"}],"about":[{"href":"https:\/\/www.notibras.com\/site\/wp-json\/wp\/v2\/types\/post"}],"author":[{"embeddable":true,"href":"https:\/\/www.notibras.com\/site\/wp-json\/wp\/v2\/users\/2"}],"replies":[{"embeddable":true,"href":"https:\/\/www.notibras.com\/site\/wp-json\/wp\/v2\/comments?post=333667"}],"version-history":[{"count":2,"href":"https:\/\/www.notibras.com\/site\/wp-json\/wp\/v2\/posts\/333667\/revisions"}],"predecessor-version":[{"id":333670,"href":"https:\/\/www.notibras.com\/site\/wp-json\/wp\/v2\/posts\/333667\/revisions\/333670"}],"wp:featuredmedia":[{"embeddable":true,"href":"https:\/\/www.notibras.com\/site\/wp-json\/wp\/v2\/media\/333668"}],"wp:attachment":[{"href":"https:\/\/www.notibras.com\/site\/wp-json\/wp\/v2\/media?parent=333667"}],"wp:term":[{"taxonomy":"category","embeddable":true,"href":"https:\/\/www.notibras.com\/site\/wp-json\/wp\/v2\/categories?post=333667"},{"taxonomy":"post_tag","embeddable":true,"href":"https:\/\/www.notibras.com\/site\/wp-json\/wp\/v2\/tags?post=333667"}],"curies":[{"name":"wp","href":"https:\/\/api.w.org\/{rel}","templated":true}]}}