{"id":333673,"date":"2024-08-01T06:54:21","date_gmt":"2024-08-01T09:54:21","guid":{"rendered":"https:\/\/www.notibras.com\/site\/?p=333673"},"modified":"2024-08-01T09:56:49","modified_gmt":"2024-08-01T12:56:49","slug":"campanha-incentiva-maes-nordestinas-a-amamentarem-por-mais-tempo","status":"publish","type":"post","link":"https:\/\/www.notibras.com\/site\/campanha-incentiva-maes-nordestinas-a-amamentarem-por-mais-tempo\/","title":{"rendered":"Campanha incentiva m\u00e3es nordestinas a amamentarem por mais tempo"},"content":{"rendered":"<p>Reconhecer m\u00e3es que amamentam, garantir que sejam vistas e ouvidas, partilhar experi\u00eancias e a import\u00e2ncia do apoio, em todos os seus n\u00edveis, ao aleitamento materno. Essas s\u00e3o as propostas da Semana da Amamenta\u00e7\u00e3o, que come\u00e7a nesta quinta-feira (1\u00ba) e segue at\u00e9 o pr\u00f3ximo dia 7. Embora dirigida a um p\u00fablico mundial, na promo\u00e7\u00e3o da OMS e Unicef as m\u00e3es nordestinas ganham uma aten\u00e7\u00e3o especial, principalmente dadas as circunst\u00e2ncias regionais.<\/p>\n<p>A iniciativa tem como tema Fechando a lacuna: apoio \u00e0 amamenta\u00e7\u00e3o para todas. A proposta \u00e9 debater pol\u00edticas que valorizem a mulher e a amamenta\u00e7\u00e3o e sistemas de sa\u00fade favor\u00e1veis ao aleitamento materno, al\u00e9m de promover o respeito pela autonomia da mulher e pelo direito de amamentar a qualquer hora e em qualquer lugar.<\/p>\n<p>\u201cExistem a\u00e7\u00f5es que todos podemos realizar para ajudar as mulheres a amamentar durante o tempo que desejarem\u201d, avaliam os patrocinadores.<\/p>\n<p>\u201cO apoio \u00e0 amamenta\u00e7\u00e3o assume muitas formas \u2013 desde o acolhimento pela equipe de trabalho at\u00e9 conselhos de profissionais de sa\u00fade e a\u00e7\u00f5es de prote\u00e7\u00e3o \u00e0 maternidade por parte do governo. Tudo isso ajuda a proteger a sa\u00fade e os direitos de mulheres e beb\u00eas. Mulheres t\u00eam direito a um aconselhamento respeitoso sobre amamenta\u00e7\u00e3o por parte de prestadores de cuidados em sa\u00fade, bem como a leis e pol\u00edticas como licen\u00e7a-maternidade\u201d, afirma, por exemplo, a OMS.<\/p>\n<p>A amamenta\u00e7\u00e3o \u00e9 classificada como uma das formas mais eficazes de garantir sa\u00fade ao longo de toda a inf\u00e2ncia. Ainda assim, menos de 50% das crian\u00e7as com menos de seis meses de vida s\u00e3o exclusivamente amamentadas. Dentre diversas a\u00e7\u00f5es, a Semana da Amamenta\u00e7\u00e3o defende:<\/p>\n<p>&#8211; apoio a mulheres para que possam amamentar a qualquer hora e em qualquer lugar, de forma que o ato seja normalizado e n\u00e3o censurado em locais p\u00fablicos;<\/p>\n<p>&#8211; direitos eficazes relacionados \u00e0 maternidade e que n\u00e3o obriguem as mulheres a escolher entre a fam\u00edlia e o trabalho;<\/p>\n<p>&#8211; capacita\u00e7\u00e3o de profissionais de sa\u00fade para que possam fornecer apoio \u00fatil e respeitoso ao aleitamento materno;<\/p>\n<p>&#8211; o fim da publicidade, de forma exploradora, de leite em p\u00f3 ou f\u00f3rmula em todos os contextos.<\/p>\n<p>\u201cO leite materno \u00e9 o alimento ideal para beb\u00eas. \u00c9 seguro, limpo e cont\u00e9m anticorpos que ajudam a proteger contra diversas doen\u00e7as infantis comuns. Ele fornece toda a energia e os nutrientes que o beb\u00ea precisa durante os primeiros meses de vida, fornece pelo menos a metade das necessidades nutricionais de uma crian\u00e7a durante a segunda metade do primeiro ano de vida e at\u00e9 um ter\u00e7o das necessidades nutricionais durante o segundo ano de vida\u201d, destaca a OMS.<\/p>\n","protected":false},"excerpt":{"rendered":"<p>Reconhecer m\u00e3es que amamentam, garantir que sejam vistas e ouvidas, partilhar experi\u00eancias e a import\u00e2ncia do apoio, em todos os seus n\u00edveis, ao aleitamento materno. Essas s\u00e3o as propostas da Semana da Amamenta\u00e7\u00e3o, que come\u00e7a nesta quinta-feira (1\u00ba) e segue at\u00e9 o pr\u00f3ximo dia 7. Embora dirigida a um p\u00fablico mundial, na promo\u00e7\u00e3o da OMS [&hellip;]<\/p>\n","protected":false},"author":2,"featured_media":333674,"comment_status":"closed","ping_status":"closed","sticky":false,"template":"","format":"standard","meta":{"_acf_changed":false,"footnotes":""},"categories":[165],"tags":[],"class_list":["post-333673","post","type-post","status-publish","format-standard","has-post-thumbnail","hentry","category-nordeste"],"acf":[],"_links":{"self":[{"href":"https:\/\/www.notibras.com\/site\/wp-json\/wp\/v2\/posts\/333673","targetHints":{"allow":["GET"]}}],"collection":[{"href":"https:\/\/www.notibras.com\/site\/wp-json\/wp\/v2\/posts"}],"about":[{"href":"https:\/\/www.notibras.com\/site\/wp-json\/wp\/v2\/types\/post"}],"author":[{"embeddable":true,"href":"https:\/\/www.notibras.com\/site\/wp-json\/wp\/v2\/users\/2"}],"replies":[{"embeddable":true,"href":"https:\/\/www.notibras.com\/site\/wp-json\/wp\/v2\/comments?post=333673"}],"version-history":[{"count":1,"href":"https:\/\/www.notibras.com\/site\/wp-json\/wp\/v2\/posts\/333673\/revisions"}],"predecessor-version":[{"id":333675,"href":"https:\/\/www.notibras.com\/site\/wp-json\/wp\/v2\/posts\/333673\/revisions\/333675"}],"wp:featuredmedia":[{"embeddable":true,"href":"https:\/\/www.notibras.com\/site\/wp-json\/wp\/v2\/media\/333674"}],"wp:attachment":[{"href":"https:\/\/www.notibras.com\/site\/wp-json\/wp\/v2\/media?parent=333673"}],"wp:term":[{"taxonomy":"category","embeddable":true,"href":"https:\/\/www.notibras.com\/site\/wp-json\/wp\/v2\/categories?post=333673"},{"taxonomy":"post_tag","embeddable":true,"href":"https:\/\/www.notibras.com\/site\/wp-json\/wp\/v2\/tags?post=333673"}],"curies":[{"name":"wp","href":"https:\/\/api.w.org\/{rel}","templated":true}]}}