{"id":333690,"date":"2024-08-01T11:47:04","date_gmt":"2024-08-01T14:47:04","guid":{"rendered":"https:\/\/www.notibras.com\/site\/?p=333690"},"modified":"2024-08-01T11:47:04","modified_gmt":"2024-08-01T14:47:04","slug":"legendas-apostam-no-carisma-de-lula-para-encher-urnas-de-votos","status":"publish","type":"post","link":"https:\/\/www.notibras.com\/site\/legendas-apostam-no-carisma-de-lula-para-encher-urnas-de-votos\/","title":{"rendered":"Legendas apostam no carisma de Lula para encher urnas de votos"},"content":{"rendered":"<p>Os eleitores do Nordeste t\u00eam mostrado tend\u00eancias espec\u00edficas para as elei\u00e7\u00f5es municipais de outubro. Historicamente, a regi\u00e3o tem sido um reduto de apoio ao Partido dos Trabalhadores e a outras legendas de esquerda. Pesquisas para consumo interno dos comit\u00eas eleitorais indicam que essa tend\u00eancia continua.<\/p>\n<p>O PT e candidatos de partidos de esquerda, como o PSOL e o PCdoB, continuam a receber grande apoio na regi\u00e3o. Isso se deve, em parte, \u00e0s pol\u00edticas sociais implementadas pelos governos anteriores de Lula, que agora se repetem, e que tiveram impacto significativo na vida dos nordestinos.<\/p>\n<p>\u00c9 sabido que eleitores nordestinos valorizam candidatos que t\u00eam uma forte conex\u00e3o com suas comunidades. Assim, avaliam analistas pol\u00edticos, candidatos que entendem as necessidades e particularidades da regi\u00e3o tendem a se sair melhor nas urnas.<\/p>\n<p>As quest\u00f5es de desenvolvimento econ\u00f4mico e melhoria da infraestrutura s\u00e3o cruciais. Eleitores buscam candidatos que apresentem propostas vi\u00e1veis para melhorar a qualidade de vida, principalmente quando se trata de investimentos em sa\u00fade, educa\u00e7\u00e3o e transporte.<\/p>\n<p>Embora j\u00e1 totalmente fora de foco, a gest\u00e3o da pandemia de Covid-19 ainda \u00e9 um tema relevante. Candidatos que foram proativos em lidar com a crise de sa\u00fade p\u00fablica e em apoiar economicamente as fam\u00edlias afetadas t\u00eam maior aprova\u00e7\u00e3o.<\/p>\n<p>Outro aspecto a ser considerado diz respeito \u00e0s lideran\u00e7as pol\u00edticas regionais, como governadores e prefeitos influentes, que t\u00eam um papel significativo em moldar as prefer\u00eancias dos eleitores. Seus endossos podem ser decisivos para o sucesso dos candidatos.<\/p>\n<p>Os comit\u00eas eleitorais t\u00eam se preparado para combater fake news, que se proliferam a cada dia. O desafio para garantir que os eleitores recebam informa\u00e7\u00f5es corretas e precisas sobre os candidatos e suas propostas \u00e9 constante.<\/p>\n<p>A &#8216;esquerda&#8217; tamb\u00e9m leva vantagem ao engajar eleitores jovens nas campanhas. O discurso voltado ao segmento dos 16 aos 25 anos \u00e9 visto como uma oportunidade crucial, j\u00e1 que essa faixa et\u00e1ria est\u00e1 cada vez mais presente no eleitorado e tende a ter uma vis\u00e3o mais progressista.<\/p>\n","protected":false},"excerpt":{"rendered":"<p>Os eleitores do Nordeste t\u00eam mostrado tend\u00eancias espec\u00edficas para as elei\u00e7\u00f5es municipais de outubro. Historicamente, a regi\u00e3o tem sido um reduto de apoio ao Partido dos Trabalhadores e a outras legendas de esquerda. Pesquisas para consumo interno dos comit\u00eas eleitorais indicam que essa tend\u00eancia continua. O PT e candidatos de partidos de esquerda, como o [&hellip;]<\/p>\n","protected":false},"author":2,"featured_media":285317,"comment_status":"closed","ping_status":"closed","sticky":false,"template":"","format":"standard","meta":{"_acf_changed":false,"footnotes":""},"categories":[165],"tags":[],"class_list":["post-333690","post","type-post","status-publish","format-standard","has-post-thumbnail","hentry","category-nordeste"],"acf":[],"_links":{"self":[{"href":"https:\/\/www.notibras.com\/site\/wp-json\/wp\/v2\/posts\/333690","targetHints":{"allow":["GET"]}}],"collection":[{"href":"https:\/\/www.notibras.com\/site\/wp-json\/wp\/v2\/posts"}],"about":[{"href":"https:\/\/www.notibras.com\/site\/wp-json\/wp\/v2\/types\/post"}],"author":[{"embeddable":true,"href":"https:\/\/www.notibras.com\/site\/wp-json\/wp\/v2\/users\/2"}],"replies":[{"embeddable":true,"href":"https:\/\/www.notibras.com\/site\/wp-json\/wp\/v2\/comments?post=333690"}],"version-history":[{"count":1,"href":"https:\/\/www.notibras.com\/site\/wp-json\/wp\/v2\/posts\/333690\/revisions"}],"predecessor-version":[{"id":333691,"href":"https:\/\/www.notibras.com\/site\/wp-json\/wp\/v2\/posts\/333690\/revisions\/333691"}],"wp:featuredmedia":[{"embeddable":true,"href":"https:\/\/www.notibras.com\/site\/wp-json\/wp\/v2\/media\/285317"}],"wp:attachment":[{"href":"https:\/\/www.notibras.com\/site\/wp-json\/wp\/v2\/media?parent=333690"}],"wp:term":[{"taxonomy":"category","embeddable":true,"href":"https:\/\/www.notibras.com\/site\/wp-json\/wp\/v2\/categories?post=333690"},{"taxonomy":"post_tag","embeddable":true,"href":"https:\/\/www.notibras.com\/site\/wp-json\/wp\/v2\/tags?post=333690"}],"curies":[{"name":"wp","href":"https:\/\/api.w.org\/{rel}","templated":true}]}}