{"id":333698,"date":"2024-08-01T16:59:30","date_gmt":"2024-08-01T19:59:30","guid":{"rendered":"https:\/\/www.notibras.com\/site\/?p=333698"},"modified":"2024-08-01T18:01:24","modified_gmt":"2024-08-01T21:01:24","slug":"pernambuco-abre-as-portas-do-porto-em-homenagem-a-brasilia","status":"publish","type":"post","link":"https:\/\/www.notibras.com\/site\/pernambuco-abre-as-portas-do-porto-em-homenagem-a-brasilia\/","title":{"rendered":"Pernambuco abre as portas do Porto em homenagem a Bras\u00edlia"},"content":{"rendered":"<p>O Instituto Pernambuco Porto em Portugal apresenta a partir do dia 1 de agosto a exposi\u00e7\u00e3o &#8220;Bras\u00edlia &#8211; Da Utopia \u00e0 Capital&#8221;, que celebra os 64 anos da capital brasileira e integra o calend\u00e1rio das comemora\u00e7\u00f5es do Bicenten\u00e1rio da Independ\u00eancia do Brasil. A mostra, que se estender\u00e1 at\u00e9 27 de outubro de 2024, conta com a curadoria de Danielle Athayde e exibe um acervo impressionante de aproximadamente 300 obras de arte e documentos hist\u00f3ricos.<\/p>\n<p>O secret\u00e1rio de Turismo Cristiano Ara\u00fajo participou da abertura da exposi\u00e7\u00e3o, representando o governo do Distrito Federal ao lado do secret\u00e1rio de Cultura e Economia Criativa, Claudio Abrantes. A mostra oferece uma vis\u00e3o abrangente das ideias, personagens e percursos hist\u00f3ricos que culminaram na cria\u00e7\u00e3o de Bras\u00edlia em 1960, transformando-a em uma s\u00edntese do pensamento modernista brasileiro. Bras\u00edlia, concebida como uma obra de arte completa, representa uma nova fase de interioriza\u00e7\u00e3o do Poder P\u00fablico no Brasil, que at\u00e9 ent\u00e3o estava concentrado na faixa litor\u00e2nea.<\/p>\n<p>Durante o evento, o secret\u00e1rio de Turismo citou motivos para os portugueses visitarem a capital do pa\u00eds: \u201cPosso citar muitos motivos para que todos voc\u00eas visitem Bras\u00edlia, mas de forma bem objetiva vou citar cinco motivos: somos a segunda cidade mais segura do pa\u00eds; Bras\u00edlia \u00e9 a \u00fanica cidade brasileira na lista de destinos do &#8216;The New York Times&#8217;, ocupando a 32\u00aa posi\u00e7\u00e3o no ranking; somos uma cidade com arquitetura fant\u00e1stica, patrim\u00f4nio cultural mundial e cidade criativa do design pela Unesco; somos o segundo polo gastron\u00f4mico do pa\u00eds, com uma diversidade de comidas para todos os gostos\u201d, afirmou o secret\u00e1rio, que aproveitou para fazer uma provoca\u00e7\u00e3o aos portugueses: \u201cE como 5\u00ba motivo; Bras\u00edlia produz vinhos t\u00e3o bons quanto os vinhos portugueses. Convido voc\u00eas a conhecerem\u201d, finalizou o dirigente.<\/p>\n<p>Para o secret\u00e1rio de Cultura, Claudio Abrantes a exposi\u00e7\u00e3o tem o nome apropriado e diz muito sobre Bras\u00edlia. \u201cN\u00e3o teria um nome mais apropriado para esta exposi\u00e7\u00e3o do que o t\u00edtulo &#8220;Da Utopia \u00e0 Capital&#8221;, porque Bras\u00edlia, realmente, da maneira que foi projetada, era uma utopia. Quando vem a decis\u00e3o do presidente Juscelino de construir a cidade, Bras\u00edlia \u00e9 constru\u00edda em mil dias. Isso j\u00e1 \u00e9 algo ut\u00f3pico e surreal para os dias de hoje\u201d, finaliza.<\/p>\n<p>Os visitantes ter\u00e3o a oportunidade de apreciar maquetes de edif\u00edcios ic\u00f4nicos projetados por Oscar Niemeyer, desenhos e uma maquete fotogr\u00e1fica do plano urban\u00edstico de Lucio Costa. Al\u00e9m disso, a exposi\u00e7\u00e3o apresenta esculturas de Maria Martins, Bruno Giorgi e Alfredo Ceschiatti, bem como fotografias de renomados artistas modernistas como Marcel Gautherot, Peter Scheier, Jean Manzon e Mario Fontenelle.<\/p>\n<p>As obras expostas s\u00e3o provenientes de cole\u00e7\u00f5es p\u00fablicas e privadas brasileiras, incluindo o Instituto Moreira Salles, o Arquivo P\u00fablico do Distrito Federal e a Cole\u00e7\u00e3o Bras\u00edlia \u2014 acervo Izolete e Dom\u00edcio Pereira.<\/p>\n<p><strong>Servi\u00e7o:<\/strong><br \/>\nData: 1 de agosto a 27 de outubro de 2024<br \/>\nLocal: Sala Instituto Pernambuco Porto (IPP) &#8211; Porto- Portugal<br \/>\nEntrada: Gratuita<\/p>\n","protected":false},"excerpt":{"rendered":"<p>O Instituto Pernambuco Porto em Portugal apresenta a partir do dia 1 de agosto a exposi\u00e7\u00e3o &#8220;Bras\u00edlia &#8211; Da Utopia \u00e0 Capital&#8221;, que celebra os 64 anos da capital brasileira e integra o calend\u00e1rio das comemora\u00e7\u00f5es do Bicenten\u00e1rio da Independ\u00eancia do Brasil. A mostra, que se estender\u00e1 at\u00e9 27 de outubro de 2024, conta com [&hellip;]<\/p>\n","protected":false},"author":2,"featured_media":333699,"comment_status":"closed","ping_status":"closed","sticky":false,"template":"","format":"standard","meta":{"_acf_changed":false,"footnotes":""},"categories":[161],"tags":[],"class_list":["post-333698","post","type-post","status-publish","format-standard","has-post-thumbnail","hentry","category-quadradinho-em-foco"],"acf":[],"_links":{"self":[{"href":"https:\/\/www.notibras.com\/site\/wp-json\/wp\/v2\/posts\/333698","targetHints":{"allow":["GET"]}}],"collection":[{"href":"https:\/\/www.notibras.com\/site\/wp-json\/wp\/v2\/posts"}],"about":[{"href":"https:\/\/www.notibras.com\/site\/wp-json\/wp\/v2\/types\/post"}],"author":[{"embeddable":true,"href":"https:\/\/www.notibras.com\/site\/wp-json\/wp\/v2\/users\/2"}],"replies":[{"embeddable":true,"href":"https:\/\/www.notibras.com\/site\/wp-json\/wp\/v2\/comments?post=333698"}],"version-history":[{"count":1,"href":"https:\/\/www.notibras.com\/site\/wp-json\/wp\/v2\/posts\/333698\/revisions"}],"predecessor-version":[{"id":333700,"href":"https:\/\/www.notibras.com\/site\/wp-json\/wp\/v2\/posts\/333698\/revisions\/333700"}],"wp:featuredmedia":[{"embeddable":true,"href":"https:\/\/www.notibras.com\/site\/wp-json\/wp\/v2\/media\/333699"}],"wp:attachment":[{"href":"https:\/\/www.notibras.com\/site\/wp-json\/wp\/v2\/media?parent=333698"}],"wp:term":[{"taxonomy":"category","embeddable":true,"href":"https:\/\/www.notibras.com\/site\/wp-json\/wp\/v2\/categories?post=333698"},{"taxonomy":"post_tag","embeddable":true,"href":"https:\/\/www.notibras.com\/site\/wp-json\/wp\/v2\/tags?post=333698"}],"curies":[{"name":"wp","href":"https:\/\/api.w.org\/{rel}","templated":true}]}}