{"id":333735,"date":"2024-08-02T06:01:11","date_gmt":"2024-08-02T09:01:11","guid":{"rendered":"https:\/\/www.notibras.com\/site\/?p=333735"},"modified":"2024-08-02T06:01:11","modified_gmt":"2024-08-02T09:01:11","slug":"servicos-notariais-buscam-tecnologia-para-enfrentar-novos-desafios","status":"publish","type":"post","link":"https:\/\/www.notibras.com\/site\/servicos-notariais-buscam-tecnologia-para-enfrentar-novos-desafios\/","title":{"rendered":"Servi\u00e7os notariais buscam tecnologia para enfrentar novos desafios"},"content":{"rendered":"<p>Ministros de tribunais superiores, juristas e especialistas em servi\u00e7os notariais e de registro v\u00e3o debater no dia 21 de agosto as inova\u00e7\u00f5es tecnol\u00f3gicas e os desafios do setor no Semin\u00e1rio \u201cCNJ e o Observat\u00f3rio dos Servi\u00e7os Notariais e de Registro\u201d. Aberto ao p\u00fablico, o evento \u00e9 promovido pela Revista Justi\u00e7a &amp; Cidadania e pelo Conselho Nacional de Justi\u00e7a (CNJ) e ser\u00e1 realizado de forma presencial no audit\u00f3rio do Conselho da Justi\u00e7a Federal, em Bras\u00edlia.<\/p>\n<p>Os debates incluem as pol\u00edticas p\u00fablicas criadas no \u00e2mbito do CNJ em parceria com as entidades representativas dos cart\u00f3rios, como os programas Solo Seguro e Registre-se, voltados para emiss\u00e3o gratuita de documentos habitacionais e civis.<\/p>\n<p>A programa\u00e7\u00e3o inclui palestras do corregedor nacional de Justi\u00e7a, ministro Luis Felipe Salom\u00e3o, do diretor-geral da Enfam, ministro do STJ Mauro Campbell Marques, da conselheira do CNJ Daniela Madeira, do presidente da Febraban, Isaac Sidney, entre outros.<\/p>\n<p>O Observat\u00f3rio dos Servi\u00e7os Notariais e de Registro \u00e9 uma iniciativa da Revista Justi\u00e7a e Cidadania que re\u00fane o Instituto de Estudo de Protesto do Brasil (IEPTB), o Col\u00e9gio Notarial do Brasil (CNB), o Instituto de Registro de Im\u00f3veis do Brasil ( IRIB), a Associa\u00e7\u00e3o dos Registradores de Pessoas Naturais (ARPEN) e o Instituto de Registro de T\u00edtulos e Documentos e de Pessoas Jur\u00eddicas do Brasil (IRTDPJ) para discutir e aprofundar estudos e projetos ligados \u00e0s atividades extrajudiciais.<\/p>\n","protected":false},"excerpt":{"rendered":"<p>Ministros de tribunais superiores, juristas e especialistas em servi\u00e7os notariais e de registro v\u00e3o debater no dia 21 de agosto as inova\u00e7\u00f5es tecnol\u00f3gicas e os desafios do setor no Semin\u00e1rio \u201cCNJ e o Observat\u00f3rio dos Servi\u00e7os Notariais e de Registro\u201d. Aberto ao p\u00fablico, o evento \u00e9 promovido pela Revista Justi\u00e7a &amp; Cidadania e pelo Conselho [&hellip;]<\/p>\n","protected":false},"author":2,"featured_media":333736,"comment_status":"closed","ping_status":"closed","sticky":false,"template":"","format":"standard","meta":{"_acf_changed":false,"footnotes":""},"categories":[161],"tags":[],"class_list":["post-333735","post","type-post","status-publish","format-standard","has-post-thumbnail","hentry","category-quadradinho-em-foco"],"acf":[],"_links":{"self":[{"href":"https:\/\/www.notibras.com\/site\/wp-json\/wp\/v2\/posts\/333735","targetHints":{"allow":["GET"]}}],"collection":[{"href":"https:\/\/www.notibras.com\/site\/wp-json\/wp\/v2\/posts"}],"about":[{"href":"https:\/\/www.notibras.com\/site\/wp-json\/wp\/v2\/types\/post"}],"author":[{"embeddable":true,"href":"https:\/\/www.notibras.com\/site\/wp-json\/wp\/v2\/users\/2"}],"replies":[{"embeddable":true,"href":"https:\/\/www.notibras.com\/site\/wp-json\/wp\/v2\/comments?post=333735"}],"version-history":[{"count":1,"href":"https:\/\/www.notibras.com\/site\/wp-json\/wp\/v2\/posts\/333735\/revisions"}],"predecessor-version":[{"id":333737,"href":"https:\/\/www.notibras.com\/site\/wp-json\/wp\/v2\/posts\/333735\/revisions\/333737"}],"wp:featuredmedia":[{"embeddable":true,"href":"https:\/\/www.notibras.com\/site\/wp-json\/wp\/v2\/media\/333736"}],"wp:attachment":[{"href":"https:\/\/www.notibras.com\/site\/wp-json\/wp\/v2\/media?parent=333735"}],"wp:term":[{"taxonomy":"category","embeddable":true,"href":"https:\/\/www.notibras.com\/site\/wp-json\/wp\/v2\/categories?post=333735"},{"taxonomy":"post_tag","embeddable":true,"href":"https:\/\/www.notibras.com\/site\/wp-json\/wp\/v2\/tags?post=333735"}],"curies":[{"name":"wp","href":"https:\/\/api.w.org\/{rel}","templated":true}]}}