{"id":333744,"date":"2024-08-02T00:25:58","date_gmt":"2024-08-02T03:25:58","guid":{"rendered":"https:\/\/www.notibras.com\/site\/?p=333744"},"modified":"2024-08-02T06:30:58","modified_gmt":"2024-08-02T09:30:58","slug":"indigenas-expoem-pecas-de-artesanato-e-pedem-visibilidade","status":"publish","type":"post","link":"https:\/\/www.notibras.com\/site\/indigenas-expoem-pecas-de-artesanato-e-pedem-visibilidade\/","title":{"rendered":"Ind\u00edgenas exp\u00f5em pe\u00e7as de artesanato e pedem visibilidade"},"content":{"rendered":"<p>No pesco\u00e7o da artes\u00e3 ind\u00edgena Airy Gavi\u00e3o, de 68 anos, o colar com o muiraquit\u00e3 (pequena pedra em forma de r\u00e3) significa muito mais do que um adere\u00e7o que ela produz. \u201c\u00c9 o amuleto das mulheres guerreiras. Isso tem um significado muito forte para mim\u201d. T\u00e3o forte que faz lembrar quando, aos 18 anos, decidiu deixar, com saudade, a comunidade de Aturia\u00ed, no Par\u00e1, para tentar a vida em Bras\u00edlia. Chegou com o muiraquit\u00e3 e contava sua hist\u00f3ria a quem n\u00e3o conhecia, dizendo que o artesanato que aprendeu em casa era o s\u00edmbolo da pr\u00f3pria vida.<\/p>\n<p>At\u00e9 sexta-feira da semana que vem, 9 de agosto, Dia Internacional dos Povos Ind\u00edgenas, artes\u00e3os como Airy exp\u00f5em seus trabalhos em uma feira organizada pela Funda\u00e7\u00e3o Nacional dos Povos Ind\u00edgenas (Funai), no pr\u00e9dio onde est\u00e1 sediado o \u00f3rg\u00e3o, no centro da capital. \u201cSomos artes\u00e3os desde a inf\u00e2ncia, quando a gente come\u00e7a a juntar as sementinhas. Mas o meu forte mesmo era ajudar meu pai a fazer as pe\u00e7as de madeira.\u201d<\/p>\n<p>Airy Gavi\u00e3o trabalha com todo tipo de artesanato, inclusive pinturas figurativas de ind\u00edgenas e natureza. Ela ensinou a arte aos tr\u00eas filhos, que nasceram em Bras\u00edlia. Os trabalhos que ela cria tamb\u00e9m s\u00e3o uma forma de voltar a se sentir na comunidade no Par\u00e1. \u201cTenho saudades de quando fazia farinha escaldada. De estar l\u00e1 junto. De brincar. Todo mundo junto e cantando. Sinto falta do sentido de coletividade\u201d.<\/p>\n<p><strong>Conhecimentos ancestrais<\/strong><br \/>\nNa mostra, est\u00e3o \u00e0 venda pe\u00e7as feitas por ind\u00edgenas dos povos Gavi\u00e3o, Patax\u00f3, Kariri Xoc\u00f3, Guajajara e Bororo.<\/p>\n<p>Segundo diretora de Promo\u00e7\u00e3o ao Desenvolvimento Sustent\u00e1vel da Funai, Lucia Alberta, a feira pode colaborar com a gera\u00e7\u00e3o de renda e o fortalecimento das atividades produtivas que enrique\u00e7am a cultura ind\u00edgena. \u201c[\u00c9] sempre bom ressaltar que tudo que se v\u00ea em uma feira ind\u00edgena \u00e9 fruto dos conhecimentos ancestrais representados nos pequenos objetos que se pode ver nessa exposi\u00e7\u00e3o\u201d, afirmou Lucia Alberta.<\/p>\n<p>A artes\u00e3 Murian Patax\u00f3, de 49 anos, que vive em uma comunidade ind\u00edgena na regi\u00e3o administrativa do Parano\u00e1, diz que esse saber ancestral representa modo de vida e de renda para eles. Murian lembra que tudo o que aprendeu foi com os pais e av\u00f3s em Santa Cruz Cabr\u00e1lia, na Bahia, e fazem recordam de quando foram ensinadas a reunir as sementinhas de morotot\u00f3 e de a\u00e7a\u00ed, por horas a fio no cord\u00e3o.<\/p>\n<p>\u201cTudo feito a m\u00e3o. Essas pulseiras e colares fazem parte do que n\u00f3s somos\u201d, afirma Murian. A artes\u00e3 ressalta que o artesanato ind\u00edgena precisa ter visibilidade cultural e comercial.<\/p>\n<p><strong>Gera\u00e7\u00f5es<\/strong><br \/>\nAs gera\u00e7\u00f5es mais novas garantem que n\u00e3o deixar\u00e3o essa arte secar com o passar do tempo. A artes\u00e3 Bruna Togojebado, de 30 anos, diz que tem felicidade de explicar o que aprendeu para a filha, de 9 anos. \u201cEstou gr\u00e1vida e quero o melhor para quem vai vir depois da gente. A gente passa de pais para filhos essa sabedoria\u201d.<\/p>\n<p>Uma novidade \u00e9 que os mais novos est\u00e3o ensinando os mais velhos a vender os produtos pela internet.<\/p>\n<p>Ali\u00e1s, o local de exposi\u00e7\u00e3o e venda dos produtos foi motivo de descontentamento para os ind\u00edgenas no primeiro dia da da feira. Os artes\u00e3os reclamaram para a Funai que gostariam de um espa\u00e7o com mais visibilidade no pr\u00f3prio Edif\u00edcio Parque Cidade Corporate.<\/p>\n<p>A artes\u00e3 Jacy Patax\u00f3, de 50 anos, afirma que as pe\u00e7as est\u00e3o expostas em um corredor onde h\u00e1 pouca movimenta\u00e7\u00e3o de visitantes e que \u00e9 preciso fazer um ajuste. \u201cA gente depende das vendas. Queremos um lugar mais vis\u00edvel\u201d.<\/p>\n<p><strong>Servi\u00e7o<\/strong><br \/>\nExposi\u00e7\u00e3o de Arte Ind\u00edgena<br \/>\nData: At\u00e9 9 de agosto<br \/>\nSegunda a sexta-feira, das 9h \u00e0s 18h.<br \/>\nSetor Comercial Sul, Quadra 9<br \/>\nEdif\u00edcio Parque Cidade Corporate &#8211; Torre B<\/p>\n","protected":false},"excerpt":{"rendered":"<p>No pesco\u00e7o da artes\u00e3 ind\u00edgena Airy Gavi\u00e3o, de 68 anos, o colar com o muiraquit\u00e3 (pequena pedra em forma de r\u00e3) significa muito mais do que um adere\u00e7o que ela produz. \u201c\u00c9 o amuleto das mulheres guerreiras. Isso tem um significado muito forte para mim\u201d. T\u00e3o forte que faz lembrar quando, aos 18 anos, decidiu [&hellip;]<\/p>\n","protected":false},"author":2,"featured_media":333745,"comment_status":"closed","ping_status":"closed","sticky":false,"template":"","format":"standard","meta":{"_acf_changed":false,"footnotes":""},"categories":[161],"tags":[],"class_list":["post-333744","post","type-post","status-publish","format-standard","has-post-thumbnail","hentry","category-quadradinho-em-foco"],"acf":[],"_links":{"self":[{"href":"https:\/\/www.notibras.com\/site\/wp-json\/wp\/v2\/posts\/333744","targetHints":{"allow":["GET"]}}],"collection":[{"href":"https:\/\/www.notibras.com\/site\/wp-json\/wp\/v2\/posts"}],"about":[{"href":"https:\/\/www.notibras.com\/site\/wp-json\/wp\/v2\/types\/post"}],"author":[{"embeddable":true,"href":"https:\/\/www.notibras.com\/site\/wp-json\/wp\/v2\/users\/2"}],"replies":[{"embeddable":true,"href":"https:\/\/www.notibras.com\/site\/wp-json\/wp\/v2\/comments?post=333744"}],"version-history":[{"count":1,"href":"https:\/\/www.notibras.com\/site\/wp-json\/wp\/v2\/posts\/333744\/revisions"}],"predecessor-version":[{"id":333746,"href":"https:\/\/www.notibras.com\/site\/wp-json\/wp\/v2\/posts\/333744\/revisions\/333746"}],"wp:featuredmedia":[{"embeddable":true,"href":"https:\/\/www.notibras.com\/site\/wp-json\/wp\/v2\/media\/333745"}],"wp:attachment":[{"href":"https:\/\/www.notibras.com\/site\/wp-json\/wp\/v2\/media?parent=333744"}],"wp:term":[{"taxonomy":"category","embeddable":true,"href":"https:\/\/www.notibras.com\/site\/wp-json\/wp\/v2\/categories?post=333744"},{"taxonomy":"post_tag","embeddable":true,"href":"https:\/\/www.notibras.com\/site\/wp-json\/wp\/v2\/tags?post=333744"}],"curies":[{"name":"wp","href":"https:\/\/api.w.org\/{rel}","templated":true}]}}