{"id":333754,"date":"2024-08-02T00:09:57","date_gmt":"2024-08-02T03:09:57","guid":{"rendered":"https:\/\/www.notibras.com\/site\/?p=333754"},"modified":"2024-08-02T07:02:00","modified_gmt":"2024-08-02T10:02:00","slug":"governo-federal-vai-incorporar-acao-do-piaui-contra-roubo-de-celular","status":"publish","type":"post","link":"https:\/\/www.notibras.com\/site\/governo-federal-vai-incorporar-acao-do-piaui-contra-roubo-de-celular\/","title":{"rendered":"Governo federal vai incorporar a\u00e7\u00e3o do Piau\u00ed contra roubo de celular"},"content":{"rendered":"<p>O Minist\u00e9rio da Justi\u00e7a e Seguran\u00e7a P\u00fablica vai encampar uma iniciativa do governo do Piau\u00ed que vem contribuindo para reduzir expressivamente o roubo e furto de aparelhos celulares no estado. A medida foi oficializada com a assinatura de um protocolo de inten\u00e7\u00f5es entre o minist\u00e9rio e o governo estadual.<\/p>\n<p>O governo piauiense lan\u00e7ou o aplicativo Protege Celular em fevereiro de 2020 \u2013 mais de tr\u00eas anos antes do Minist\u00e9rio da Justi\u00e7a e Seguran\u00e7a P\u00fablica disponibilizar um programa semelhante, o Celular Seguro. O projeto estadual foi sendo aperfei\u00e7oado, culminando no CellGuard, que consiste na cria\u00e7\u00e3o de um banco de dados com o n\u00famero de identifica\u00e7\u00e3o (Imei) de todos os aparelhos cadastrados pelos propriet\u00e1rios, al\u00e9m de um aplicativo que permite o rastreamento dos telefones.<\/p>\n<p>A principal diferen\u00e7a entre a plataforma federal (Celular Seguro) e a piauiense (Protege Celular) \u00e9 que, a primeira foi desenhada para, em caso de furto, roubo ou extravio, bloquear tanto a linha telef\u00f4nica e o acesso a servi\u00e7os financeiros, como o pr\u00f3prio aparelho, transformando-o em \u201cum peda\u00e7o de metal in\u00fatil\u201d, enquanto a plataforma estadual oferece ao dono do telefone a op\u00e7\u00e3o de preservar a integridade do aparelho, desde que este esteja cadastrado no aplicativo.<\/p>\n<p>Desta forma, quando o aparelho volta a ser ligado, mesmo que com outro chip, \u00e9 identificado por meio de seu n\u00famero de identifica\u00e7\u00e3o. A partir da\u00ed, a operadora de telefonia passa a enviar mensagens ao aparelho, alertando seu portador que o produto \u00e9 fruto de roubo ou furto e deve ser devolvido em uma delegacia, sob risco de seu portador sofrer as san\u00e7\u00f5es legais.<\/p>\n<p>\u201cA maioria das pessoas que recebem a mensagem informando que o celular \u00e9 roubado o devolve. E a pol\u00edcia vai atr\u00e1s dos que n\u00e3o s\u00e3o devolvidos\u201d, comentou o governador do Piau\u00ed, Rafael Fonteles, durante o evento desta manh\u00e3.<\/p>\n<p><strong>Resultados<\/strong><br \/>\nSegundo o governo estadual, a \u00eanfase no rastreamento, recupera\u00e7\u00e3o e devolu\u00e7\u00e3o dos aparelhos aos seus donos leg\u00edtimos motivou a entrega volunt\u00e1ria de 8 mil aparelhos \u00e0s autoridades policiais s\u00f3 nos primeiros seis meses deste ano. Al\u00e9m disso, houve uma redu\u00e7\u00e3o de 38% no n\u00famero de ocorr\u00eancias em compara\u00e7\u00e3o ao primeiro semestre de 2023. Durante todo o ano passado, foram emitidas 5.895 intima\u00e7\u00f5es de devolu\u00e7\u00f5es, o que resultou na recupera\u00e7\u00e3o de 3,5 mil aparelhos. Sessenta e quatro lojas f\u00edsicas e virtuais foram interditadas e 20 pessoas foram presas.<\/p>\n<p>\u201cAl\u00e9m disso, as pessoas foram mais encorajadas a registrar boletins de ocorr\u00eancia\u201d, acrescentou o governador, destacando que, como o aparelho n\u00e3o \u00e9 inutilizado e pode ser facilmente rastreado se estiver cadastrado na plataforma, as v\u00edtimas se motivam a dar queixa do crime, na expectativa de reaver o bem perdido. \u201cE mesmo assim, houve uma enorme redu\u00e7\u00e3o dos crimes\u201d.<\/p>\n<p>Nos \u00faltimos meses, a efic\u00e1cia do projeto atraiu a aten\u00e7\u00e3o de outras unidades federativas. Segundo o governo estadual, em junho, representantes de 11 estados estiveram em Teresina a fim de conhecer o programa Cell Guard, totalizando 18 unidades interessadas no protocolo piauiense que o governo federal est\u00e1 incorporando para \u201campliar as funcionalidades do Programa Celular Seguro\u201d.<\/p>\n<p>Ao assinar o protocolo de inten\u00e7\u00e3o de desenvolvimento do protocolo nacional de recupera\u00e7\u00e3o de celulares, o ministro da Justi\u00e7a e Seguran\u00e7a P\u00fablica, Ricardo Lewandowski, declarou que a experi\u00eancia de sucesso do Piau\u00ed \u00e9 uma \u201cimportante li\u00e7\u00e3o\u201d. \u201c\u00c9 uma experi\u00eancia important\u00edssima que, com muito respeito, vamos aproveitar e tentar disseminar no Brasil como um todo. Uma experi\u00eancia que estamos aprofundando no sentido de valorizar a coopera\u00e7\u00e3o e o di\u00e1logo\u2019.<\/p>\n<p>Al\u00e9m de assinar o protocolo de inten\u00e7\u00f5es, o Minist\u00e9rio da Justi\u00e7a e Seguran\u00e7a P\u00fablica tamb\u00e9m instituiu um grupo de trabalho encarregado de, a partir da experi\u00eancia piauiense, elaborar o Protocolo Nacional de Recupera\u00e7\u00e3o de Celulares. O grupo ter\u00e1 90 dias para concluir o trabalho, ampliando as funcionalidades do Programa Celular Seguro.<\/p>\n","protected":false},"excerpt":{"rendered":"<p>O Minist\u00e9rio da Justi\u00e7a e Seguran\u00e7a P\u00fablica vai encampar uma iniciativa do governo do Piau\u00ed que vem contribuindo para reduzir expressivamente o roubo e furto de aparelhos celulares no estado. A medida foi oficializada com a assinatura de um protocolo de inten\u00e7\u00f5es entre o minist\u00e9rio e o governo estadual. O governo piauiense lan\u00e7ou o aplicativo [&hellip;]<\/p>\n","protected":false},"author":2,"featured_media":333755,"comment_status":"closed","ping_status":"closed","sticky":false,"template":"","format":"standard","meta":{"_acf_changed":false,"footnotes":""},"categories":[165],"tags":[],"class_list":["post-333754","post","type-post","status-publish","format-standard","has-post-thumbnail","hentry","category-nordeste"],"acf":[],"_links":{"self":[{"href":"https:\/\/www.notibras.com\/site\/wp-json\/wp\/v2\/posts\/333754","targetHints":{"allow":["GET"]}}],"collection":[{"href":"https:\/\/www.notibras.com\/site\/wp-json\/wp\/v2\/posts"}],"about":[{"href":"https:\/\/www.notibras.com\/site\/wp-json\/wp\/v2\/types\/post"}],"author":[{"embeddable":true,"href":"https:\/\/www.notibras.com\/site\/wp-json\/wp\/v2\/users\/2"}],"replies":[{"embeddable":true,"href":"https:\/\/www.notibras.com\/site\/wp-json\/wp\/v2\/comments?post=333754"}],"version-history":[{"count":1,"href":"https:\/\/www.notibras.com\/site\/wp-json\/wp\/v2\/posts\/333754\/revisions"}],"predecessor-version":[{"id":333756,"href":"https:\/\/www.notibras.com\/site\/wp-json\/wp\/v2\/posts\/333754\/revisions\/333756"}],"wp:featuredmedia":[{"embeddable":true,"href":"https:\/\/www.notibras.com\/site\/wp-json\/wp\/v2\/media\/333755"}],"wp:attachment":[{"href":"https:\/\/www.notibras.com\/site\/wp-json\/wp\/v2\/media?parent=333754"}],"wp:term":[{"taxonomy":"category","embeddable":true,"href":"https:\/\/www.notibras.com\/site\/wp-json\/wp\/v2\/categories?post=333754"},{"taxonomy":"post_tag","embeddable":true,"href":"https:\/\/www.notibras.com\/site\/wp-json\/wp\/v2\/tags?post=333754"}],"curies":[{"name":"wp","href":"https:\/\/api.w.org\/{rel}","templated":true}]}}