{"id":333757,"date":"2024-08-02T00:00:19","date_gmt":"2024-08-02T03:00:19","guid":{"rendered":"https:\/\/www.notibras.com\/site\/?p=333757"},"modified":"2024-08-02T07:21:03","modified_gmt":"2024-08-02T10:21:03","slug":"mulher-morta-a-facadas-enquanto-fazia-caminhada-em-parque","status":"publish","type":"post","link":"https:\/\/www.notibras.com\/site\/mulher-morta-a-facadas-enquanto-fazia-caminhada-em-parque\/","title":{"rendered":"Mulher morta a facadas enquanto fazia caminhada em parque"},"content":{"rendered":"<p>Uma mulher foi brutalmente assassinada a facadas aa quarta-feira, 1, enquanto realizava sua caminhada em Bom Jesus da Lapa, na Bahia. Segundo informa\u00e7\u00f5es das autoridades locais, um homem foi preso em flagrante, sendo o principal suspeito de matar Paula Eremita de Souza, de 58 anos.<\/p>\n<p>O tr\u00e1gico incidente ocorreu em uma \u00e1rea tranquila, chocando os moradores da regi\u00e3o. A v\u00edtima estava fazendo sua rotina de exerc\u00edcios quando foi abordada e atacada pelo agressor. Seu nome n\u00e3o foi revelado pela pol\u00edcia.<\/p>\n<p>Testemunhas relataram que ouviram gritos e, ao se aproximarem, encontraram a mulher ca\u00edda no ch\u00e3o, j\u00e1 sem vida. A pol\u00edcia foi acionada imediatamente e conseguiu prender o suspeito nas proximidades do local do crime.<\/p>\n<p>As investiga\u00e7\u00f5es preliminares indicam que o crime pode ter sido premeditado, mas a motiva\u00e7\u00e3o ainda n\u00e3o foi esclarecida. O suspeito est\u00e1 sendo interrogado e a pol\u00edcia continua a buscar mais informa\u00e7\u00f5es para esclarecer os detalhes do ocorrido.<\/p>\n<p>A comunidade de Bom Jesus da Lapa est\u00e1 em luto e exige justi\u00e7a para a v\u00edtima. Este caso serve como um lembrete da import\u00e2ncia de medidas de seguran\u00e7a e vigil\u00e2ncia comunit\u00e1ria para prevenir tais trag\u00e9dias.<\/p>\n","protected":false},"excerpt":{"rendered":"<p>Uma mulher foi brutalmente assassinada a facadas aa quarta-feira, 1, enquanto realizava sua caminhada em Bom Jesus da Lapa, na Bahia. Segundo informa\u00e7\u00f5es das autoridades locais, um homem foi preso em flagrante, sendo o principal suspeito de matar Paula Eremita de Souza, de 58 anos. O tr\u00e1gico incidente ocorreu em uma \u00e1rea tranquila, chocando os [&hellip;]<\/p>\n","protected":false},"author":2,"featured_media":128127,"comment_status":"closed","ping_status":"closed","sticky":false,"template":"","format":"standard","meta":{"_acf_changed":false,"footnotes":""},"categories":[165],"tags":[],"class_list":["post-333757","post","type-post","status-publish","format-standard","has-post-thumbnail","hentry","category-nordeste"],"acf":[],"_links":{"self":[{"href":"https:\/\/www.notibras.com\/site\/wp-json\/wp\/v2\/posts\/333757","targetHints":{"allow":["GET"]}}],"collection":[{"href":"https:\/\/www.notibras.com\/site\/wp-json\/wp\/v2\/posts"}],"about":[{"href":"https:\/\/www.notibras.com\/site\/wp-json\/wp\/v2\/types\/post"}],"author":[{"embeddable":true,"href":"https:\/\/www.notibras.com\/site\/wp-json\/wp\/v2\/users\/2"}],"replies":[{"embeddable":true,"href":"https:\/\/www.notibras.com\/site\/wp-json\/wp\/v2\/comments?post=333757"}],"version-history":[{"count":1,"href":"https:\/\/www.notibras.com\/site\/wp-json\/wp\/v2\/posts\/333757\/revisions"}],"predecessor-version":[{"id":333758,"href":"https:\/\/www.notibras.com\/site\/wp-json\/wp\/v2\/posts\/333757\/revisions\/333758"}],"wp:featuredmedia":[{"embeddable":true,"href":"https:\/\/www.notibras.com\/site\/wp-json\/wp\/v2\/media\/128127"}],"wp:attachment":[{"href":"https:\/\/www.notibras.com\/site\/wp-json\/wp\/v2\/media?parent=333757"}],"wp:term":[{"taxonomy":"category","embeddable":true,"href":"https:\/\/www.notibras.com\/site\/wp-json\/wp\/v2\/categories?post=333757"},{"taxonomy":"post_tag","embeddable":true,"href":"https:\/\/www.notibras.com\/site\/wp-json\/wp\/v2\/tags?post=333757"}],"curies":[{"name":"wp","href":"https:\/\/api.w.org\/{rel}","templated":true}]}}